{"id":20898,"date":"2025-09-26T10:33:09","date_gmt":"2025-09-26T14:33:09","guid":{"rendered":"https:\/\/agromt.news\/?p=20898"},"modified":"2025-09-26T10:33:09","modified_gmt":"2025-09-26T14:33:09","slug":"safra-2025-26-de-algodao-deve-ter-queda-de-7","status":"publish","type":"post","link":"https:\/\/agromt.news\/?p=20898","title":{"rendered":"Safra 2025\/26 de algod\u00e3o deve ter queda de 7%"},"content":{"rendered":"<p> <br \/>\n<br \/><img decoding=\"async\" src=\"https:\/\/agromt.news\/wp-content\/uploads\/2025\/09\/Safra-202526-de-algodao-deve-ter-queda-de-7.jpg\" \/><\/p>\n<div>\n<p>A produ\u00e7\u00e3o brasileira de algod\u00e3o deve somar 3,72 milh\u00f5es de toneladas na safra 2025\/26, queda de 7% em rela\u00e7\u00e3o ao ciclo anterior que registrou 4 milh\u00f5es de toneladas, de acordo com proje\u00e7\u00f5es da StoneX. Segundo o relat\u00f3rio da empresa global de servi\u00e7os financeiros, a redu\u00e7\u00e3o reflete, principalmente, o recuo de cerca de 75 mil hectares, chegando a 1,44 milh\u00e3o de hectares de \u00e1rea plantada.<\/p>\n<p>O Mato Grosso segue como o maior produtor do pa\u00eds, com expectativa de produ\u00e7\u00e3o de 2,6 milh\u00f5es de toneladas de pluma, apesar da diminui\u00e7\u00e3o da \u00e1rea. Na Bahia, segunda principal regi\u00e3o produtora, a produ\u00e7\u00e3o estimada \u00e9 de 777 mil toneladas. Juntos, os dois estados responder\u00e3o por mais de 90% da oferta nacional.<\/p>\n<p>De acordo com o levantamento, a perspectiva para o plantio \u00e9 favorecida pelo avan\u00e7o das chuvas no Mato Grosso, que deve garantir uma janela adequada para a soja e, consequentemente, para o algod\u00e3o de segunda safra.<\/p>\n<p>Para Raphael Bulascoschi, analista de Intelig\u00eancia de Mercado da StoneX, o cen\u00e1rio refor\u00e7a o peso do clima e das margens na defini\u00e7\u00e3o da pr\u00f3xima safra.<\/p>\n<p>\u201cEmbora a perspectiva de chuvas no Centro-Oeste seja positiva para o plantio, a redu\u00e7\u00e3o de \u00e1rea sinaliza a necessidade de maior racionaliza\u00e7\u00e3o por parte do produtor. O algod\u00e3o continua competitivo no mercado internacional, mas o setor deve enfrentar margens mais apertadas, o que torna essencial uma gest\u00e3o eficiente de custos e comercializa\u00e7\u00e3o\u201d, avalia.<\/p>\n<p>A StoneX tamb\u00e9m revisou sua proje\u00e7\u00e3o para as exporta\u00e7\u00f5es neste ano atual, estimadas agora em 2,95 milh\u00f5es de toneladas. <\/p>\n<p>\u201cPor mais que tenhamos visto um ritmo mais lento nos \u00faltimos meses, temos a expectativa de uma atividade maior no quarto trimestre do ano\u201d disse Bulascoschi. <\/p>\n<p>O consumo dom\u00e9stico na safra 2024\/25 tamb\u00e9m foi revisado positivamente para 700 mil toneladas, com fia\u00e7\u00f5es aproveitando o momento de pre\u00e7os mais baixos para intensificar suas aquisi\u00e7\u00f5es de algod\u00e3o no mercado local.<\/p>\n<\/p><\/div>\n<p><br \/>\n<br \/><a href=\"https:\/\/www.canalrural.com.br\/agricultura\/algodao\/safra-2025-26-de-algodao-deve-ter-queda-de-7\/\">Source link <\/a><\/p>\n","protected":false},"excerpt":{"rendered":"<p>A produ\u00e7\u00e3o brasileira de algod\u00e3o deve somar 3,72 milh\u00f5es de toneladas na safra 2025\/26, queda de 7% em rela\u00e7\u00e3o ao<\/p>\n","protected":false},"author":1,"featured_media":19618,"comment_status":"open","ping_status":"open","sticky":false,"template":"","format":"standard","meta":{"_monsterinsights_skip_tracking":false,"_monsterinsights_sitenote_active":false,"_monsterinsights_sitenote_note":"","_monsterinsights_sitenote_category":0,"_uf_show_specific_survey":0,"_uf_disable_surveys":false,"footnotes":""},"categories":[1],"tags":[],"class_list":["post-20898","post","type-post","status-publish","format-standard","has-post-thumbnail","hentry","category-news"],"_links":{"self":[{"href":"https:\/\/agromt.news\/index.php?rest_route=\/wp\/v2\/posts\/20898"}],"collection":[{"href":"https:\/\/agromt.news\/index.php?rest_route=\/wp\/v2\/posts"}],"about":[{"href":"https:\/\/agromt.news\/index.php?rest_route=\/wp\/v2\/types\/post"}],"author":[{"embeddable":true,"href":"https:\/\/agromt.news\/index.php?rest_route=\/wp\/v2\/users\/1"}],"replies":[{"embeddable":true,"href":"https:\/\/agromt.news\/index.php?rest_route=%2Fwp%2Fv2%2Fcomments&post=20898"}],"version-history":[{"count":0,"href":"https:\/\/agromt.news\/index.php?rest_route=\/wp\/v2\/posts\/20898\/revisions"}],"wp:featuredmedia":[{"embeddable":true,"href":"https:\/\/agromt.news\/index.php?rest_route=\/wp\/v2\/media\/19618"}],"wp:attachment":[{"href":"https:\/\/agromt.news\/index.php?rest_route=%2Fwp%2Fv2%2Fmedia&parent=20898"}],"wp:term":[{"taxonomy":"category","embeddable":true,"href":"https:\/\/agromt.news\/index.php?rest_route=%2Fwp%2Fv2%2Fcategories&post=20898"},{"taxonomy":"post_tag","embeddable":true,"href":"https:\/\/agromt.news\/index.php?rest_route=%2Fwp%2Fv2%2Ftags&post=20898"}],"curies":[{"name":"wp","href":"https:\/\/api.w.org\/{rel}","templated":true}]}}