{"id":20857,"date":"2025-09-25T17:41:19","date_gmt":"2025-09-25T21:41:19","guid":{"rendered":"https:\/\/agromt.news\/?p=20857"},"modified":"2025-09-25T17:41:19","modified_gmt":"2025-09-25T21:41:19","slug":"anec-revisa-projecoes-e-reduz-embarques-de-soja-e-farelo-embarques-de-milho-crescem","status":"publish","type":"post","link":"https:\/\/agromt.news\/?p=20857","title":{"rendered":"Anec revisa proje\u00e7\u00f5es e reduz embarques de soja e farelo; embarques de milho crescem"},"content":{"rendered":"<p> <br \/>\n<br \/><img decoding=\"async\" src=\"https:\/\/agromt.news\/wp-content\/uploads\/2025\/03\/Empresa-abre-900-vagas-para-auditores-agricolas-em-quatro-estados.jpg\" \/><\/p>\n<div>\n<p>A <a href=\"https:\/\/anec.com.br\/\">Associa\u00e7\u00e3o Nacional dos Exportadores de Cereais<\/a> (Anec) ajustou para baixo as estimativas de exporta\u00e7\u00e3o de soja em gr\u00e3o e de farelo de soja. Al\u00e9m disso, diferente da \u00faltima semana, a associa\u00e7\u00e3o elevou as proje\u00e7\u00f5es para os embarques de milho em setembro.<\/p>\n<ul class=\"wp-block-list\">\n<li><strong><em>Fique por dentro das novidades e not\u00edcias recentes sobre a soja! Participe da nossa comunidade atrav\u00e9s do\u00a0<a href=\"https:\/\/chat.whatsapp.com\/BmMRwA0TZ2DHGyhzoaVEWu\">link<\/a>! \ud83c\udf31<\/em><\/strong><\/li>\n<\/ul>\n<h3 class=\"wp-block-heading\" id=\"h-soja-em-grao\">Soja em gr\u00e3o <\/h3>\n<p>Para a soja em gr\u00e3o, a proje\u00e7\u00e3o passou de um intervalo entre 7,2 milh\u00f5es e 7,85 milh\u00f5es de toneladas para 7,15 milh\u00f5es de toneladas. O volume continua abaixo dos 8,12 milh\u00f5es de toneladas embarcadas em agosto deste ano. Em setembro de 2024, os embarques haviam somado 5,161 milh\u00f5es de toneladas.<\/p>\n<h3 class=\"wp-block-heading\" id=\"h-farelo-de-soja\">Farelo de soja <\/h3>\n<p>No caso do farelo de soja, a estimativa recuou de 2,18 milh\u00f5es para 2,09 milh\u00f5es de toneladas, uma queda de 4,13% em rela\u00e7\u00e3o \u00e0 semana anterior. Em agosto, os embarques totalizaram 1,97 milh\u00e3o de toneladas, enquanto em setembro de 2024 os n\u00fameros somaram 1,62 milh\u00e3o de toneladas.<\/p>\n<h3 class=\"wp-block-heading\" id=\"h-milho\">Milho<\/h3>\n<p>Para o milho, a Anec passou a prever embarques entre 7,2 milh\u00f5es e 8,01 milh\u00f5es de toneladas, acima da estimativa anterior, que variava de 6,20 milh\u00f5es a 8,03 milh\u00f5es de toneladas. Em agosto, as exporta\u00e7\u00f5es do cereal alcan\u00e7aram 7,311 milh\u00f5es de toneladas, enquanto em setembro de 2024 foram 6,56 milh\u00f5es de toneladas.<\/p>\n<h3 class=\"wp-block-heading\" id=\"h-portos\">Portos <\/h3>\n<p>O line-up dos portos para a semana de 21 a 27 de setembro aponta embarques de 1,54 milh\u00e3o de toneladas de soja, redu\u00e7\u00e3o de 10,98% em rela\u00e7\u00e3o \u00e0 semana anterior, com cargas concentradas principalmente nos portos de Santos, Rio Grande, S\u00e3o Lu\u00eds\/Itaqui e Paranagu\u00e1. <\/p>\n<p>Para o milho, est\u00e3o programadas 2,187 milh\u00f5es de toneladas, alta de 10,62% sobre a semana anterior, com destaque para os portos de Santos, Barcarena, Paranagu\u00e1 e S\u00e3o Lu\u00eds\/Itaqui. <\/p>\n<p>No caso do farelo de soja, devem ser embarcadas 526,312 mil toneladas, queda de 10,63% em rela\u00e7\u00e3o \u00e0 semana anterior, concentradas nos portos de Santos, Paranagu\u00e1 e Rio Grande.<\/p>\n<h3 class=\"wp-block-heading\" id=\"h-janeiro-a-setembro\">Janeiro a setembro <\/h3>\n<p>Considerando o acumulado de janeiro a setembro, o Brasil deve alcan\u00e7ar 95,034 milh\u00f5es de toneladas de soja exportada, 17,417 milh\u00f5es de toneladas de farelo de soja e entre 24,141 e 24,955 milh\u00f5es de toneladas de milho. O total de exporta\u00e7\u00f5es do complexo soja, farelo, milho e trigo pode variar entre 138,065 milh\u00f5es e 138,879 milh\u00f5es de toneladas no per\u00edodo.<\/p>\n<p>Para setembro, o volume total deve ficar entre 16,451 milh\u00f5es e 17,265 milh\u00f5es de toneladas, acima das 13,35 milh\u00f5es de toneladas do complexo soja registradas no mesmo m\u00eas de 2024.<\/p>\n<\/p><\/div>\n<p><br \/>\n<br \/><a href=\"https:\/\/www.canalrural.com.br\/agricultura\/agronegocio\/anec-reduz-projecao-de-embarque-de-soja-e-de-farelo-e-eleva-a-de-milho\/\">Source link <\/a><\/p>\n","protected":false},"excerpt":{"rendered":"<p>A Associa\u00e7\u00e3o Nacional dos Exportadores de Cereais (Anec) ajustou para baixo as estimativas de exporta\u00e7\u00e3o de soja em gr\u00e3o e<\/p>\n","protected":false},"author":1,"featured_media":11672,"comment_status":"open","ping_status":"open","sticky":false,"template":"","format":"standard","meta":{"_monsterinsights_skip_tracking":false,"_monsterinsights_sitenote_active":false,"_monsterinsights_sitenote_note":"","_monsterinsights_sitenote_category":0,"_uf_show_specific_survey":0,"_uf_disable_surveys":false,"footnotes":""},"categories":[1],"tags":[],"class_list":["post-20857","post","type-post","status-publish","format-standard","has-post-thumbnail","hentry","category-news"],"_links":{"self":[{"href":"https:\/\/agromt.news\/index.php?rest_route=\/wp\/v2\/posts\/20857"}],"collection":[{"href":"https:\/\/agromt.news\/index.php?rest_route=\/wp\/v2\/posts"}],"about":[{"href":"https:\/\/agromt.news\/index.php?rest_route=\/wp\/v2\/types\/post"}],"author":[{"embeddable":true,"href":"https:\/\/agromt.news\/index.php?rest_route=\/wp\/v2\/users\/1"}],"replies":[{"embeddable":true,"href":"https:\/\/agromt.news\/index.php?rest_route=%2Fwp%2Fv2%2Fcomments&post=20857"}],"version-history":[{"count":0,"href":"https:\/\/agromt.news\/index.php?rest_route=\/wp\/v2\/posts\/20857\/revisions"}],"wp:featuredmedia":[{"embeddable":true,"href":"https:\/\/agromt.news\/index.php?rest_route=\/wp\/v2\/media\/11672"}],"wp:attachment":[{"href":"https:\/\/agromt.news\/index.php?rest_route=%2Fwp%2Fv2%2Fmedia&parent=20857"}],"wp:term":[{"taxonomy":"category","embeddable":true,"href":"https:\/\/agromt.news\/index.php?rest_route=%2Fwp%2Fv2%2Fcategories&post=20857"},{"taxonomy":"post_tag","embeddable":true,"href":"https:\/\/agromt.news\/index.php?rest_route=%2Fwp%2Fv2%2Ftags&post=20857"}],"curies":[{"name":"wp","href":"https:\/\/api.w.org\/{rel}","templated":true}]}}