{"id":20854,"date":"2025-09-25T16:44:48","date_gmt":"2025-09-25T20:44:48","guid":{"rendered":"https:\/\/agromt.news\/?p=20854"},"modified":"2025-09-25T16:44:48","modified_gmt":"2025-09-25T20:44:48","slug":"camara-aprova-belem-como-capital-nacional-simbolica-durante-cop30","status":"publish","type":"post","link":"https:\/\/agromt.news\/?p=20854","title":{"rendered":"C\u00e2mara aprova Bel\u00e9m como capital nacional simb\u00f3lica durante COP30"},"content":{"rendered":"<p> <br \/>\n<br \/><img decoding=\"async\" src=\"https:\/\/agromt.news\/wp-content\/uploads\/2025\/09\/Camara-aprova-Belem-como-capital-nacional-simbolica-durante-COP30.jpg\" \/><\/p>\n<div>\n<p>A C\u00e2mara dos Deputados aprovou, nesta quinta-feira (25), a transfer\u00eancia simb\u00f3lica da capital do Brasil para Bel\u00e9m (PA) durante a 30\u00aa Confer\u00eancia da <a href=\"https:\/\/www.canalrural.com.br\/tag\/onu\/\">ONU<\/a> sobre Mudan\u00e7a do Clima (COP30). A medida valer\u00e1 de 11 a 21 de novembro e agora segue para an\u00e1lise do Senado.<\/p>\n<p>A vota\u00e7\u00e3o teve 304 votos a favor e 64 contr\u00e1rios. Al\u00e9m disso, de acordo com o texto aprovado, caber\u00e1 ao Executivo regulamentar a lei, estabelecendo as medidas administrativas e log\u00edsticas necess\u00e1rias para a transfer\u00eancia tempor\u00e1ria da sede do governo federal.<\/p>\n<h3 class=\"wp-block-heading\" id=\"h-decisao-e-justificativas\">Decis\u00e3o e justificativas<\/h3>\n<p>De autoria da deputada Duda Salabert (PDT-MG), o projeto prev\u00ea que os atos do Executivo, Legislativo e Judici\u00e1rio sejam datados em Bel\u00e9m no per\u00edodo da COP30. A parlamentar defendeu que a mudan\u00e7a refor\u00e7a o compromisso do Brasil com o debate ambiental e aproxima autoridades nacionais e estrangeiras.<\/p>\n<p>O relator da proposta, deputado Jos\u00e9 Priante (MDB-PA), destacou que a medida n\u00e3o \u00e9 in\u00e9dita. Isso porque, em 1992, durante a Eco-92 no Rio de Janeiro, a capital federal tamb\u00e9m foi transferida de forma simb\u00f3lica. Para ele, portanto, a decis\u00e3o valoriza a Amaz\u00f4nia como palco central das discuss\u00f5es clim\u00e1ticas globais.<\/p>\n<p>No entanto, apenas o partido Novo e a lideran\u00e7a da oposi\u00e7\u00e3o se posicionaram contra. Segundo o deputado Luiz Lima (Novo-RJ), a mudan\u00e7a envolve custos adicionais com aluguel de ve\u00edculos, espa\u00e7os e sistemas de tecnologia da informa\u00e7\u00e3o.<\/p>\n<\/p><\/div>\n<p><br \/>\n<br \/><a href=\"https:\/\/www.canalrural.com.br\/cop30\/camara-aprova-belem-como-capital-simbolica-durante-a-cop30\/\">Source link <\/a><\/p>\n","protected":false},"excerpt":{"rendered":"<p>A C\u00e2mara dos Deputados aprovou, nesta quinta-feira (25), a transfer\u00eancia simb\u00f3lica da capital do Brasil para Bel\u00e9m (PA) durante a<\/p>\n","protected":false},"author":1,"featured_media":20855,"comment_status":"open","ping_status":"open","sticky":false,"template":"","format":"standard","meta":{"_monsterinsights_skip_tracking":false,"_monsterinsights_sitenote_active":false,"_monsterinsights_sitenote_note":"","_monsterinsights_sitenote_category":0,"_uf_show_specific_survey":0,"_uf_disable_surveys":false,"footnotes":""},"categories":[1],"tags":[],"class_list":["post-20854","post","type-post","status-publish","format-standard","has-post-thumbnail","hentry","category-news"],"_links":{"self":[{"href":"https:\/\/agromt.news\/index.php?rest_route=\/wp\/v2\/posts\/20854"}],"collection":[{"href":"https:\/\/agromt.news\/index.php?rest_route=\/wp\/v2\/posts"}],"about":[{"href":"https:\/\/agromt.news\/index.php?rest_route=\/wp\/v2\/types\/post"}],"author":[{"embeddable":true,"href":"https:\/\/agromt.news\/index.php?rest_route=\/wp\/v2\/users\/1"}],"replies":[{"embeddable":true,"href":"https:\/\/agromt.news\/index.php?rest_route=%2Fwp%2Fv2%2Fcomments&post=20854"}],"version-history":[{"count":0,"href":"https:\/\/agromt.news\/index.php?rest_route=\/wp\/v2\/posts\/20854\/revisions"}],"wp:featuredmedia":[{"embeddable":true,"href":"https:\/\/agromt.news\/index.php?rest_route=\/wp\/v2\/media\/20855"}],"wp:attachment":[{"href":"https:\/\/agromt.news\/index.php?rest_route=%2Fwp%2Fv2%2Fmedia&parent=20854"}],"wp:term":[{"taxonomy":"category","embeddable":true,"href":"https:\/\/agromt.news\/index.php?rest_route=%2Fwp%2Fv2%2Fcategories&post=20854"},{"taxonomy":"post_tag","embeddable":true,"href":"https:\/\/agromt.news\/index.php?rest_route=%2Fwp%2Fv2%2Ftags&post=20854"}],"curies":[{"name":"wp","href":"https:\/\/api.w.org\/{rel}","templated":true}]}}