{"id":20852,"date":"2025-09-25T16:30:14","date_gmt":"2025-09-25T20:30:14","guid":{"rendered":"https:\/\/agromt.news\/?p=20852"},"modified":"2025-09-25T16:30:14","modified_gmt":"2025-09-25T20:30:14","slug":"audiencia-discute-fortalecimento-da-vitivinicultura-nacional","status":"publish","type":"post","link":"https:\/\/agromt.news\/?p=20852","title":{"rendered":"Audi\u00eancia discute fortalecimento da vitivinicultura nacional"},"content":{"rendered":"<p> <br \/>\n<br \/><img decoding=\"async\" src=\"https:\/\/agromt.news\/wp-content\/uploads\/2025\/09\/Audiencia-discute-fortalecimento-da-vitivinicultura-nacional.jpg\" \/><\/p>\n<div>\n<p>Propor medidas estruturantes que fortale\u00e7am a cadeia produtiva da uva e do vinho foi o foco da audi\u00eancia p\u00fablica realizada pela Comiss\u00e3o de Agricultura, Pecu\u00e1ria, Abastecimento e Desenvolvimento Rural da C\u00e2mara dos Deputados na tarde de 23 de setembro, em <a href=\"https:\/\/www.canalrural.com.br\/nacional\/brasilia\/\"><strong>Bras\u00edlia<\/strong><\/a> (DF).<\/p>\n<p>Proposta pelos deputados federais Rafael Sim\u00f5es (Uni\u00e3o\/MG) e Afonso Hamm (PP\/RS), a sess\u00e3o reuniu parlamentares, pesquisadores, lideran\u00e7as de entidades e representantes de vin\u00edcolas de diversas regi\u00f5es do pa\u00eds.<\/p>\n<h2>Papel da pesquisa e inova\u00e7\u00e3o no setor<\/h2>\n<p>Um dos momentos mais marcantes da audi\u00eancia foi a participa\u00e7\u00e3o de Adeliano Cargnin, chefe-geral da Embrapa Uva e Vinho, que recebeu homenagem pela trajet\u00f3ria da institui\u00e7\u00e3o.<\/p>\n<p>Ele ressaltou o papel da pesquisa no desenvolvimento da vitivinicultura. \u201cA pesquisa foi fundamental para a transforma\u00e7\u00e3o da vitivinicultura brasileira\u201d, disse Cargnin, enfatizando a import\u00e2ncia da inova\u00e7\u00e3o e da integra\u00e7\u00e3o com o enoturismo.<\/p>\n<h5 class=\"western\"><span style=\"color: #000000;\"><span style=\"font-family: Arial, sans-serif;\"><span style=\"font-size: x-large;\"><i>Veja em primeira m\u00e3o tudo sobre agricultura, pecu\u00e1ria, economia e previs\u00e3o do tempo:<\/i><\/span><\/span><\/span><a href=\"https:\/\/news.google.com\/publications\/CAAqBwgKMPKZlQswq_mqAw?hl=pt-BR&amp;gl=BR&amp;ceid=BR%3Apt-419\" target=\"_blank\" rel=\"noopener\"><span style=\"color: #1155cc;\"><span style=\"font-family: Arial, Helvetica, sans-serif;\">\u00a0<\/span><\/span><span style=\"color: #1155cc;\"><span style=\"font-family: Arial, sans-serif;\"><span style=\"font-size: x-large;\"><i>siga o Canal Rural no Google News!<\/i><\/span><\/span><\/span><\/a><\/h5>\n<p>O deputado Rodrigo Rollemberg tamb\u00e9m destacou o papel da tecnologia, afirmando que o cerrado brasileiro demonstrou sua capacidade com o vinho de inverno. J\u00e1 o deputado Heitor Schuch enfatizou a import\u00e2ncia de pol\u00edticas voltadas ao pre\u00e7o m\u00ednimo da uva e \u00e0 valoriza\u00e7\u00e3o da agricultura familiar.<\/p>\n<h2>Desafios e oportunidades da vitivinicultura<\/h2>\n<p>Durante as discuss\u00f5es, os participantes apontaram os principais desafios enfrentados pela vitivinicultura brasileira, como a <strong>elevada carga tribut\u00e1ria<\/strong> e a necessidade de<strong> isonomia fiscal<\/strong> entre estados. Por outro lado, tamb\u00e9m foram identificadas oportunidades, como a consolida\u00e7\u00e3o da produ\u00e7\u00e3o brasileira como refer\u00eancia de qualidade.<\/p>\n<p>A audi\u00eancia contou com a presen\u00e7a de diversas autoridades e lideran\u00e7as do setor, incluindo Ricardo Cappelli, presidente da Ag\u00eancia Brasileira de Desenvolvimento Industrial (ABDI), e Daniel Panizzi, presidente da Uni\u00e3o Brasileira de Vitivinicultura (Uvibra). Ao final, os parlamentares se comprometeram a encaminhar as propostas levantadas \u00e0s comiss\u00f5es competentes da C\u00e2mara.<\/p>\n<p><em>Publicado com aux\u00edlio de intelig\u00eancia artificial e revis\u00e3o da Reda\u00e7\u00e3o Canal Rural.<\/em><\/p>\n<\/p><\/div>\n<p><br \/>\n<br \/><a href=\"https:\/\/www.canalrural.com.br\/agricultura\/audiencia-discute-desafios-e-oportunidades-da-vitivinicultura-nacional\/\">Source link <\/a><\/p>\n","protected":false},"excerpt":{"rendered":"<p>Propor medidas estruturantes que fortale\u00e7am a cadeia produtiva da uva e do vinho foi o foco da audi\u00eancia p\u00fablica realizada<\/p>\n","protected":false},"author":1,"featured_media":20853,"comment_status":"open","ping_status":"open","sticky":false,"template":"","format":"standard","meta":{"_monsterinsights_skip_tracking":false,"_monsterinsights_sitenote_active":false,"_monsterinsights_sitenote_note":"","_monsterinsights_sitenote_category":0,"_uf_show_specific_survey":0,"_uf_disable_surveys":false,"footnotes":""},"categories":[1],"tags":[],"class_list":["post-20852","post","type-post","status-publish","format-standard","has-post-thumbnail","hentry","category-news"],"_links":{"self":[{"href":"https:\/\/agromt.news\/index.php?rest_route=\/wp\/v2\/posts\/20852"}],"collection":[{"href":"https:\/\/agromt.news\/index.php?rest_route=\/wp\/v2\/posts"}],"about":[{"href":"https:\/\/agromt.news\/index.php?rest_route=\/wp\/v2\/types\/post"}],"author":[{"embeddable":true,"href":"https:\/\/agromt.news\/index.php?rest_route=\/wp\/v2\/users\/1"}],"replies":[{"embeddable":true,"href":"https:\/\/agromt.news\/index.php?rest_route=%2Fwp%2Fv2%2Fcomments&post=20852"}],"version-history":[{"count":0,"href":"https:\/\/agromt.news\/index.php?rest_route=\/wp\/v2\/posts\/20852\/revisions"}],"wp:featuredmedia":[{"embeddable":true,"href":"https:\/\/agromt.news\/index.php?rest_route=\/wp\/v2\/media\/20853"}],"wp:attachment":[{"href":"https:\/\/agromt.news\/index.php?rest_route=%2Fwp%2Fv2%2Fmedia&parent=20852"}],"wp:term":[{"taxonomy":"category","embeddable":true,"href":"https:\/\/agromt.news\/index.php?rest_route=%2Fwp%2Fv2%2Fcategories&post=20852"},{"taxonomy":"post_tag","embeddable":true,"href":"https:\/\/agromt.news\/index.php?rest_route=%2Fwp%2Fv2%2Ftags&post=20852"}],"curies":[{"name":"wp","href":"https:\/\/api.w.org\/{rel}","templated":true}]}}