{"id":20850,"date":"2025-09-25T16:02:18","date_gmt":"2025-09-25T20:02:18","guid":{"rendered":"https:\/\/agromt.news\/?p=20850"},"modified":"2025-09-25T16:02:18","modified_gmt":"2025-09-25T20:02:18","slug":"ministerio-do-trabalho-assume-gestao-do-seguro-defeso-a-partir-de-outubro","status":"publish","type":"post","link":"https:\/\/agromt.news\/?p=20850","title":{"rendered":"Minist\u00e9rio do Trabalho assume gest\u00e3o do seguro-defeso a partir de outubro"},"content":{"rendered":"<p> <br \/>\n<\/p>\n<div>\n<p>O ministro do <a href=\"https:\/\/www.canalrural.com.br\/tag\/ministerio-do-trabalho-e-emprego\/\">Trabalho e Emprego<\/a>, Luiz Marinho, informou nesta quinta-feira (25) que, a exemplo do seguro-desemprego, a habilita\u00e7\u00e3o para o seguro-defeso (benef\u00edcio concedido a pessoas que sobrevivem exclusivamente da pesca) ficar\u00e1 a cargo de sua pasta a partir de outubro.<img decoding=\"async\" src=\"https:\/\/agromt.news\/wp-content\/uploads\/2025\/09\/Ministerio-do-Trabalho-assume-gestao-do-seguro-defeso-a-partir-de.png\"\/><img decoding=\"async\" src=\"https:\/\/agromt.news\/wp-content\/uploads\/2025\/09\/Ministerio-do-Trabalho-assume-gestao-do-seguro-defeso-a-partir-de.png\"\/><img decoding=\"async\" src=\"https:\/\/agromt.news\/wp-content\/uploads\/2025\/09\/Ministerio-do-Trabalho-assume-gestao-do-seguro-defeso-a-partir-de.gif\"\/><img decoding=\"async\" src=\"https:\/\/agromt.news\/wp-content\/uploads\/2025\/09\/Ministerio-do-Trabalho-assume-gestao-do-seguro-defeso-a-partir-de.gif\"\/><\/p>\n<p>Atualmente, o <a href=\"https:\/\/www.canalrural.com.br\/tag\/ministerio-da-pesca\/\">Minist\u00e9rio da Pesca<\/a> \u00e9 respons\u00e1vel pelo cadastro de pescadores, que inclui tanto os que dependem da atividade para subsist\u00eancia quanto aqueles que a praticam como hobby, como pescadores esportivos, ocasionais e de fim de semana.<\/p>\n<h2 class=\"wp-block-heading\" id=\"h-subsistencia\">Subsist\u00eancia<\/h2>\n<p>O governo federal paga o valor\u00a0de um sal\u00e1rio m\u00ednimo (R$ 1.518) a pescadores que vivem exclusivamente desta atividade, no per\u00edodo de reprodu\u00e7\u00e3o dos peixes, quando a pesca fica proibida.<\/p>\n<p>Esse per\u00edodo \u00e9 definido pelo <a href=\"https:\/\/www.canalrural.com.br\/tag\/ministerio-do-meio-ambiente\/\">Minist\u00e9rio do Meio Ambiente<\/a> e varia conforme a esp\u00e9cie. O objetivo da medida \u00e9\u00a0garantir a preserva\u00e7\u00e3o desses animais.<\/p>\n<h2 class=\"wp-block-heading\" id=\"h-habilitacao\">Habilita\u00e7\u00e3o<\/h2>\n<p>Durante o programa Bom Dia, Ministro, Luiz Marinho afirmou que a mudan\u00e7a de atribui\u00e7\u00f5es para o Minist\u00e9rio do Trabalho est\u00e1 prevista em medida provis\u00f3ria em tramita\u00e7\u00e3o no Congresso Nacional. Segundo ele, a expectativa \u00e9 de que a mat\u00e9ria seja aprovada \u201cem breve\u201d.<\/p>\n<p>\u201cEstamos nos preparando para, a partir de outubro, habilitar os pescadores que t\u00eam direito ao seguro defeso\u201d, apontou o ministro.<\/p>\n<p>Marinho ainda comparou os tr\u00e2mites do seguro-defeso ao do seguro-desemprego: \u201cO trabalhador que fica desempregado e se enquadra nos crit\u00e9rios e \u00e9 habilitado pode receber o seguro-desemprego, tamb\u00e9m pelo Minist\u00e9rio do Trabalho\u201d, explicou.<\/p>\n<p>\u201cVamos ent\u00e3o unificar a habilita\u00e7\u00e3o, tanto para seguro de trabalho como para seguro defeso\u201d, completou.<\/p>\n<h2 class=\"wp-block-heading\" id=\"h-combate-a-irregularidades\">Combate a irregularidades<\/h2>\n<p>Dessa forma, o governo pretende ter melhores condi\u00e7\u00f5es para identificar poss\u00edveis irregularidades que resultariam no pagamento do benef\u00edcio \u00e0queles que n\u00e3o tem direito.<\/p>\n<p>\u201cN\u00e3o se trata, de maneira alguma, de corte de recursos, pelo governo\u201d, garante o ministro.\u00a0<\/p>\n<p>A ideia, segundo ele, \u00e9 a de pegar aqueles que est\u00e3o \u201cusufruindo de uma fragilidade moment\u00e2nea de fiscaliza\u00e7\u00e3o para ter acesso a um seguro que n\u00e3o lhe pertence. Estamos apenas fazendo uma adequa\u00e7\u00e3o\u201d, completou.<\/p>\n<\/p><\/div>\n<p><br \/>\n<br \/><a href=\"https:\/\/www.canalrural.com.br\/agricultura\/ministerio-do-trabalho-assume-gestao-do-seguro-defeso-a-partir-de-outubro\/\">Source link <\/a><\/p>\n","protected":false},"excerpt":{"rendered":"<p>O ministro do Trabalho e Emprego, Luiz Marinho, informou nesta quinta-feira (25) que, a exemplo do seguro-desemprego, a habilita\u00e7\u00e3o para<\/p>\n","protected":false},"author":1,"featured_media":20851,"comment_status":"open","ping_status":"open","sticky":false,"template":"","format":"standard","meta":{"_monsterinsights_skip_tracking":false,"_monsterinsights_sitenote_active":false,"_monsterinsights_sitenote_note":"","_monsterinsights_sitenote_category":0,"_uf_show_specific_survey":0,"_uf_disable_surveys":false,"footnotes":""},"categories":[1],"tags":[],"class_list":["post-20850","post","type-post","status-publish","format-standard","has-post-thumbnail","hentry","category-news"],"_links":{"self":[{"href":"https:\/\/agromt.news\/index.php?rest_route=\/wp\/v2\/posts\/20850"}],"collection":[{"href":"https:\/\/agromt.news\/index.php?rest_route=\/wp\/v2\/posts"}],"about":[{"href":"https:\/\/agromt.news\/index.php?rest_route=\/wp\/v2\/types\/post"}],"author":[{"embeddable":true,"href":"https:\/\/agromt.news\/index.php?rest_route=\/wp\/v2\/users\/1"}],"replies":[{"embeddable":true,"href":"https:\/\/agromt.news\/index.php?rest_route=%2Fwp%2Fv2%2Fcomments&post=20850"}],"version-history":[{"count":0,"href":"https:\/\/agromt.news\/index.php?rest_route=\/wp\/v2\/posts\/20850\/revisions"}],"wp:featuredmedia":[{"embeddable":true,"href":"https:\/\/agromt.news\/index.php?rest_route=\/wp\/v2\/media\/20851"}],"wp:attachment":[{"href":"https:\/\/agromt.news\/index.php?rest_route=%2Fwp%2Fv2%2Fmedia&parent=20850"}],"wp:term":[{"taxonomy":"category","embeddable":true,"href":"https:\/\/agromt.news\/index.php?rest_route=%2Fwp%2Fv2%2Fcategories&post=20850"},{"taxonomy":"post_tag","embeddable":true,"href":"https:\/\/agromt.news\/index.php?rest_route=%2Fwp%2Fv2%2Ftags&post=20850"}],"curies":[{"name":"wp","href":"https:\/\/api.w.org\/{rel}","templated":true}]}}