{"id":20849,"date":"2025-09-25T15:47:54","date_gmt":"2025-09-25T19:47:54","guid":{"rendered":"https:\/\/agromt.news\/?p=20849"},"modified":"2025-09-25T15:47:54","modified_gmt":"2025-09-25T19:47:54","slug":"banco-central-divulga-1a-projecao-para-crescimento-do-pib-de-2026","status":"publish","type":"post","link":"https:\/\/agromt.news\/?p=20849","title":{"rendered":"Banco Central divulga 1\u00aa proje\u00e7\u00e3o para crescimento do PIB de 2026"},"content":{"rendered":"<p> <br \/>\n<br \/><img decoding=\"async\" src=\"https:\/\/agromt.news\/wp-content\/uploads\/2025\/03\/Sobe-e-desce-nos-precos-da-soja-confira-as-cotacoes.jpg\" \/><\/p>\n<div>\n<p>O Banco Central reduziu a sua proje\u00e7\u00e3o para o crescimento do Produto Interno Bruto (PIB) brasileiro em 2025, de 2,1% para 2,0%. Os n\u00fameros constam do Relat\u00f3rio de Pol\u00edtica Monet\u00e1ria (RPM) do terceiro trimestre, publicado nesta quinta-feira (25). A previs\u00e3o est\u00e1 abaixo da mediana do \u00faltimo relat\u00f3rio Focus, de 2,16%.<\/p>\n<p>A autoridade monet\u00e1ria tamb\u00e9m divulgou, pela primeira vez, a sua proje\u00e7\u00e3o para o crescimento do PIB brasileiro em 2026, de 1,5%. Essa estimativa tamb\u00e9m est\u00e1 aqu\u00e9m da mediana do Focus, de 1,80%.<\/p>\n<p>A nova proje\u00e7\u00e3o para 2025 incorpora mudan\u00e7as nas estimativas para o PIB agropecu\u00e1rio (8,0% para 9,0%), e industrial (1,9% para 1,0%) e mant\u00e9m Servi\u00e7os em 1,8%.<\/p>\n<p>Pelo lado da demanda, a autoridade monet\u00e1ria ajustou as previs\u00f5es para o consumo das fam\u00edlias (2,1% para 1,8%) e do governo (1,2% para 0,5%), Forma\u00e7\u00e3o Bruta de Capital Fixo (2,8% para 3,3%), importa\u00e7\u00f5es (3,5% para 4,5%) e exporta\u00e7\u00f5es (3,5% para 3,0%).<\/p>\n<h2>Estimativas para a agropecu\u00e1ria<\/h2>\n<p>Para 2026, o Banco Central prev\u00ea altas de <strong>1,0% para a <a href=\"https:\/\/www.canalrural.com.br\/agricultura\/\">agropecu\u00e1ria<\/a><\/strong>, de 1,5% para os servi\u00e7os e de 1,4% para a ind\u00fastria. Pelo lado da demanda, a autarquia estima altas de 1,4% no consumo das fam\u00edlias, de 1,0% no consumo do governo, de 0,3% na FBCF, de 1,0% nas importa\u00e7\u00f5es e de 2,5% nas exporta\u00e7\u00f5es.<\/p>\n<p>Na avalia\u00e7\u00e3o da autarquia, a forte base de compara\u00e7\u00e3o deve limitar o crescimento da agropecu\u00e1ria em 2026.<\/p>\n<h5 class=\"western\"><span style=\"color: #000000;\"><span style=\"font-family: Arial, sans-serif;\"><span style=\"font-size: x-large;\"><i>Veja em primeira m\u00e3o tudo sobre agricultura, pecu\u00e1ria, economia e previs\u00e3o do tempo:<\/i><\/span><\/span><\/span><a href=\"https:\/\/news.google.com\/publications\/CAAqBwgKMPKZlQswq_mqAw?hl=pt-BR&amp;gl=BR&amp;ceid=BR%3Apt-419\" target=\"_blank\" rel=\"noopener\"><span style=\"color: #1155cc;\"><span style=\"font-family: Arial, Helvetica, sans-serif;\">\u00a0<\/span><\/span><span style=\"color: #1155cc;\"><span style=\"font-family: Arial, sans-serif;\"><span style=\"font-size: x-large;\"><i>siga o Canal Rural no Google News!<\/i><\/span><\/span><\/span><\/a><\/h5>\n<p>\u201cA safra recorde de gr\u00e3os em 2025 contou com condi\u00e7\u00f5es clim\u00e1ticas bastante favor\u00e1veis, que podem n\u00e3o se repetir em 2026. Al\u00e9m disso, o aumento nos pre\u00e7os relativos de defensivos e fertilizantes tende a reduzir o seu uso, com impacto negativo sobre a produtividade\u201d, considerou, acrescentando que, na pecu\u00e1ria, o Banco Central projeta modera\u00e7\u00e3o no abate de bovinos, reflexo da crescente participa\u00e7\u00e3o de f\u00eameas nos abates dos \u00faltimos anos, fator que pode reduzir a disponibilidade de animais.<\/p>\n<p>Para o setor de servi\u00e7os, a autoridade monet\u00e1ria espera um \u201cavan\u00e7o robusto\u201d no ano que vem, embora inferior ao observado em 2025. J\u00e1 para a ind\u00fastria, a avalia\u00e7\u00e3o \u00e9 a de que vai se sobressair como exce\u00e7\u00e3o o setor extrativo, cuja previs\u00e3o aponta para nova alta relevante, sustentada por progn\u00f3sticos favor\u00e1veis dos principais produtores de petr\u00f3leo e min\u00e9rio de ferro.<\/p>\n<p>Do lado da demanda, ainda sobre 2026, o BC acredita que a desacelera\u00e7\u00e3o do consumo das fam\u00edlias deve refletir, entre outros fatores, um menor ritmo de expans\u00e3o da popula\u00e7\u00e3o ocupada. \u201cEm contrapartida, a resili\u00eancia da renda dispon\u00edvel das fam\u00edlias deve contribuir para mitigar, em parte, a perda de dinamismo do consumo.\u201d<\/p>\n<p>A redu\u00e7\u00e3o do crescimento da FBCF em compara\u00e7\u00e3o ao projetado para 2025 reflete, conforme o Banco, tanto a expectativa de um ritmo moderado de expans\u00e3o ao longo do ano, sob efeitos da pol\u00edtica monet\u00e1ria em terreno contracionista, quanto a previs\u00e3o de um efeito de carregamento estat\u00edstico limitado do quarto trimestre de 2025 para 2026.<\/p>\n<p>\u201cAdicionalmente, a proje\u00e7\u00e3o contempla um volume menor de importa\u00e7\u00f5es de plataformas destinadas \u00e0 produ\u00e7\u00e3o de petr\u00f3leo, relevante fator para a expans\u00e3o do investimento em 2025.\u201d<\/p>\n<\/p><\/div>\n<p><br \/>\n<br \/><a href=\"https:\/\/www.canalrural.com.br\/economia\/banco-central-divulga-1a-projecao-para-crescimento-do-pib-de-2026\/\">Source link <\/a><\/p>\n","protected":false},"excerpt":{"rendered":"<p>O Banco Central reduziu a sua proje\u00e7\u00e3o para o crescimento do Produto Interno Bruto (PIB) brasileiro em 2025, de 2,1%<\/p>\n","protected":false},"author":1,"featured_media":11249,"comment_status":"open","ping_status":"open","sticky":false,"template":"","format":"standard","meta":{"_monsterinsights_skip_tracking":false,"_monsterinsights_sitenote_active":false,"_monsterinsights_sitenote_note":"","_monsterinsights_sitenote_category":0,"_uf_show_specific_survey":0,"_uf_disable_surveys":false,"footnotes":""},"categories":[1],"tags":[],"class_list":["post-20849","post","type-post","status-publish","format-standard","has-post-thumbnail","hentry","category-news"],"_links":{"self":[{"href":"https:\/\/agromt.news\/index.php?rest_route=\/wp\/v2\/posts\/20849"}],"collection":[{"href":"https:\/\/agromt.news\/index.php?rest_route=\/wp\/v2\/posts"}],"about":[{"href":"https:\/\/agromt.news\/index.php?rest_route=\/wp\/v2\/types\/post"}],"author":[{"embeddable":true,"href":"https:\/\/agromt.news\/index.php?rest_route=\/wp\/v2\/users\/1"}],"replies":[{"embeddable":true,"href":"https:\/\/agromt.news\/index.php?rest_route=%2Fwp%2Fv2%2Fcomments&post=20849"}],"version-history":[{"count":0,"href":"https:\/\/agromt.news\/index.php?rest_route=\/wp\/v2\/posts\/20849\/revisions"}],"wp:featuredmedia":[{"embeddable":true,"href":"https:\/\/agromt.news\/index.php?rest_route=\/wp\/v2\/media\/11249"}],"wp:attachment":[{"href":"https:\/\/agromt.news\/index.php?rest_route=%2Fwp%2Fv2%2Fmedia&parent=20849"}],"wp:term":[{"taxonomy":"category","embeddable":true,"href":"https:\/\/agromt.news\/index.php?rest_route=%2Fwp%2Fv2%2Fcategories&post=20849"},{"taxonomy":"post_tag","embeddable":true,"href":"https:\/\/agromt.news\/index.php?rest_route=%2Fwp%2Fv2%2Ftags&post=20849"}],"curies":[{"name":"wp","href":"https:\/\/api.w.org\/{rel}","templated":true}]}}