{"id":20845,"date":"2025-09-25T15:19:34","date_gmt":"2025-09-25T19:19:34","guid":{"rendered":"https:\/\/agromt.news\/?p=20845"},"modified":"2025-09-25T15:19:34","modified_gmt":"2025-09-25T19:19:34","slug":"estado-brasileiro-busca-posicao-de-destaque-na-producao-de-soja","status":"publish","type":"post","link":"https:\/\/agromt.news\/?p=20845","title":{"rendered":"estado brasileiro busca posi\u00e7\u00e3o de destaque na produ\u00e7\u00e3o de soja"},"content":{"rendered":"<p> <br \/>\n<br \/><img decoding=\"async\" src=\"https:\/\/agromt.news\/wp-content\/uploads\/2025\/09\/estado-brasileiro-busca-posicao-de-destaque-na-producao-de-soja.jpg\" \/><\/p>\n<div>\n<p>Com o fim do per\u00edodo do vazio sanit\u00e1rio, o estado do Rio Grande do Sul est\u00e1 autorizado a iniciar a <a href=\"https:\/\/www.canalrural.com.br\/?s=plantio+de+soja\">semeadura da safra 25\/26 <\/a>de soja a partir da pr\u00f3xima quarta-feira (1\u00ba). Caso as previs\u00f5es se confirmem, o estado poder\u00e1 recuperar a vice-lideran\u00e7a nacional na produ\u00e7\u00e3o da oleaginosa. No entanto, entidades e produtores observam o cen\u00e1rio com cautela devido ao alto endividamento no campo.<\/p>\n<ul class=\"wp-block-list\">\n<li><strong><em>Fique por dentro das novidades e not\u00edcias recentes sobre a soja! Participe da nossa comunidade atrav\u00e9s do\u00a0<a href=\"https:\/\/chat.whatsapp.com\/BmMRwA0TZ2DHGyhzoaVEWu\">link<\/a>! \ud83c\udf31<\/em><\/strong><\/li>\n<\/ul>\n<p><iframe title=\"Soja: RS planeja in\u00edcio do plantio de olho em retomar a vice-lideran\u00e7a na produ\u00e7\u00e3o\" width=\"800\" height=\"450\" src=\"https:\/\/www.youtube.com\/embed\/A-QZki1AynM?feature=oembed\" frameborder=\"0\" allow=\"accelerometer; autoplay; clipboard-write; encrypted-media; gyroscope; picture-in-picture; web-share\" referrerpolicy=\"strict-origin-when-cross-origin\" allowfullscreen><\/iframe><noscript><iframe title=\"Soja: RS planeja in\u00edcio do plantio de olho em retomar a vice-lideran\u00e7a na produ\u00e7\u00e3o\" width=\"800\" height=\"450\" src=\"https:\/\/www.youtube.com\/embed\/A-QZki1AynM?feature=oembed\" frameborder=\"0\" allow=\"accelerometer; autoplay; clipboard-write; encrypted-media; gyroscope; picture-in-picture; web-share\" referrerpolicy=\"strict-origin-when-cross-origin\" allowfullscreen><\/iframe><\/noscript><\/p>\n<p>Um levantamento da <a href=\"https:\/\/www.emater.tche.br\/site\/index.php\">Emater<\/a>, divulgado durante a \u00faltima Expointer, projeta uma \u00e1rea de 6,7 milh\u00f5es de hectares cultivados e produ\u00e7\u00e3o acima de 21 milh\u00f5es de toneladas, um avan\u00e7o de mais de 50% em rela\u00e7\u00e3o \u00e0 temporada 2024\/25. Com esse volume, o estado voltaria \u00e0 segunda posi\u00e7\u00e3o entre os maiores produtores do pa\u00eds, atr\u00e1s apenas do estado de Mato Grosso.<\/p>\n<p>Se confirmada, seria uma safra hist\u00f3rica. Nas \u00faltimas seis temporadas, apenas a de 2020\/21 foi considerada boa, enquanto as demais registraram perdas por seca ou enchentes. Apesar das proje\u00e7\u00f5es otimistas, entidades e produtores seguem cautelosos. Al\u00e9m do clima incerto, as principais preocupa\u00e7\u00f5es s\u00e3o o endividamento rural e a dificuldade de acesso a cr\u00e9dito.<\/p>\n<h3 class=\"wp-block-heading\" id=\"h-sem-insumos-sem-soja\">Sem insumos, sem soja<\/h3>\n<p>\u00c0s v\u00e9speras do plantio, muitos agricultores ainda n\u00e3o t\u00eam os insumos em m\u00e3os, o que pode comprometer o planejamento da safra de soja. Alguns precisar\u00e3o reduzir a \u00e1rea de cultivo ou recorrer a um manejo com baixa tecnologia, utilizando menos fertilizantes do que o recomendado, o que impacta diretamente a produtividade.<\/p>\n<p>O presidente da Aprosoja Rio Grande do Sul, Ireneu Orth, alerta que dificilmente o estado ter\u00e1 uma grande safra nesta temporada. Ele aponta dois fatores principais: muitos produtores, especialmente os que cultivam em terras arrendadas, podem ficar sem plantar, e outros poder\u00e3o plantar com quantidade insuficiente de insumos.<\/p>\n<p>O governo federal editou uma medida provis\u00f3ria liberando R$ 12 bilh\u00f5es para renegocia\u00e7\u00e3o de d\u00edvidas rurais. Segundo a Farsul, no entanto, o endividamento do setor no estado \u00e9 mais que o dobro desse valor.<\/p>\n<p>Na pr\u00e1tica, isso significa que alguns agricultores t\u00eam sementes, mas n\u00e3o possuem adubo. Enquanto isso, outros t\u00eam fertilizantes, mas n\u00e3o conseguiram comprar sementes. A tend\u00eancia, de acordo com relatos do campo, \u00e9 a redu\u00e7\u00e3o da \u00e1rea plantada e o uso de tecnologias mais simples. Com isso, mesmo que a \u00e1rea projetada seja alcan\u00e7ada, dificilmente o Rio Grande do Sul ter\u00e1 uma grande safra em 2025\/26.<\/p>\n<\/p><\/div>\n<p><br \/>\n<br \/><a href=\"https:\/\/www.canalrural.com.br\/agricultura\/projeto-soja-brasil\/na-corrida-pelo-podio-estado-brasileiro-busca-posicao-de-destaque-na-producao-de-soja\/\">Source link <\/a><\/p>\n","protected":false},"excerpt":{"rendered":"<p>Com o fim do per\u00edodo do vazio sanit\u00e1rio, o estado do Rio Grande do Sul est\u00e1 autorizado a iniciar a<\/p>\n","protected":false},"author":1,"featured_media":20846,"comment_status":"open","ping_status":"open","sticky":false,"template":"","format":"standard","meta":{"_monsterinsights_skip_tracking":false,"_monsterinsights_sitenote_active":false,"_monsterinsights_sitenote_note":"","_monsterinsights_sitenote_category":0,"_uf_show_specific_survey":0,"_uf_disable_surveys":false,"footnotes":""},"categories":[1],"tags":[],"class_list":["post-20845","post","type-post","status-publish","format-standard","has-post-thumbnail","hentry","category-news"],"_links":{"self":[{"href":"https:\/\/agromt.news\/index.php?rest_route=\/wp\/v2\/posts\/20845"}],"collection":[{"href":"https:\/\/agromt.news\/index.php?rest_route=\/wp\/v2\/posts"}],"about":[{"href":"https:\/\/agromt.news\/index.php?rest_route=\/wp\/v2\/types\/post"}],"author":[{"embeddable":true,"href":"https:\/\/agromt.news\/index.php?rest_route=\/wp\/v2\/users\/1"}],"replies":[{"embeddable":true,"href":"https:\/\/agromt.news\/index.php?rest_route=%2Fwp%2Fv2%2Fcomments&post=20845"}],"version-history":[{"count":0,"href":"https:\/\/agromt.news\/index.php?rest_route=\/wp\/v2\/posts\/20845\/revisions"}],"wp:featuredmedia":[{"embeddable":true,"href":"https:\/\/agromt.news\/index.php?rest_route=\/wp\/v2\/media\/20846"}],"wp:attachment":[{"href":"https:\/\/agromt.news\/index.php?rest_route=%2Fwp%2Fv2%2Fmedia&parent=20845"}],"wp:term":[{"taxonomy":"category","embeddable":true,"href":"https:\/\/agromt.news\/index.php?rest_route=%2Fwp%2Fv2%2Fcategories&post=20845"},{"taxonomy":"post_tag","embeddable":true,"href":"https:\/\/agromt.news\/index.php?rest_route=%2Fwp%2Fv2%2Ftags&post=20845"}],"curies":[{"name":"wp","href":"https:\/\/api.w.org\/{rel}","templated":true}]}}