{"id":20843,"date":"2025-09-25T14:58:51","date_gmt":"2025-09-25T18:58:51","guid":{"rendered":"https:\/\/agromt.news\/?p=20843"},"modified":"2025-09-25T14:58:51","modified_gmt":"2025-09-25T18:58:51","slug":"stf-decide-futuro-do-funrural","status":"publish","type":"post","link":"https:\/\/agromt.news\/?p=20843","title":{"rendered":"STF decide futuro do Funrural"},"content":{"rendered":"<p> <br \/>\n<\/p>\n<div>\n<div class=\"row\">\n<div class=\"col-lg col-infos mt-0 mt-lg-0\">\n<div class=\"section-sub-title\">\n<p itemprop=\"description\">&#13;<br \/>\n                                \u201cEsse \u00e9 um tema aguardado h\u00e1 muito tempo pelos produtores e agroind\u00fastrias&#8221;&#13;\n                            <\/p>\n<\/p><\/div>\n<div class=\"container\">\n<div class=\"row\">\n<div class=\"col-lg p-0\">\n<div>\n<div class=\"block-news-main-infos mt-3 text-start\">\n<p>                                            <strong class=\"fn\" itemprop=\"author\" style=\"color: rgb(112, 112, 112); \">&#13;<br \/>\n                                                <a href=\"https:\/\/www.agrolink.com.br\/noticias\/javascript:;\" class=\"text-uppercase\" target=\"_blank\" style=\"color: rgb(112, 112, 112); \" rel=\"noopener\">Agrolink<\/a>&#13;<br \/>\n&#13;<br \/>\n                                                    &#8211; Leonardo Gottems&#13;<br \/>\n&#13;<br \/>\n                                            <\/strong><br \/>\n                                        <\/p>\n<p>                                            <abbr><time datetime=\"2025 - 09 - 25T09:53\" itemprop=\"datePublished dateModified\"> Publicado em 25\/09\/2025 \u00e0s 09:53h.<\/time><\/abbr>\n                                    <\/div>\n<\/p><\/div>\n<\/p><\/div>\n<div class=\"col-lg p-0 text-lg-end\">\n<div>\n<div id=\"mdEnviarPagina\" class=\"modal fade\" role=\"dialog\">\n<div class=\"modal-dialog\">\n<div class=\"modal-content\">\n<div class=\"modal-body\">\n<p><strong>Estimado usu\u00e1rio.<\/strong><br \/>Preencha o formul\u00e1rio abaixo para remeter a p\u00e1gina.<\/p>\n<\/p><\/div>\n<\/p><\/div>\n<\/p><\/div>\n<\/div><\/div>\n<\/p><\/div>\n<\/p><\/div>\n<\/p><\/div>\n<\/p><\/div>\n<\/p><\/div>\n<div class=\"row justify-content-md-center mt-3\">\n<div class=\"col-lg-auto col-image block-news-main-image\">\n<p>                                <img decoding=\"async\" src=\"https:\/\/www.agrolink.com.br\/upload\/imagens-resizes\/ee643002e7bb4b43bba04a98991b1f36_858x483.jpg\" class=\"lazyload img-fluid\" alt=\"&quot;Na minha vis\u00e3o, a sub-roga\u00e7\u00e3o deve ser considerada inconstitucional&quot;, diz especialista\"\/><br \/>\n                                                <span class=\"d-block mt-1\">&#8220;Na minha vis\u00e3o, a sub-roga\u00e7\u00e3o deve ser considerada inconstitucional&#8221;, diz especialista &#8211; Foto: Valter Campanato\/Ag\u00eancia Brasil<\/span><\/p><\/div>\n<\/p><\/div>\n<div class=\"section-description section-description-noticias mt-3\">\n<p>O debate sobre a constitucionalidade do Funrural e do m\u00e9todo de sub-roga\u00e7\u00e3o no Supremo Tribunal Federal (STF) \u00e9 um tema aguardado h\u00e1 muito tempo por produtores e agroind\u00fastrias. Segundo Pedro Schuch, s\u00f3cio-l\u00edder da SW Advogados e especialista em temas tribut\u00e1rios no agroneg\u00f3cio, a sub-roga\u00e7\u00e3o deve ser considerada inconstitucional, j\u00e1 que o sujeito passivo do tributo \u00e9 o produtor rural, e n\u00e3o a agroind\u00fastria, que atua apenas como facilitadora da arrecada\u00e7\u00e3o.\u00a0&#13;\n<\/p>\n<p>\u201cNa minha vis\u00e3o, a sub-roga\u00e7\u00e3o deve ser considerada inconstitucional. Caso o entendimento de inconstitucionalidade da sub-roga\u00e7\u00e3o seja confirmado, recolhimentos dos \u00faltimos cinco anos podem ser questionados, trazendo impacto financeiro positivo para produtores e agroind\u00fastrias, mas indesejado para a Uni\u00e3o\u201d, comenta.<\/p>\n<p>O tema ganhou destaque desde que a a\u00e7\u00e3o foi suspensa no STF, e havia expectativa de que o placar de 6 a 5 no julgamento fosse consolidado, mas o ac\u00f3rd\u00e3o ainda n\u00e3o foi publicado. A discuss\u00e3o envolve duas quest\u00f5es centrais: a constitucionalidade do Funrural e do m\u00e9todo de sub-roga\u00e7\u00e3o.\u00a0&#13;\n<\/p>\n<p>Este \u00faltimo ocorre quando a agroind\u00fastria ret\u00e9m o tributo, pagando ao produtor parte do valor da venda e repassando ao governo o restante, como no exemplo em que, ao comprar R$ 100 de um produtor, paga R$ 98,75 e recolhe R$ 1,25 ao Fisco. O STF j\u00e1 formou maioria (6 a 5) para considerar a sub-roga\u00e7\u00e3o inconstitucional, entendendo que transfere indevidamente \u00e0 ind\u00fastria a obriga\u00e7\u00e3o que \u00e9 do produtor rural.<\/p>\n<p>\u201cEsse \u00e9 um tema aguardado h\u00e1 muito tempo pelos produtores e agroind\u00fastrias. Desde que a a\u00e7\u00e3o foi suspensa, havia expectativa de que o placar de 6 a 5 no julgamento fosse consolidado, mas o ac\u00f3rd\u00e3o nunca foi publicado\u201d, conclui ele.<br \/>&#13;<br \/>\n\u00a0<\/p>\n<\/p><\/div>\n<\/p><\/div>\n<p><script data-cfasync=\"false\">\n    !function (f, b, e, v, n, t, s) {\n        if (f.fbq) return; n = f.fbq = function () {\n            n.callMethod ?\n                n.callMethod.apply(n, arguments) : n.queue.push(arguments)\n        };\n        if (!f._fbq) f._fbq = n; n.push = n; n.loaded = !0; n.version = '2.0';\n        n.queue = []; t = b.createElement(e); t.async = !0;\n        t.src = v; s = b.getElementsByTagName(e)[0];\n        s.parentNode.insertBefore(t, s)\n    }(window, document, 'script',\n        'https:\/\/connect.facebook.net\/en_US\/fbevents.js');\n    fbq('init', '522546078623747');\n    fbq('track', 'PageView');\n<\/script><br \/>\n<br \/><br \/>\n<br \/><a href=\"https:\/\/www.agrolink.com.br\/noticias\/stf-decide-futuro-do-funrural_506336.html\">Source link <\/a><\/p>\n","protected":false},"excerpt":{"rendered":"<p>&#13; \u201cEsse \u00e9 um tema aguardado h\u00e1 muito tempo pelos produtores e agroind\u00fastrias&#8221;&#13; &#13; Agrolink&#13; &#13; &#8211; Leonardo Gottems&#13; &#13;<\/p>\n","protected":false},"author":1,"featured_media":20844,"comment_status":"open","ping_status":"open","sticky":false,"template":"","format":"standard","meta":{"_monsterinsights_skip_tracking":false,"_monsterinsights_sitenote_active":false,"_monsterinsights_sitenote_note":"","_monsterinsights_sitenote_category":0,"_uf_show_specific_survey":0,"_uf_disable_surveys":false,"footnotes":""},"categories":[8,1,14],"tags":[],"class_list":["post-20843","post","type-post","status-publish","format-standard","has-post-thumbnail","hentry","category-agro","category-news","category-politica-agro"],"_links":{"self":[{"href":"https:\/\/agromt.news\/index.php?rest_route=\/wp\/v2\/posts\/20843"}],"collection":[{"href":"https:\/\/agromt.news\/index.php?rest_route=\/wp\/v2\/posts"}],"about":[{"href":"https:\/\/agromt.news\/index.php?rest_route=\/wp\/v2\/types\/post"}],"author":[{"embeddable":true,"href":"https:\/\/agromt.news\/index.php?rest_route=\/wp\/v2\/users\/1"}],"replies":[{"embeddable":true,"href":"https:\/\/agromt.news\/index.php?rest_route=%2Fwp%2Fv2%2Fcomments&post=20843"}],"version-history":[{"count":0,"href":"https:\/\/agromt.news\/index.php?rest_route=\/wp\/v2\/posts\/20843\/revisions"}],"wp:featuredmedia":[{"embeddable":true,"href":"https:\/\/agromt.news\/index.php?rest_route=\/wp\/v2\/media\/20844"}],"wp:attachment":[{"href":"https:\/\/agromt.news\/index.php?rest_route=%2Fwp%2Fv2%2Fmedia&parent=20843"}],"wp:term":[{"taxonomy":"category","embeddable":true,"href":"https:\/\/agromt.news\/index.php?rest_route=%2Fwp%2Fv2%2Fcategories&post=20843"},{"taxonomy":"post_tag","embeddable":true,"href":"https:\/\/agromt.news\/index.php?rest_route=%2Fwp%2Fv2%2Ftags&post=20843"}],"curies":[{"name":"wp","href":"https:\/\/api.w.org\/{rel}","templated":true}]}}