{"id":20836,"date":"2025-09-25T11:55:18","date_gmt":"2025-09-25T15:55:18","guid":{"rendered":"https:\/\/agromt.news\/?p=20836"},"modified":"2025-09-25T11:55:18","modified_gmt":"2025-09-25T15:55:18","slug":"vazio-sanitario-termina-em-go-e-plantio-de-soja-pode-ser-iniciado","status":"publish","type":"post","link":"https:\/\/agromt.news\/?p=20836","title":{"rendered":"Vazio sanit\u00e1rio termina em GO e plantio de soja pode ser iniciado"},"content":{"rendered":"<p> <br \/>\n<br \/><img decoding=\"async\" src=\"https:\/\/agromt.news\/wp-content\/uploads\/2025\/09\/Vazio-sanitario-termina-em-GO-e-plantio-de-soja-pode.jpg\" \/><\/p>\n<div>\n<p>Chegou ao fim, nesta quarta-feira (24), o <a href=\"https:\/\/www.canalrural.com.br\/?s=vazio+sanit%C3%A1rio+\">vazio sanit\u00e1rio <\/a>da soja em Goi\u00e1s, per\u00edodo de 90 dias em que a planta\u00e7\u00e3o da oleaginosa fica proibida. Com isso, a Ag\u00eancia Goiana de Defesa Agropecu\u00e1ria (<a href=\"https:\/\/goias.gov.br\/agrodefesa\/\">Agrodefesa<\/a>) informa a libera\u00e7\u00e3o dos trabalhos em campo que seguir\u00e3o o calend\u00e1rio oficial de semeadura, que se inicia nesta quinta-feira (25) e vai at\u00e9 2 de janeiro do pr\u00f3ximo ano.<\/p>\n<ul class=\"wp-block-list\">\n<li><strong><em>Fique por dentro das novidades e not\u00edcias recentes sobre a soja! Participe da nossa comunidade atrav\u00e9s do\u00a0<a href=\"https:\/\/chat.whatsapp.com\/BmMRwA0TZ2DHGyhzoaVEWu\">link<\/a>! \ud83c\udf31<\/em><\/strong><\/li>\n<\/ul>\n<p>O gerente de Sanidade Vegetal da Agrodefesa, Leonardo Macedo, destacou os riscos da ferrugem asi\u00e1tica, doen\u00e7a respons\u00e1vel pelas principais perdas com a oleaginosa. \u201cA doen\u00e7a pode acarretar perdas de 70% a 100% da lavoura\u201d, pontuou. A doen\u00e7a \u00e9 considerada muito perigosa para a soja, pois, com a folha seca, o gr\u00e3o n\u00e3o cresce e a produtividade cai.<\/p>\n<p>Segundo Macedo, os fiscais da Agrodefesa, dentro do Programa de Sanidade Vegetal, realizam inspe\u00e7\u00f5es durante os tr\u00eas meses de vazio sanit\u00e1rio para verificar a aus\u00eancia de plantas de soja no campo, evitando a propaga\u00e7\u00e3o do fungo.<\/p>\n<p>Al\u00e9m de respeitar o calend\u00e1rio, os produtores devem cumprir outras obriga\u00e7\u00f5es junto \u00e0 Agrodefesa. \u201c\u00c9 fundamental cadastrar a lavoura ano a ano, indicando o per\u00edodo de plantio em cada \u00e1rea. Outras medidas sanit\u00e1rias e fitossanit\u00e1rias tamb\u00e9m s\u00e3o aplicadas pelo \u00f3rg\u00e3o para verificar se h\u00e1 plantas fora do per\u00edodo permitido\u201d, completou.<\/p>\n<p>A Agrodefesa refor\u00e7a que est\u00e1 \u00e0 disposi\u00e7\u00e3o dos produtores durante o vazio sanit\u00e1rio e ao longo de todo o ano, oferecendo orienta\u00e7\u00f5es t\u00e9cnicas. Quem n\u00e3o seguir as determina\u00e7\u00f5es poder\u00e1 ser multado, com valores que variam conforme o tamanho da \u00e1rea irregular.<\/p>\n<p>O \u00f3rg\u00e3o lembra ainda que a regra vale exclusivamente para a soja. Outras culturas, como o milho ou aquelas previstas em lei, podem ser cultivadas normalmente nesse per\u00edodo. Os produtores tamb\u00e9m devem registrar suas lavouras no sistema de defesa agropecu\u00e1ria de Goi\u00e1s.<\/p>\n<\/p><\/div>\n<p><br \/>\n<br \/><a href=\"https:\/\/www.canalrural.com.br\/agricultura\/projeto-soja-brasil\/vazio-sanitario-termina-em-go-e-plantio-de-soja-pode-ser-iniciada\/\">Source link <\/a><\/p>\n","protected":false},"excerpt":{"rendered":"<p>Chegou ao fim, nesta quarta-feira (24), o vazio sanit\u00e1rio da soja em Goi\u00e1s, per\u00edodo de 90 dias em que a<\/p>\n","protected":false},"author":1,"featured_media":20837,"comment_status":"open","ping_status":"open","sticky":false,"template":"","format":"standard","meta":{"_monsterinsights_skip_tracking":false,"_monsterinsights_sitenote_active":false,"_monsterinsights_sitenote_note":"","_monsterinsights_sitenote_category":0,"_uf_show_specific_survey":0,"_uf_disable_surveys":false,"footnotes":""},"categories":[1],"tags":[],"class_list":["post-20836","post","type-post","status-publish","format-standard","has-post-thumbnail","hentry","category-news"],"_links":{"self":[{"href":"https:\/\/agromt.news\/index.php?rest_route=\/wp\/v2\/posts\/20836"}],"collection":[{"href":"https:\/\/agromt.news\/index.php?rest_route=\/wp\/v2\/posts"}],"about":[{"href":"https:\/\/agromt.news\/index.php?rest_route=\/wp\/v2\/types\/post"}],"author":[{"embeddable":true,"href":"https:\/\/agromt.news\/index.php?rest_route=\/wp\/v2\/users\/1"}],"replies":[{"embeddable":true,"href":"https:\/\/agromt.news\/index.php?rest_route=%2Fwp%2Fv2%2Fcomments&post=20836"}],"version-history":[{"count":0,"href":"https:\/\/agromt.news\/index.php?rest_route=\/wp\/v2\/posts\/20836\/revisions"}],"wp:featuredmedia":[{"embeddable":true,"href":"https:\/\/agromt.news\/index.php?rest_route=\/wp\/v2\/media\/20837"}],"wp:attachment":[{"href":"https:\/\/agromt.news\/index.php?rest_route=%2Fwp%2Fv2%2Fmedia&parent=20836"}],"wp:term":[{"taxonomy":"category","embeddable":true,"href":"https:\/\/agromt.news\/index.php?rest_route=%2Fwp%2Fv2%2Fcategories&post=20836"},{"taxonomy":"post_tag","embeddable":true,"href":"https:\/\/agromt.news\/index.php?rest_route=%2Fwp%2Fv2%2Ftags&post=20836"}],"curies":[{"name":"wp","href":"https:\/\/api.w.org\/{rel}","templated":true}]}}