{"id":20834,"date":"2025-09-25T11:24:00","date_gmt":"2025-09-25T15:24:00","guid":{"rendered":"https:\/\/agromt.news\/?p=20834"},"modified":"2025-09-25T11:24:00","modified_gmt":"2025-09-25T15:24:00","slug":"previa-da-inflacao-volta-a-subir-em-setembro-mas-alimentos-seguem-em-queda","status":"publish","type":"post","link":"https:\/\/agromt.news\/?p=20834","title":{"rendered":"Pr\u00e9via da infla\u00e7\u00e3o volta a subir em setembro, mas alimentos seguem em queda"},"content":{"rendered":"<p> <br \/>\n<br \/><img decoding=\"async\" src=\"https:\/\/agromt.news\/wp-content\/uploads\/2024\/11\/1498655484032.jpg\" \/><\/p>\n<div>\n<p>Ap\u00f3s registrar o primeiro recuo do ano em agosto, de 0,14%, a infla\u00e7\u00e3o voltou a subir em setembro. O \u00cdndice Nacional de Pre\u00e7os ao Consumidor Amplo 15 (<a href=\"https:\/\/www.canalrural.com.br\/tag\/ipca-15-2\/\">IPCA-15<\/a>), considerado a pr\u00e9via da infla\u00e7\u00e3o oficial, foi de 0,48%, segundo dados divulgados nesta quinta-feira (25) pelo Instituto Brasileiro de Geografia e Estat\u00edstica (<a href=\"https:\/\/www.canalrural.com.br\/tag\/ibge\/\">IBGE<\/a>).<\/p>\n<p>Dos nove grupos pesquisados, cinco tiveram alta. O maior impacto veio de <strong>Habita\u00e7\u00e3o<\/strong>, com avan\u00e7o de 3,31%, puxado pela energia el\u00e9trica, que subiu mais de 12% no m\u00eas.<\/p>\n<h3 class=\"wp-block-heading\" id=\"h-alimentos-registram-quarta-queda-seguida\">Alimentos registram quarta queda seguida<\/h3>\n<p>Na contram\u00e3o, o grupo de <strong>Alimenta\u00e7\u00e3o e bebidas<\/strong> recuou 0,35% em setembro, marcando a quarta queda consecutiva. A alimenta\u00e7\u00e3o no domic\u00edlio teve varia\u00e7\u00e3o negativa de 0,63%, influenciada por redu\u00e7\u00f5es expressivas nos pre\u00e7os do tomate (-17,49%), cebola (-8,65%), arroz (-2,91%) e caf\u00e9 mo\u00eddo (-1,81%).<\/p>\n<p>A alimenta\u00e7\u00e3o fora de casa, entretanto, desacelerou. O lanche passou de alta de 1,44% em agosto para 0,70% em setembro, enquanto a refei\u00e7\u00e3o subiu 0,20%, ap\u00f3s varia\u00e7\u00e3o de 0,40% no m\u00eas anterior.<\/p>\n<h3 class=\"wp-block-heading\" id=\"h-energia-eletrica-pressiona-inflacao\">Energia el\u00e9trica pressiona infla\u00e7\u00e3o<\/h3>\n<p>A principal press\u00e3o da infla\u00e7\u00e3o veio da <a href=\"https:\/\/www.canalrural.com.br\/tag\/energia-eletrica\/\">energia el\u00e9trica<\/a>, que sozinha respondeu por quase todo o avan\u00e7o do grupo Habita\u00e7\u00e3o. O aumento de 12,17% em setembro ocorreu ap\u00f3s o fim do desconto do B\u00f4nus de Itaipu e com a ado\u00e7\u00e3o da bandeira vermelha patamar 2, que adiciona R$ 7,87 a cada 100 kWh consumidos.<\/p>\n<h3 class=\"wp-block-heading\" id=\"h-desempenho-dos-demais-grupos\">Desempenho dos demais grupos<\/h3>\n<p>Al\u00e9m de alimenta\u00e7\u00e3o e habita\u00e7\u00e3o, o IPCA-15 de setembro apresentou os seguintes resultados:<\/p>\n<ul class=\"wp-block-list\">\n<li><strong>Artigos de resid\u00eancia:<\/strong> queda de 0,16%<\/li>\n<li><strong>Vestu\u00e1rio:<\/strong> alta de 0,97%<\/li>\n<li><strong>Transportes:<\/strong> recuo de 0,25%<\/li>\n<li><strong>Sa\u00fade e cuidados pessoais:<\/strong> alta de 0,36%<\/li>\n<li><strong>Despesas pessoais:<\/strong> alta de 0,20%<\/li>\n<li><strong>Educa\u00e7\u00e3o:<\/strong> leve aumento de 0,03%<\/li>\n<li><strong>Comunica\u00e7\u00e3o:<\/strong> queda de 0,08%<\/li>\n<\/ul>\n<h3 class=\"wp-block-heading\">Panorama nacional<\/h3>\n<p>No acumulado do ano, o IPCA-15 soma alta de 3,76% e, em 12 meses, 5,32%. Entre as regi\u00f5es pesquisadas, Recife teve a maior varia\u00e7\u00e3o em setembro (0,80%), pressionada pela energia e pela gasolina, enquanto Goi\u00e2nia registrou a menor (0,10%).<\/p>\n<\/p><\/div>\n<p><br \/>\n<br \/><a href=\"https:\/\/www.canalrural.com.br\/economia\/previa-da-inflacao-volta-a-subir-em-setembro-mas-alimentos-seguem-em-queda\/\">Source link <\/a><\/p>\n","protected":false},"excerpt":{"rendered":"<p>Ap\u00f3s registrar o primeiro recuo do ano em agosto, de 0,14%, a infla\u00e7\u00e3o voltou a subir em setembro. O \u00cdndice<\/p>\n","protected":false},"author":1,"featured_media":4894,"comment_status":"open","ping_status":"open","sticky":false,"template":"","format":"standard","meta":{"_monsterinsights_skip_tracking":false,"_monsterinsights_sitenote_active":false,"_monsterinsights_sitenote_note":"","_monsterinsights_sitenote_category":0,"_uf_show_specific_survey":0,"_uf_disable_surveys":false,"footnotes":""},"categories":[1],"tags":[],"class_list":["post-20834","post","type-post","status-publish","format-standard","has-post-thumbnail","hentry","category-news"],"_links":{"self":[{"href":"https:\/\/agromt.news\/index.php?rest_route=\/wp\/v2\/posts\/20834"}],"collection":[{"href":"https:\/\/agromt.news\/index.php?rest_route=\/wp\/v2\/posts"}],"about":[{"href":"https:\/\/agromt.news\/index.php?rest_route=\/wp\/v2\/types\/post"}],"author":[{"embeddable":true,"href":"https:\/\/agromt.news\/index.php?rest_route=\/wp\/v2\/users\/1"}],"replies":[{"embeddable":true,"href":"https:\/\/agromt.news\/index.php?rest_route=%2Fwp%2Fv2%2Fcomments&post=20834"}],"version-history":[{"count":0,"href":"https:\/\/agromt.news\/index.php?rest_route=\/wp\/v2\/posts\/20834\/revisions"}],"wp:featuredmedia":[{"embeddable":true,"href":"https:\/\/agromt.news\/index.php?rest_route=\/wp\/v2\/media\/4894"}],"wp:attachment":[{"href":"https:\/\/agromt.news\/index.php?rest_route=%2Fwp%2Fv2%2Fmedia&parent=20834"}],"wp:term":[{"taxonomy":"category","embeddable":true,"href":"https:\/\/agromt.news\/index.php?rest_route=%2Fwp%2Fv2%2Fcategories&post=20834"},{"taxonomy":"post_tag","embeddable":true,"href":"https:\/\/agromt.news\/index.php?rest_route=%2Fwp%2Fv2%2Ftags&post=20834"}],"curies":[{"name":"wp","href":"https:\/\/api.w.org\/{rel}","templated":true}]}}