{"id":20831,"date":"2025-09-25T10:52:01","date_gmt":"2025-09-25T14:52:01","guid":{"rendered":"https:\/\/agromt.news\/?p=20831"},"modified":"2025-09-25T10:52:01","modified_gmt":"2025-09-25T14:52:01","slug":"precos-do-suino-vivo-estao-nas-maximas-do-ano","status":"publish","type":"post","link":"https:\/\/agromt.news\/?p=20831","title":{"rendered":"Pre\u00e7os do su\u00edno vivo est\u00e3o nas m\u00e1ximas do ano"},"content":{"rendered":"<p> <br \/>\n<br \/><img decoding=\"async\" src=\"https:\/\/agromt.news\/wp-content\/uploads\/2025\/07\/Carne-suina-perde-competitividade-frente-as-concorrentes.jpg\" \/><\/p>\n<div>\n<p>Apesar das recentes baixas, os pre\u00e7os m\u00e9dios do su\u00edno vivo avan\u00e7am em setembro nos maiores patamares deste ano. Isso \u00e9 o que apontam os levantamentos do <a href=\"https:\/\/www.canalrural.com.br\/tag\/cepea\/\">Centro de Estudos Avan\u00e7ados em Economia Aplicada (Cepea).<\/a><\/p>\n<p>Segundo o instituto, esse movimento est\u00e1 associado \u00e0 disponibilidade reduzida de carne su\u00edna no mercado interno.  A diminui\u00e7\u00e3o do n\u00famero de abates nos \u00faltimos meses refor\u00e7ou a queda na disponibilidade.<\/p>\n<p>Al\u00e9m disso o aumento dos embarques, sobretudo no Paran\u00e1, Santa Catarina e Rio Grande do Sul, os tr\u00eas principais exportadores da prote\u00edna brasileira, tamb\u00e9m contribuiu para elevar as cota\u00e7\u00f5es.<\/p>\n<p>Al\u00e9m disso, conforme explicam pesquisadores do Cepea, o segundo semestre do ano \u00e9 tradicionalmente marcado por uma maior demanda, contribuindo para elevar as cota\u00e7\u00f5es.<\/p>\n<p><em>*Sob supervis\u00e3o de Luis Roberto Toledo<\/em><\/p>\n<\/p><\/div>\n<p><br \/>\n<br \/><a href=\"https:\/\/www.canalrural.com.br\/aves-e-suinos\/precos-do-suino-vivo-estao-nas-maximas-do-ano\/\">Source link <\/a><\/p>\n","protected":false},"excerpt":{"rendered":"<p>Apesar das recentes baixas, os pre\u00e7os m\u00e9dios do su\u00edno vivo avan\u00e7am em setembro nos maiores patamares deste ano. Isso \u00e9<\/p>\n","protected":false},"author":1,"featured_media":17775,"comment_status":"open","ping_status":"open","sticky":false,"template":"","format":"standard","meta":{"_monsterinsights_skip_tracking":false,"_monsterinsights_sitenote_active":false,"_monsterinsights_sitenote_note":"","_monsterinsights_sitenote_category":0,"_uf_show_specific_survey":0,"_uf_disable_surveys":false,"footnotes":""},"categories":[1],"tags":[],"class_list":["post-20831","post","type-post","status-publish","format-standard","has-post-thumbnail","hentry","category-news"],"_links":{"self":[{"href":"https:\/\/agromt.news\/index.php?rest_route=\/wp\/v2\/posts\/20831"}],"collection":[{"href":"https:\/\/agromt.news\/index.php?rest_route=\/wp\/v2\/posts"}],"about":[{"href":"https:\/\/agromt.news\/index.php?rest_route=\/wp\/v2\/types\/post"}],"author":[{"embeddable":true,"href":"https:\/\/agromt.news\/index.php?rest_route=\/wp\/v2\/users\/1"}],"replies":[{"embeddable":true,"href":"https:\/\/agromt.news\/index.php?rest_route=%2Fwp%2Fv2%2Fcomments&post=20831"}],"version-history":[{"count":0,"href":"https:\/\/agromt.news\/index.php?rest_route=\/wp\/v2\/posts\/20831\/revisions"}],"wp:featuredmedia":[{"embeddable":true,"href":"https:\/\/agromt.news\/index.php?rest_route=\/wp\/v2\/media\/17775"}],"wp:attachment":[{"href":"https:\/\/agromt.news\/index.php?rest_route=%2Fwp%2Fv2%2Fmedia&parent=20831"}],"wp:term":[{"taxonomy":"category","embeddable":true,"href":"https:\/\/agromt.news\/index.php?rest_route=%2Fwp%2Fv2%2Fcategories&post=20831"},{"taxonomy":"post_tag","embeddable":true,"href":"https:\/\/agromt.news\/index.php?rest_route=%2Fwp%2Fv2%2Ftags&post=20831"}],"curies":[{"name":"wp","href":"https:\/\/api.w.org\/{rel}","templated":true}]}}