{"id":20825,"date":"2025-09-25T09:12:38","date_gmt":"2025-09-25T13:12:38","guid":{"rendered":"https:\/\/agromt.news\/?p=20825"},"modified":"2025-09-25T09:12:38","modified_gmt":"2025-09-25T13:12:38","slug":"conversa-entre-trump-e-lula-deve-impactar-setor-do-cafe-avalia-especialista","status":"publish","type":"post","link":"https:\/\/agromt.news\/?p=20825","title":{"rendered":"Conversa entre Trump e Lula deve impactar setor do caf\u00e9, avalia especialista"},"content":{"rendered":"<p> <br \/>\n<br \/><img decoding=\"async\" src=\"https:\/\/agromt.news\/wp-content\/uploads\/2025\/08\/Preco-do-cafe-cai-pela-primeira-vez-depois-de-um.webp.webp\" \/><\/p>\n<div>\n<p>O an\u00fancio de uma <a href=\"https:\/\/www.canalrural.com.br\/internacional\/trump-disse-que-combinou-de-conversar-com-lula-na-proxima-semana\/\">reuni\u00e3o entre os presidentes dos Estados Unidos, Donald Trump, e do Brasil, Luiz In\u00e1cio Lula da Silva<\/a>, reacendeu a expectativa de negocia\u00e7\u00f5es que podem impactar diretamente o setor de caf\u00e9. A avalia\u00e7\u00e3o \u00e9 de Guilherme M\u00f3ria, analista setorial de caf\u00e9 da consultoria Rabobank.<\/p>\n<p>O mercado atravessa um per\u00edodo de forte volatilidade, marcado pela recupera\u00e7\u00e3o recente dos pre\u00e7os ap\u00f3s meses de queda, efeito das tarifas impostas pelos EUA e das incertezas clim\u00e1ticas sobre a safra brasileira. Apesar de o Brasil continuar como o maior fornecedor global, produtores e exportadores enfrentam desafios log\u00edsticos, comerciais e clim\u00e1ticos.<\/p>\n<p>Segundo M\u00f3ria, a instabilidade \u00e9 resultado de diversos fatores, entre eles os baixos estoques globais desde a geada de 2021. \u201cA oferta de caf\u00e9 n\u00e3o foi mais a mesma e pouco a pouco fomos consumindo os estoques at\u00e9 chegar ao atual momento, no limiar dos n\u00edveis de seguran\u00e7a. Isso tem sido preponderante para a volatilidade dos pre\u00e7os, somado aos desafios clim\u00e1ticos e \u00e0s tens\u00f5es geopol\u00edticas dos \u00faltimos meses. As tarifas impostas por Trump tamb\u00e9m trouxeram mais um ingrediente para esse cen\u00e1rio\u201d, explicou.<\/p>\n<p><em>Veja em primeira m\u00e3o tudo sobre agricultura, pecu\u00e1ria, economia e previs\u00e3o do tempo:<\/em><a href=\"https:\/\/news.google.com\/publications\/CAAqBwgKMPKZlQswq_mqAw?hl=pt-BR&amp;gl=BR&amp;ceid=BR%3Apt-419\" target=\"_blank\" rel=\"noreferrer noopener\"><em>\u00a0siga o Canal Rural no Google News!<\/em><\/a><\/p>\n<p>Mesmo diante das barreiras comerciais, o analista aponta que o Brasil tem conseguido expandir a participa\u00e7\u00e3o em outros mercados. \u201cJ\u00e1 que temos um desafio grande para exportar aos Estados Unidos, vemos oportunidade de ganhar market share em outras regi\u00f5es, como Oriente M\u00e9dio, \u00c1sia e Europa. Os estoques est\u00e3o apertados e n\u00e3o h\u00e1 excedente de caf\u00e9 no mundo. Isso abre espa\u00e7o para o Brasil aumentar sua presen\u00e7a nesses destinos\u201d, disse.<\/p>\n<p>M\u00f3ria acrescenta que alguns importadores americanos t\u00eam adotado uma estrat\u00e9gia de cautela. \u201cO caf\u00e9 brasileiro est\u00e1 chegando aos EUA e sendo armazenado em \u00e1reas alfandegadas, sem o pagamento imediato das tarifas. Se houver algum avan\u00e7o na negocia\u00e7\u00e3o entre Trump e Lula, esse caf\u00e9 j\u00e1 poder\u00e1 ser internalizado em condi\u00e7\u00f5es mais vantajosas\u201d, observou.<\/p>\n<p>No campo, as preocupa\u00e7\u00f5es seguem relacionadas \u00e0 pr\u00f3xima safra. Ap\u00f3s chuvas de pedra em julho, uma nova geada em agosto afetou lavouras no Cerrado Mineiro e elevou a incerteza sobre o potencial produtivo do caf\u00e9 ar\u00e1bica. \u201cHavia a expectativa de uma grande safra que pudesse aliviar o mercado, mas os eventos clim\u00e1ticos reacenderam a d\u00favida. Estoques apertados e riscos sobre a produ\u00e7\u00e3o s\u00e3o fatores que sustentam a volatilidade e os pre\u00e7os elevados\u201d, afirmou.<\/p>\n<p>Apesar das dificuldades, M\u00f3ria v\u00ea espa\u00e7o para otimismo, principalmente no caso do caf\u00e9 robusta. \u201cEm 2025 tivemos uma colheita frustrante, mas a safra de conilon deve repetir o bom desempenho. J\u00e1 no ar\u00e1bica, apesar dos desafios, ainda h\u00e1 potencial para produzir mais do que neste ano\u201d, concluiu.<\/p>\n<p><iframe title=\"Caf\u00e9 brasileiro: volatilidade nos pre\u00e7os traz cen\u00e1rio de incertezas para o setor\" width=\"800\" height=\"450\" src=\"https:\/\/www.youtube.com\/embed\/zOQWqRLWb8s?feature=oembed\" frameborder=\"0\" allow=\"accelerometer; autoplay; clipboard-write; encrypted-media; gyroscope; picture-in-picture; web-share\" referrerpolicy=\"strict-origin-when-cross-origin\" allowfullscreen><\/iframe><noscript><iframe title=\"Caf\u00e9 brasileiro: volatilidade nos pre\u00e7os traz cen\u00e1rio de incertezas para o setor\" width=\"800\" height=\"450\" src=\"https:\/\/www.youtube.com\/embed\/zOQWqRLWb8s?feature=oembed\" frameborder=\"0\" allow=\"accelerometer; autoplay; clipboard-write; encrypted-media; gyroscope; picture-in-picture; web-share\" referrerpolicy=\"strict-origin-when-cross-origin\" allowfullscreen><\/iframe><\/noscript>\n\t<\/div>\n<p><br \/>\n<br \/><a href=\"https:\/\/www.canalrural.com.br\/agricultura\/cafe\/conversa-entre-trump-e-lula-deve-impactar-setor-do-cafe-no-brasil-diz-especialista\/\">Source link <\/a><\/p>\n","protected":false},"excerpt":{"rendered":"<p>O an\u00fancio de uma reuni\u00e3o entre os presidentes dos Estados Unidos, Donald Trump, e do Brasil, Luiz In\u00e1cio Lula da<\/p>\n","protected":false},"author":1,"featured_media":18457,"comment_status":"open","ping_status":"open","sticky":false,"template":"","format":"standard","meta":{"_monsterinsights_skip_tracking":false,"_monsterinsights_sitenote_active":false,"_monsterinsights_sitenote_note":"","_monsterinsights_sitenote_category":0,"_uf_show_specific_survey":0,"_uf_disable_surveys":false,"footnotes":""},"categories":[1],"tags":[],"class_list":["post-20825","post","type-post","status-publish","format-standard","has-post-thumbnail","hentry","category-news"],"_links":{"self":[{"href":"https:\/\/agromt.news\/index.php?rest_route=\/wp\/v2\/posts\/20825"}],"collection":[{"href":"https:\/\/agromt.news\/index.php?rest_route=\/wp\/v2\/posts"}],"about":[{"href":"https:\/\/agromt.news\/index.php?rest_route=\/wp\/v2\/types\/post"}],"author":[{"embeddable":true,"href":"https:\/\/agromt.news\/index.php?rest_route=\/wp\/v2\/users\/1"}],"replies":[{"embeddable":true,"href":"https:\/\/agromt.news\/index.php?rest_route=%2Fwp%2Fv2%2Fcomments&post=20825"}],"version-history":[{"count":0,"href":"https:\/\/agromt.news\/index.php?rest_route=\/wp\/v2\/posts\/20825\/revisions"}],"wp:featuredmedia":[{"embeddable":true,"href":"https:\/\/agromt.news\/index.php?rest_route=\/wp\/v2\/media\/18457"}],"wp:attachment":[{"href":"https:\/\/agromt.news\/index.php?rest_route=%2Fwp%2Fv2%2Fmedia&parent=20825"}],"wp:term":[{"taxonomy":"category","embeddable":true,"href":"https:\/\/agromt.news\/index.php?rest_route=%2Fwp%2Fv2%2Fcategories&post=20825"},{"taxonomy":"post_tag","embeddable":true,"href":"https:\/\/agromt.news\/index.php?rest_route=%2Fwp%2Fv2%2Ftags&post=20825"}],"curies":[{"name":"wp","href":"https:\/\/api.w.org\/{rel}","templated":true}]}}