{"id":20823,"date":"2025-09-25T08:16:28","date_gmt":"2025-09-25T12:16:28","guid":{"rendered":"https:\/\/agromt.news\/?p=20823"},"modified":"2025-09-25T08:16:28","modified_gmt":"2025-09-25T12:16:28","slug":"tempo-segue-frio-e-chuvoso-em-boa-parte-do-pais","status":"publish","type":"post","link":"https:\/\/agromt.news\/?p=20823","title":{"rendered":"tempo segue frio e chuvoso em boa parte do pa\u00eds"},"content":{"rendered":"<p> <br \/>\n<br \/><img decoding=\"async\" src=\"https:\/\/agromt.news\/wp-content\/uploads\/2025\/06\/Inverno-no-RS-tera-geadas-frio-intenso-e-mais-chuva.jpg\" \/><\/p>\n<div>\n<p>A atua\u00e7\u00e3o da \u00e1rea de alta press\u00e3o associada \u00e0 massa de ar polar deve seguir mantendo a condi\u00e7\u00e3o de tempo firme em praticamente toda na regi\u00e3o Sul nesta quinta-feira (25). Excepcionalmente, algumas cidades do litoral paranaense podem contar com a ocorr\u00eancia de chuva fraca a moderada durante o dia, devido \u00e0 incid\u00eancia de ventos mar\u00edtimos sobre a costa. Por conta da persist\u00eancia da chuva, n\u00e3o est\u00e3o descartados volumes acumulados mais expressivos.<\/p>\n<div data-icp-cta=\"1\" id=\"icp-cta-unique\">Voc\u00ea quer entender como usar o clima a seu favor?<b> <\/b><a href=\"https:\/\/climacampo.canalrural.com.br\/climacampo_-01\">Preparamos um e-book exclusivo<\/a> para ajudar produtores rurais a se antecipar \u00e0s mudan\u00e7as do tempo e planejar melhor suas a\u00e7\u00f5es. Com base em previs\u00f5es meteorol\u00f3gicas confi\u00e1veis, ele oferece orienta\u00e7\u00f5es pr\u00e1ticas para proteger sua lavoura e otimizar seus resultados.<\/div>\n<p>Ainda nas primeiras horas da manh\u00e3, as temperaturas seguem significativamente baixas, sobretudo no Rio Grande do Sul, e algumas \u00e1reas da serra do sudeste ga\u00facho podem contar com a forma\u00e7\u00e3o de geada isolada. Nas demais regi\u00f5es, o sol aparece entre algumas nuvens e as temperaturas seguem mais amenas. Apenas em \u00e1reas do oeste, norte e noroeste paranaense, por conta da maior dist\u00e2ncia at\u00e9 o centro da massa de ar polar, os term\u00f4metros j\u00e1 devem se elevar mais no decorrer das horas. No per\u00edodo da tarde, algumas cidades dessas regi\u00f5es devem sofrer queda acentuada da umidade relativa do ar, que pode atingir n\u00edveis cr\u00edticos.<\/p>\n<p>No Sudeste, a presen\u00e7a da frente fria ainda na altura da costa do Esp\u00edrito Santo deve manter as instabilidades sobre o estado capixaba, e a circula\u00e7\u00e3o de umidade mar\u00edtima sobre o continente tamb\u00e9m realiza a manuten\u00e7\u00e3o das pancadas de chuva entre o leste e litoral de S\u00e3o Paulo e o Rio de Janeiro. As instabilidades seguem presentes tamb\u00e9m sobre boa parte do estado de Minas Gerais. <\/p>\n<p>Entre o litoral e sul capixaba, boa parte do Rio de Janeiro, zona da mata e vales mineiros, al\u00e9m do litoral paulista, haver\u00e1 risco de intervalos com chuva mais forte. Aten\u00e7\u00e3o maior para \u00e1reas entre o litoral paulista e fluminense, al\u00e9m do litoral sul capixaba, onde os acumulados podem ser mais expressivos. Pode chover de maneira isolada tamb\u00e9m no leste, centro-leste e norte paulista, mas sem expectativa de chuva forte. Nas demais regi\u00f5es do interior paulista, o tempo j\u00e1 deve seguir mais aberto.<\/p>\n<p>Enquanto no Centro-Oeste, as instabilidades seguem presentes no estado de Mato Grosso, ainda decorrentes da presen\u00e7a de umidade e calor na atmosfera. Ao longo do dia, as pancadas de chuva ganham for\u00e7a e se espalham, mas ainda ocorrem de maneira irregular.<\/p>\n<p>Haver\u00e1 risco de chuva forte e at\u00e9 mesmo eventuais temporais , especialmente a partir do per\u00edodo da tarde. Pode chover de forma isolada tamb\u00e9m em alguns pontos do leste de Goi\u00e1s e no Distrito Federal \u2013 n\u00e3o sendo descartados eventuais intervalos de chuva mais forte. J\u00e1 nas demais regi\u00f5es do estado goiano e no Mato Grosso do Sul, o tempo j\u00e1 deve seguir mais aberto, com predom\u00ednio de sol e calor ganhando for\u00e7a no decorrer das horas.<\/p>\n<p>J\u00e1 no Nordeste, a chuva come\u00e7a a aumentar no litoral da Bahia, com condi\u00e7\u00f5es para fortes pancadas de chuva e volumes mais elevados ao longo do dia. No extremo sul baiano, n\u00e3o est\u00e1 descartada a ocorr\u00eancia de alguma chuva mais volumosa. Nas demais regi\u00f5es da costa leste, a incid\u00eancia dos ventos que sopram do oceano mant\u00e9m as pancadas de chuva irregulares. Pode chover tamb\u00e9m de maneira isolada no sul do Maranh\u00e3o. No interior nordestino, o tempo segue predominantemente est\u00e1vel e sem condi\u00e7\u00f5es para chuva significativa, com calor e alerta de baixa umidade do ar \u00e0 tarde.<\/p>\n<p>E no Norte, as instabilidades seguem se espalhando entre o Amazonas, Acre, Rond\u00f4nia e o sul do Par\u00e1, com condi\u00e7\u00f5es para pancadas de chuva no decorrer das horas. Haver\u00e1 risco de chuva forte e at\u00e9 mesmo temporais, com volumes mais elevados. Pode chover forte no extremo norte do Tocantins. A metade norte do Par\u00e1, boa parte de Roraima e o Amap\u00e1 seguem com predom\u00ednio de tempo aberto e calor durante o dia.<\/p>\n<\/p><\/div>\n<p><br \/>\n<br \/><a href=\"https:\/\/www.canalrural.com.br\/tempo\/primavera-com-cara-de-inverno-tempo-segue-frio-e-chuvoso-em-boa-parte-do-pais\/\">Source link <\/a><\/p>\n","protected":false},"excerpt":{"rendered":"<p>A atua\u00e7\u00e3o da \u00e1rea de alta press\u00e3o associada \u00e0 massa de ar polar deve seguir mantendo a condi\u00e7\u00e3o de tempo<\/p>\n","protected":false},"author":1,"featured_media":15338,"comment_status":"open","ping_status":"open","sticky":false,"template":"","format":"standard","meta":{"_monsterinsights_skip_tracking":false,"_monsterinsights_sitenote_active":false,"_monsterinsights_sitenote_note":"","_monsterinsights_sitenote_category":0,"_uf_show_specific_survey":0,"_uf_disable_surveys":false,"footnotes":""},"categories":[1],"tags":[],"class_list":["post-20823","post","type-post","status-publish","format-standard","has-post-thumbnail","hentry","category-news"],"_links":{"self":[{"href":"https:\/\/agromt.news\/index.php?rest_route=\/wp\/v2\/posts\/20823"}],"collection":[{"href":"https:\/\/agromt.news\/index.php?rest_route=\/wp\/v2\/posts"}],"about":[{"href":"https:\/\/agromt.news\/index.php?rest_route=\/wp\/v2\/types\/post"}],"author":[{"embeddable":true,"href":"https:\/\/agromt.news\/index.php?rest_route=\/wp\/v2\/users\/1"}],"replies":[{"embeddable":true,"href":"https:\/\/agromt.news\/index.php?rest_route=%2Fwp%2Fv2%2Fcomments&post=20823"}],"version-history":[{"count":0,"href":"https:\/\/agromt.news\/index.php?rest_route=\/wp\/v2\/posts\/20823\/revisions"}],"wp:featuredmedia":[{"embeddable":true,"href":"https:\/\/agromt.news\/index.php?rest_route=\/wp\/v2\/media\/15338"}],"wp:attachment":[{"href":"https:\/\/agromt.news\/index.php?rest_route=%2Fwp%2Fv2%2Fmedia&parent=20823"}],"wp:term":[{"taxonomy":"category","embeddable":true,"href":"https:\/\/agromt.news\/index.php?rest_route=%2Fwp%2Fv2%2Fcategories&post=20823"},{"taxonomy":"post_tag","embeddable":true,"href":"https:\/\/agromt.news\/index.php?rest_route=%2Fwp%2Fv2%2Ftags&post=20823"}],"curies":[{"name":"wp","href":"https:\/\/api.w.org\/{rel}","templated":true}]}}