{"id":20820,"date":"2025-09-25T05:18:30","date_gmt":"2025-09-25T09:18:30","guid":{"rendered":"https:\/\/agromt.news\/?p=20820"},"modified":"2025-09-25T05:18:30","modified_gmt":"2025-09-25T09:18:30","slug":"victam-latam-2025-dobra-publico-e-expositores","status":"publish","type":"post","link":"https:\/\/agromt.news\/?p=20820","title":{"rendered":"Victam LatAm 2025 dobra p\u00fablico e expositores"},"content":{"rendered":"<p> <br \/>\n<\/p>\n<div>\n<p style=\"text-align:justify\">Com o dobro de expositores em rela\u00e7\u00e3o a 2023 e 20 mil m\u00b2 de exposi\u00e7\u00e3o, a VICTAM LatAm atraiu mais de 300 empresas de 20 pa\u00edses e um p\u00fablico de mais de 6 mil visitantes no Expo Center Norte, em S\u00e3o Paulo, entre 16 e 18 de setembro. O evento se consolidou como o maior ponto de encontro da Am\u00e9rica Latina para inova\u00e7\u00e3o, tecnologia e neg\u00f3cios para \u00e0s ind\u00fastrias de nutri\u00e7\u00e3o animal e processamento de gr\u00e3os.&#13;\n<\/p>\n<p style=\"text-align:justify\">\u201cEssa expans\u00e3o comprova como o Brasil \u00e9 estrat\u00e9gico para o setor. Em apenas duas edi\u00e7\u00f5es, a feira se consolidou como principal ponto de encontro da nutri\u00e7\u00e3o animal da Am\u00e9rica Latina\u201d, afirmou Sebas van den Ende, diretor-geral da VICTAM Corporation.<\/p>\n<p style=\"text-align:justify\">Organizada pela holandesa VICTAM Corporation em parceria com a Interlink Exhibitions, a mostra conectou fornecedores, produtores, pesquisadores e profissionais do setor, promovendo neg\u00f3cios globais e troca de conhecimento. \u201cS\u00e3o Paulo se consolidou como centro estrat\u00e9gico da nutri\u00e7\u00e3o animal na Am\u00e9rica Latina. Mais de 100 horas de debates entre academia, institutos, governo e ind\u00fastria proporcionaram trocas de conhecimento. Recebemos profissionais de grandes ind\u00fastrias, empresas e cooperativas como BRF, JBS, Bunge, Cooperval, Oi Frango e Vibra Food, o que confirma a relev\u00e2ncia da feira como espa\u00e7o de neg\u00f3cios e networking qualificado. O resultado confirmou a import\u00e2ncia do evento, que retorna em em 2027 com mais expositores, visitantes e confer\u00eancias\u201d, refor\u00e7ou Cassiano Facchinetti, diretor geral da Interlink Exhibitions.<\/p>\n<p style=\"text-align:justify\">Nesta edi\u00e7\u00e3o, entre as novidades, destacaram-se a estreia do pavilh\u00e3o da Feed Formulation Latin America, dedicado exclusivamente \u00e0 formula\u00e7\u00e3o de ra\u00e7\u00f5es e aditivos e o pavilh\u00e3o holand\u00eas de nutri\u00e7\u00e3o animal, apoiado pelo governo dos Pa\u00edses Baixos. A programa\u00e7\u00e3o paralela tamb\u00e9m incluiu a confer\u00eancia internacional Feed Formulation Latin America, que reuniu especialistas e empresas para debater o mercado, inova\u00e7\u00f5es em ingredientes, aditivos e tecnologias de formula\u00e7\u00e3o.\u00a0<br \/>&#13;<br \/>\nPara 2027, a expectativa \u00e9 manter o ritmo de crescimento, com proje\u00e7\u00e3o superior a 50% do volume de neg\u00f3cios e a cria\u00e7\u00e3o do novo pavilh\u00e3o Animal Farm Equipment Zone, voltado a equipamentos e solu\u00e7\u00f5es para manejo e produ\u00e7\u00e3o animal dentro das fazendas, como sistemas de ordenha, climatiza\u00e7\u00e3o, bem-estar e automa\u00e7\u00e3o.<\/p>\n<p style=\"text-align:justify\"><strong>Setor refor\u00e7a integra\u00e7\u00e3o entre ci\u00eancia e ind\u00fastria<\/strong><\/p>\n<p style=\"text-align:justify\">O setor de alimenta\u00e7\u00e3o animal brasileiro segue aquecido, registrando alta de 2% no primeiro semestre e atingindo 43,5 milh\u00f5es de toneladas de ra\u00e7\u00f5es e concentrados produzidos, segundo Sindira\u00e7\u00f5es. \u201cCom isso, a VICTAM LatAm permitiu a troca de experi\u00eancias e abriu oportunidades comerciais entre Brasil e Uni\u00e3o Europeia\u201d, disse o CEO da Sindira\u00e7\u00f5es, Ariovaldo Zani. Com foco na produ\u00e7\u00e3o e sa\u00fade animal, a Sociedade Brasileira de Zootecnia (SBZ) tamb\u00e9m destacou a relev\u00e2ncia do evento. \u201cEventos como este fortalecem a conex\u00e3o entre ci\u00eancia, ind\u00fastria e produtores\u201d, afirmou a vice-presidente da SBZ, Marina Danes.<\/p>\n<p style=\"text-align:justify\">Presente no encontro, a chefe adjunta de pesquisa e desenvolvimento da Embrapa Soja, Roberta Aparecida Carnevalli Monteiro, destacou a import\u00e2ncia do espa\u00e7o para aproximar os diferentes elos \u00a0da cadeia. \u201cFoi uma importante oportunidade de alinhamento entre setor produtivo, mercado, ind\u00fastria e pesquisa. A Embrapa trouxe uma programa\u00e7\u00e3o com temas como certifica\u00e7\u00e3o de gr\u00e3os de baixo carbono, estrat\u00e9gias para reduzir emiss\u00f5es de metano e nutri\u00e7\u00e3o de precis\u00e3o, mostrando como a pesquisa pode apoiar a ind\u00fastria de ra\u00e7\u00f5es diante dos desafios clim\u00e1ticos e da necessidade de sustentabilidade\u201d, comentou.<\/p>\n<p style=\"text-align:justify\"><strong>Empresas refor\u00e7am presen\u00e7a e neg\u00f3cios na Am\u00e9rica Latina<\/strong><\/p>\n<p style=\"text-align:justify\">O encontro reuniu empresas locais e multinacionais de diversos pa\u00edses, apresentando equipamentos, tecnologias de automa\u00e7\u00e3o e insumos voltados \u00e0 nutri\u00e7\u00e3o de pets e ra\u00e7\u00f5es aqu\u00e1ticas, segmento em expans\u00e3o, que representou mais de 50% dos expositores nesta edi\u00e7\u00e3o. A presen\u00e7a de profissionais de grandes ind\u00fastrias refor\u00e7ou a diversidade do p\u00fablico e a conex\u00e3o entre diferentes elos da cadeia.\u00a0&#13;\n<\/p>\n<p style=\"text-align:justify\">Para Rodolfo Cibotto, coordenador de produ\u00e7\u00e3o da Vibra Foods, uma das principais empresas brasileiras de avicultura e exporta\u00e7\u00e3o de carne de frango, que mant\u00e9m f\u00e1bricas de ra\u00e7\u00e3o pr\u00f3prias para abastecer sua produ\u00e7\u00e3o, a VICTAM, se destacou pela organiza\u00e7\u00e3o, diversidade de expositores e pela oportunidade de conhecer de perto as inova\u00e7\u00f5es tecnol\u00f3gicas voltadas para a ind\u00fastria de nutri\u00e7\u00e3o animal. \u201cO ambiente de networking possibilitou a constru\u00e7\u00e3o de novas parcerias e a abertura de oportunidades de neg\u00f3cios\u201d, destacou.\u00a0<\/p>\n<p style=\"text-align:justify\">Na avalia\u00e7\u00e3o de Diego Crivelli, gerente de qualidade da Comgroup Agroindustrial, empresa dedicada \u00e0 comercializa\u00e7\u00e3o de cereais e \u00e0 industrializa\u00e7\u00e3o de soja para farelos e \u00f3leos vegetais, o saldo tamb\u00e9m foi positivo. \u201cTrouxemos muitos contatos pr\u00e1ticos, inclusive com fornecedores-chave para melhoria de nossos processos, al\u00e9m de todo o conhecimento t\u00e9cnico adquirido nos semin\u00e1rios que ser\u00e1 aplicado para melhoria cont\u00ednua de nossas opera\u00e7\u00f5es\u201d, afirmou.<\/p>\n<p style=\"text-align:justify\">E, pelos estandes, o ambiente de neg\u00f3cios favoreceu a conclus\u00e3o de projetos. A ANDRITZ Feed &amp; Biofuel, multinacional de engenharia, fechou dois contratos estrat\u00e9gicos com clientes da regi\u00e3o durante o evento para o fornecimento de projetos e solu\u00e7\u00f5es em automa\u00e7\u00e3o e digitaliza\u00e7\u00e3o na ind\u00fastria de nutri\u00e7\u00e3o animal. \u201cFechamos neg\u00f3cios e tivemos a oportunidade de desenvolver novos projetos, realizar reuni\u00f5es e conversas importantes com clientes, e isso nos permitiu avan\u00e7ar em negocia\u00e7\u00f5es estrat\u00e9gicas. A feira foi uma excelente oportunidade para fortalecer relacionamentos e expandir nossas solu\u00e7\u00f5es no mercado latino-americano\u201d, salientou Fernando Jaboinski, gerente de desenvolvimento de neg\u00f3cios Latam da Andritz.<\/p>\n<p style=\"text-align:justify\">A GSI, l\u00edder global em solu\u00e7\u00f5es para armazenagem de gr\u00e3os, tamb\u00e9m marcou presen\u00e7a na Victam LatAm 2025 para apresentar suas tecnologias e refor\u00e7ar a conex\u00e3o com o setor. \u201cA mostra foi uma oportunidade estrat\u00e9gica para estreitar relacionamento com clientes e parceiros, al\u00e9m de consolidar nossa presen\u00e7a no mercado e fortalecer o posicionamento da GSI\u201d, frisou Francieli Diana, do Marketing da GSI.<\/p>\n<p style=\"text-align:justify\">O assessor agr\u00edcola do Consulado Geral da Holanda, Alf de Wit, que acompanhou a comitiva de empresas dos Pa\u00edses Baixos, comentou que a feira mostrou o peso dos dois pa\u00edses na cadeia global. \u201cDe um lado, temos o Brasil, terceiro maior mercado de nutri\u00e7\u00e3o animal do mundo. De outro, a Holanda, que h\u00e1 d\u00e9cadas desenvolve tecnologias para esse setor. Foi interessante ver o esfor\u00e7o de cada empresa em melhorar a sustentabilidade da cadeia e uma oportunidade rica para as companhias holandesas contribu\u00edrem com o setor no Brasil\u201d, afirmou.&#13;\n<\/p>\n<p style=\"text-align:justify\">A OrangeMills, sediada em Boxmeer, sul da Holanda, tamb\u00e9m marcou presen\u00e7a. A companhia, especializada em nutri\u00e7\u00e3o animal, apresentou sua linha de produtos de concentrados proteicos, aditivos e ra\u00e7\u00f5es para diferentes fases da vida dos animais. Partner da Orange Mills, Jeroen Simons, resumiu o clima da mostra. \u201cEstabelecemos conversas promissoras com parceiros de toda a Am\u00e9rica Latina. A intera\u00e7\u00e3o com empresas holandesas refor\u00e7ou a relev\u00e2ncia da feira para neg\u00f3cios e networking. Ficamos extremamente satisfeitos com a receptividade e as oportunidades proporcionadas\u201d, salientou.<\/p>\n<p style=\"text-align:justify\"><strong>Confer\u00eancia Internacional RTRS 2025<\/strong><\/p>\n<p style=\"text-align:justify\">Realizada em paralelo a VICTAM Latam, a edi\u00e7\u00e3o de 2025 da Confer\u00eancia Internacional RTRS reuniu mais de 180 profissionais ligados \u00e0 cadeia da soja sustent\u00e1vel em debates sobre rastreabilidade, conformidade legal e os desafios impostos por novas regulamenta\u00e7\u00f5es internacionais. A sa\u00edda da Morat\u00f3ria da Soja foi tratada como uma oportunidade para fortalecer mecanismos s\u00f3lidos de certifica\u00e7\u00e3o, como os promovidos pela RTRS. \u201cA Confer\u00eancia reuniu representantes de toda a cadeia produtiva para discutir, com profundidade, temas cr\u00edticos para o presente e o futuro da soja respons\u00e1vel. Falamos sobre rastreabilidade, certifica\u00e7\u00e3o, governan\u00e7a e inova\u00e7\u00e3o digital. Mas, acima de tudo, reafirmamos o valor do di\u00e1logo e do compromisso coletivo. Agradecemos o apoio e a parceria da VICTAM Latam na realiza\u00e7\u00e3o de mais uma edi\u00e7\u00e3o do nosso evento\u201d, destacou o vice-presidente da RTRS, Juan Carlos Cotella.<\/p>\n<p style=\"text-align:justify\"><strong>VICTAM: refer\u00eancia global em nutri\u00e7\u00e3o animal e processamento de gr\u00e3os<\/strong><\/p>\n<p style=\"text-align:justify\">Criada h\u00e1 mais de 60 anos na Holanda, a VICTAM tornou-se refer\u00eancia mundial em nutri\u00e7\u00e3o animal e processamento de gr\u00e3os. Itinerante, ocorre a cada dois anos em quatro continentes \u2013 Europa, \u00c1sia, \u00c1frica e Am\u00e9rica Latina. O calend\u00e1rio internacional segue movimentado: em 2026, a feira ser\u00e1 realizada em Bangkok (Tail\u00e2ndia), de 10 a 12 de mar\u00e7o, e em Utrecht (Holanda), de 2 a 4 de junho. Em 2027, o evento retorna ao Brasil, entre 14 e 16 de setembro, reafirmando S\u00e3o Paulo como polo estrat\u00e9gico da nutri\u00e7\u00e3o animal na Am\u00e9rica Latina.<br \/>&#13;<br \/>\n\u00a0<\/p>\n<\/p><\/div>\n<p><script data-cfasync=\"false\">\n    !function (f, b, e, v, n, t, s) {\n        if (f.fbq) return; n = f.fbq = function () {\n            n.callMethod ?\n                n.callMethod.apply(n, arguments) : n.queue.push(arguments)\n        };\n        if (!f._fbq) f._fbq = n; n.push = n; n.loaded = !0; n.version = '2.0';\n        n.queue = []; t = b.createElement(e); t.async = !0;\n        t.src = v; s = b.getElementsByTagName(e)[0];\n        s.parentNode.insertBefore(t, s)\n    }(window, document, 'script',\n        'https:\/\/connect.facebook.net\/en_US\/fbevents.js');\n    fbq('init', '522546078623747');\n    fbq('track', 'PageView');\n<\/script><br \/>\n<br \/><br \/>\n<br \/><a href=\"https:\/\/www.agrolink.com.br\/noticias\/victam-latam-2025-dobra-publico-e-expositores_506257.html\">Source link <\/a><\/p>\n","protected":false},"excerpt":{"rendered":"<p>Com o dobro de expositores em rela\u00e7\u00e3o a 2023 e 20 mil m\u00b2 de exposi\u00e7\u00e3o, a VICTAM LatAm atraiu mais<\/p>\n","protected":false},"author":1,"featured_media":20821,"comment_status":"open","ping_status":"open","sticky":false,"template":"","format":"standard","meta":{"_monsterinsights_skip_tracking":false,"_monsterinsights_sitenote_active":false,"_monsterinsights_sitenote_note":"","_monsterinsights_sitenote_category":0,"_uf_show_specific_survey":0,"_uf_disable_surveys":false,"footnotes":""},"categories":[8,1,14],"tags":[],"class_list":["post-20820","post","type-post","status-publish","format-standard","has-post-thumbnail","hentry","category-agro","category-news","category-politica-agro"],"_links":{"self":[{"href":"https:\/\/agromt.news\/index.php?rest_route=\/wp\/v2\/posts\/20820"}],"collection":[{"href":"https:\/\/agromt.news\/index.php?rest_route=\/wp\/v2\/posts"}],"about":[{"href":"https:\/\/agromt.news\/index.php?rest_route=\/wp\/v2\/types\/post"}],"author":[{"embeddable":true,"href":"https:\/\/agromt.news\/index.php?rest_route=\/wp\/v2\/users\/1"}],"replies":[{"embeddable":true,"href":"https:\/\/agromt.news\/index.php?rest_route=%2Fwp%2Fv2%2Fcomments&post=20820"}],"version-history":[{"count":0,"href":"https:\/\/agromt.news\/index.php?rest_route=\/wp\/v2\/posts\/20820\/revisions"}],"wp:featuredmedia":[{"embeddable":true,"href":"https:\/\/agromt.news\/index.php?rest_route=\/wp\/v2\/media\/20821"}],"wp:attachment":[{"href":"https:\/\/agromt.news\/index.php?rest_route=%2Fwp%2Fv2%2Fmedia&parent=20820"}],"wp:term":[{"taxonomy":"category","embeddable":true,"href":"https:\/\/agromt.news\/index.php?rest_route=%2Fwp%2Fv2%2Fcategories&post=20820"},{"taxonomy":"post_tag","embeddable":true,"href":"https:\/\/agromt.news\/index.php?rest_route=%2Fwp%2Fv2%2Ftags&post=20820"}],"curies":[{"name":"wp","href":"https:\/\/api.w.org\/{rel}","templated":true}]}}