{"id":20815,"date":"2025-09-24T21:31:55","date_gmt":"2025-09-25T01:31:55","guid":{"rendered":"https:\/\/agromt.news\/?p=20815"},"modified":"2025-09-24T21:31:55","modified_gmt":"2025-09-25T01:31:55","slug":"brasil-registra-superavit-de-us-722-milhoes-na-3a-semana","status":"publish","type":"post","link":"https:\/\/agromt.news\/?p=20815","title":{"rendered":"Brasil registra super\u00e1vit de US$ 722 milh\u00f5es na 3\u00aa semana"},"content":{"rendered":"<p> <br \/>\n<\/p>\n<div>\n<p style=\"text-align:justify\"><span><span>Na terceira semana de setembro de 2025, a balan\u00e7a comercial brasileira registrou super\u00e1vit de US$ 722 milh\u00f5es e corrente de com\u00e9rcio de US$ 12,7 bilh\u00f5es, resultado de exporta\u00e7\u00f5es de US$ 6,7 bilh\u00f5es e importa\u00e7\u00f5es de US$ 6 bilh\u00f5es. No acumulado do m\u00eas, as exporta\u00e7\u00f5es somaram US$ 19,9 bilh\u00f5es e as importa\u00e7\u00f5es US$ 17,5 bilh\u00f5es, com saldo positivo de US$ 2,4 bilh\u00f5es e corrente de negocia\u00e7\u00f5es de US$ 37,5 bilh\u00f5es. \u201cEsses e outros resultados foram publicados nesta segunda-feira (22) pela Secretaria de Com\u00e9rcio Exterior do Minist\u00e9rio do Desenvolvimento, Ind\u00fastria, Com\u00e9rcio e Servi\u00e7os (Secex\/MDIC)\u201d, informou o boletim.<\/span><\/span>&#13;\n<\/p>\n<p style=\"text-align:justify\"><span><span>No ano, as exporta\u00e7\u00f5es totalizam US$ 247,5 bilh\u00f5es e as importa\u00e7\u00f5es US$ 202,3 bilh\u00f5es, com saldo positivo de US$ 45,2 bilh\u00f5es e corrente de negocia\u00e7\u00f5es de US$ 449,8 bilh\u00f5es, segundo a Secex.<\/span><\/span><\/p>\n<p style=\"text-align:justify\"><span><span>Nas exporta\u00e7\u00f5es, comparando as m\u00e9dias at\u00e9 a terceira semana de setembro de 2025 (US$ 1,329 bilh\u00f5es) com a de setembro de 2024 (US$ 1,355 bilh\u00f5es), houve queda de 2,0%. Em rela\u00e7\u00e3o \u00e0s outras, houve um crescimento de 5,1% na compara\u00e7\u00e3o entre as m\u00e9dias at\u00e9 a terceira semana de setembro de 2025 (US$ 1,170 bilh\u00f5es) e a partir de setembro de 2024 (US$ 1,113 bilh\u00f5es).<\/span><\/span><\/p>\n<p style=\"text-align:justify\"><span><span>At\u00e9 a terceira semana de setembro de 2025, o di\u00e1rio m\u00e9dio da corrente de com\u00e9rcio totalizou US$ 2.499,54 milh\u00f5es e o saldo, tamb\u00e9m por m\u00eddia di\u00e1ria, foi de US$ 158,82 milh\u00f5es. \u201cComparando-se este per\u00edodo com a m\u00e9dia de setembro de 2024, houve crescimento de 1,2% na corrente de com\u00e9rcio\u201d, informou a Secretaria.<\/span><\/span>&#13;\n<\/p>\n<p style=\"text-align:justify\"><span><span>No acumulado at\u00e9 a terceira semana de setembro de 2025, em compara\u00e7\u00e3o ao mesmo m\u00eas do ano anterior, o desempenho dos setores pela m\u00e9dia exportadora di\u00e1ria foi o seguinte: crescimento de US$ 15,56 milh\u00f5es (5,7%) na agropecu\u00e1ria, queda de US$ 11,21 milh\u00f5es (3,9%) na ind\u00fastria extrativa e de US$ 35,45 milh\u00f5es (4,5%) em produtos da ind\u00fastria de transforma\u00e7\u00e3o.<\/span><\/span><\/p>\n<p style=\"text-align:justify\"><span><span>No mesmo per\u00edodo, comparado ao ano anterior, o desempenho dos setores importadores pela m\u00e9dia registrou diariamente crescimento de US$ 70,74 milh\u00f5es (7,0%) em produtos da ind\u00fastria de transforma\u00e7\u00e3o, queda de US$ 2,08 milh\u00f5es (9,5%) em agropecu\u00e1ria e de US$ 10,83 milh\u00f5es (14,8%) em ind\u00fastria extrativa.<\/span><\/span>&#13;\n<\/p>\n<\/p><\/div>\n<p><script data-cfasync=\"false\">\n    !function (f, b, e, v, n, t, s) {\n        if (f.fbq) return; n = f.fbq = function () {\n            n.callMethod ?\n                n.callMethod.apply(n, arguments) : n.queue.push(arguments)\n        };\n        if (!f._fbq) f._fbq = n; n.push = n; n.loaded = !0; n.version = '2.0';\n        n.queue = []; t = b.createElement(e); t.async = !0;\n        t.src = v; s = b.getElementsByTagName(e)[0];\n        s.parentNode.insertBefore(t, s)\n    }(window, document, 'script',\n        'https:\/\/connect.facebook.net\/en_US\/fbevents.js');\n    fbq('init', '522546078623747');\n    fbq('track', 'PageView');\n<\/script><br \/>\n<br \/><br \/>\n<br \/><a href=\"https:\/\/www.agrolink.com.br\/noticias\/brasil-registra-superavit-de-us--722-milhoes-na-3--semana_506262.html\">Source link <\/a><\/p>\n","protected":false},"excerpt":{"rendered":"<p>Na terceira semana de setembro de 2025, a balan\u00e7a comercial brasileira registrou super\u00e1vit de US$ 722 milh\u00f5es e corrente de<\/p>\n","protected":false},"author":1,"featured_media":1623,"comment_status":"open","ping_status":"open","sticky":false,"template":"","format":"standard","meta":{"_monsterinsights_skip_tracking":false,"_monsterinsights_sitenote_active":false,"_monsterinsights_sitenote_note":"","_monsterinsights_sitenote_category":0,"_uf_show_specific_survey":0,"_uf_disable_surveys":false,"footnotes":""},"categories":[8,1,14],"tags":[],"class_list":["post-20815","post","type-post","status-publish","format-standard","has-post-thumbnail","hentry","category-agro","category-news","category-politica-agro"],"_links":{"self":[{"href":"https:\/\/agromt.news\/index.php?rest_route=\/wp\/v2\/posts\/20815"}],"collection":[{"href":"https:\/\/agromt.news\/index.php?rest_route=\/wp\/v2\/posts"}],"about":[{"href":"https:\/\/agromt.news\/index.php?rest_route=\/wp\/v2\/types\/post"}],"author":[{"embeddable":true,"href":"https:\/\/agromt.news\/index.php?rest_route=\/wp\/v2\/users\/1"}],"replies":[{"embeddable":true,"href":"https:\/\/agromt.news\/index.php?rest_route=%2Fwp%2Fv2%2Fcomments&post=20815"}],"version-history":[{"count":0,"href":"https:\/\/agromt.news\/index.php?rest_route=\/wp\/v2\/posts\/20815\/revisions"}],"wp:featuredmedia":[{"embeddable":true,"href":"https:\/\/agromt.news\/index.php?rest_route=\/wp\/v2\/media\/1623"}],"wp:attachment":[{"href":"https:\/\/agromt.news\/index.php?rest_route=%2Fwp%2Fv2%2Fmedia&parent=20815"}],"wp:term":[{"taxonomy":"category","embeddable":true,"href":"https:\/\/agromt.news\/index.php?rest_route=%2Fwp%2Fv2%2Fcategories&post=20815"},{"taxonomy":"post_tag","embeddable":true,"href":"https:\/\/agromt.news\/index.php?rest_route=%2Fwp%2Fv2%2Ftags&post=20815"}],"curies":[{"name":"wp","href":"https:\/\/api.w.org\/{rel}","templated":true}]}}