{"id":20810,"date":"2025-09-24T20:44:46","date_gmt":"2025-09-25T00:44:46","guid":{"rendered":"https:\/\/agromt.news\/?p=20810"},"modified":"2025-09-24T20:44:46","modified_gmt":"2025-09-25T00:44:46","slug":"industria-do-cafe-preve-alta-de-ate-15-nos-precos-nos-proximos-dias","status":"publish","type":"post","link":"https:\/\/agromt.news\/?p=20810","title":{"rendered":"Ind\u00fastria do caf\u00e9 prev\u00ea alta de at\u00e9 15% nos pre\u00e7os nos pr\u00f3ximos dias"},"content":{"rendered":"<p> <br \/>\n<\/p>\n<div>\n<p>O pre\u00e7o do caf\u00e9 deve voltar a subir nos pr\u00f3ximos dias, alertou a Associa\u00e7\u00e3o Brasileira da Ind\u00fastria do Caf\u00e9 <strong><a href=\"https:\/\/www.canalrural.com.br\/tag\/abic\/\">(Abic)<\/a><\/strong>. <\/p>\n<p>Em entrevista coletiva concedida no in\u00edcio da tarde desta quarta-feira (24), na capital paulista, o presidente da entidade, Pavel Cardoso, informou que \u00e9 poss\u00edvel que haja um acr\u00e9scimo entre <strong>10% e 15%<\/strong> nos pre\u00e7os do produto a serem repassados aos supermercados, j\u00e1 que os custos com a compra da mat\u00e9ria-prima foram alavancados.<\/p>\n<p>No entanto, destacou Pavel, esse reajuste no pre\u00e7o do caf\u00e9 \u201cn\u00e3o deve ser superior \u00e0 m\u00e9dia do ano\u201d.<\/p>\n<p>O diretor-executivo da Abic, Cel\u00edrio In\u00e1cio da Silva, adiantou que esse novo pre\u00e7o j\u00e1 foi comunicado ao varejo no in\u00edcio deste m\u00eas. \u201cMas, como o varejo s\u00f3 foi \u00e0s compras agora, a partir do dia 15, ent\u00e3o, a gente acredita que, a partir da semana que vem ou no in\u00edcio do m\u00eas, esses pre\u00e7os j\u00e1 estejam nas prateleiras, com repasse de 10% ou 15%\u201d, previu.<\/p>\n<h2 class=\"wp-block-heading\" id=\"h-retracao-no-consumo-de-cafe\">Retra\u00e7\u00e3o no consumo de caf\u00e9<\/h2>\n<p>A associa\u00e7\u00e3o de produtores informa que a alta dos pre\u00e7os do caf\u00e9 observada em 2025 causou uma retra\u00e7\u00e3o no consumo do produto no mercado brasileiro. <\/p>\n<p>Segundo os dados que foram divulgados hoje pela Abic, houve queda de 5,41% nas vendas de caf\u00e9 no mercado brasileiro, entre os meses de janeiro e agosto deste ano, na compara\u00e7\u00e3o com o mesmo per\u00edodo do ano passado. Em n\u00fameros absolutos, as vendas ca\u00edram de 10,11 milh\u00f5es de sacas para 9,56 milh\u00f5es de sacas neste ano.<\/p>\n<p>A Abic reconhece que a alta nos pre\u00e7os foi bem expressiva, fazendo com que alguns tipos de caf\u00e9, como o sol\u00favel, acumulassem aumentos de at\u00e9 <strong>50,59%<\/strong>.<\/p>\n<p>Apesar dessa volatilidade nos pre\u00e7os e tamb\u00e9m da retra\u00e7\u00e3o no consumo, a Abic espera fechar este ano de 2025 com patamar semelhante ao do ano anterior.<\/p>\n<p>\u201cOs dados de setembro nos levam a crer que teremos um comportamento surpreendente ainda este ano, para o pr\u00f3ximo fechamento. Este \u00e9 um sentimento ainda incipiente, com base em n\u00fameros de setembro, j\u00e1 que estamos quase fechando o m\u00eas, mas \u00e9 um indicativo de que possivelmente teremos boas not\u00edcias em rela\u00e7\u00e3o ao consumo no fechamento do ano\u201d, projetou Cardoso.<\/p>\n<h2 class=\"wp-block-heading\" id=\"h-tarifaco-dos-eua\">Tarifa\u00e7o dos EUA<\/h2>\n<figure class=\"wp-block-image size-large\"><img fetchpriority=\"high\" decoding=\"async\" width=\"1024\" height=\"682\" alt=\"Donald Trump\" class=\"wp-image-4114277\"  data-lazy- src=\"https:\/\/agromt.news\/wp-content\/uploads\/2025\/09\/Exportacao-de-produtos-atingidos-por-tarifaco-cai-22-em-agosto.jpeg\"\/><img decoding=\"async\" width=\"1024\" height=\"682\" src=\"https:\/\/agromt.news\/wp-content\/uploads\/2025\/09\/Exportacao-de-produtos-atingidos-por-tarifaco-cai-22-em-agosto.jpeg\" alt=\"Donald Trump\" class=\"wp-image-4114277\"  \/><figcaption class=\"wp-element-caption\">Foto: Divulga\u00e7\u00e3o Casa Branca<\/figcaption><\/figure>\n<p>Segundo Pavel, a ind\u00fastria brasileira de caf\u00e9 tamb\u00e9m vive incertezas a respeito das sobretaxas \u00e0s exporta\u00e7\u00f5es do gr\u00e3o para os Estados Unidos. O Brasil, ressaltou ele, \u00e9 hoje o maior fornecedor de caf\u00e9 aos norte-americanos, que aumentaram as tarifas contra produtos brasileiros.<\/p>\n<p>\u201cA ordem executiva [do governo dos Estados Unidos], publicada no dia 6 de setembro, indica que os Estados Unidos conclu\u00edram e ouviram o mercado de que o caf\u00e9, n\u00e3o sendo l\u00e1 produzido, n\u00e3o ter\u00e1 tarifas. Essa leitura ainda n\u00e3o nos d\u00e1 clareza se voltar\u00e1 a zero [de tarifa] ou se continuar\u00e1 com 10%. A leitura que n\u00f3s fizemos \u00e9 que n\u00e3o ter\u00e1 tarifas, porque os Estados Unidos n\u00e3o produzem caf\u00e9. Tem apenas uma produ\u00e7\u00e3o muito incipiente, no Hava\u00ed e em Porto Rico, mas quase nada\u201d, falou o presidente da entidade.<\/p>\n<p>Al\u00e9m dessa ordem executiva, o setor avaliou como positiva a possibilidade de ocorrer uma reuni\u00e3o entres os presidentes do Brasil, Luiz In\u00e1cio Lula da Silva, e dos Estados Unidos, Donald Trump, na pr\u00f3xima semana. <\/p>\n<p>\u201cVamos conferir o encontro que haver\u00e1 entre os dois presidentes na pr\u00f3xima semana, mas isso revela como o caf\u00e9 e tamb\u00e9m o complexo de carnes \u00e9 sens\u00edvel em rela\u00e7\u00e3o \u00e0 infla\u00e7\u00e3o americana\u201d, ressaltou.<\/p>\n<h2 class=\"wp-block-heading\" id=\"h-queda-de-precos-do-cafe\">Queda de pre\u00e7os do caf\u00e9<\/h2>\n<p>Um estudo divulgado tamb\u00e9m nesta quarta-feira (24) pelo Centro de Estudos Avan\u00e7ados em Economia Aplicada (Cepea) apontou que, entre os dias 15 e 22 de setembro, o pre\u00e7o do caf\u00e9 ar\u00e1bica tipo 6, caiu 10,2% em S\u00e3o Paulo, enquanto o do caf\u00e9 robusta recuou 11,1%.<\/p>\n<p>Segundo o Indicador Cepea\/Esalq, essa redu\u00e7\u00e3o do pre\u00e7o foi resultado \u201cda expectativa de chuvas mais expressivas nas regi\u00f5es produtoras do Brasil, da realiza\u00e7\u00e3o de lucros e da liquida\u00e7\u00e3o de posi\u00e7\u00f5es de compra na Bolsa de Nova York (ICE Futures), ap\u00f3s fortes altas, al\u00e9m da possibilidade de que as tarifas dos Estados Unidos sobre o caf\u00e9 sejam retiradas\u201d.<\/p>\n<\/p><\/div>\n<p><br \/>\n<br \/><a href=\"https:\/\/www.canalrural.com.br\/agricultura\/industria-do-cafe-preve-alta-de-ate-15-nos-precos-nos-proximos-dias\/\">Source link <\/a><\/p>\n","protected":false},"excerpt":{"rendered":"<p>O pre\u00e7o do caf\u00e9 deve voltar a subir nos pr\u00f3ximos dias, alertou a Associa\u00e7\u00e3o Brasileira da Ind\u00fastria do Caf\u00e9 (Abic).<\/p>\n","protected":false},"author":1,"featured_media":19822,"comment_status":"open","ping_status":"open","sticky":false,"template":"","format":"standard","meta":{"_monsterinsights_skip_tracking":false,"_monsterinsights_sitenote_active":false,"_monsterinsights_sitenote_note":"","_monsterinsights_sitenote_category":0,"_uf_show_specific_survey":0,"_uf_disable_surveys":false,"footnotes":""},"categories":[1],"tags":[],"class_list":["post-20810","post","type-post","status-publish","format-standard","has-post-thumbnail","hentry","category-news"],"_links":{"self":[{"href":"https:\/\/agromt.news\/index.php?rest_route=\/wp\/v2\/posts\/20810"}],"collection":[{"href":"https:\/\/agromt.news\/index.php?rest_route=\/wp\/v2\/posts"}],"about":[{"href":"https:\/\/agromt.news\/index.php?rest_route=\/wp\/v2\/types\/post"}],"author":[{"embeddable":true,"href":"https:\/\/agromt.news\/index.php?rest_route=\/wp\/v2\/users\/1"}],"replies":[{"embeddable":true,"href":"https:\/\/agromt.news\/index.php?rest_route=%2Fwp%2Fv2%2Fcomments&post=20810"}],"version-history":[{"count":0,"href":"https:\/\/agromt.news\/index.php?rest_route=\/wp\/v2\/posts\/20810\/revisions"}],"wp:featuredmedia":[{"embeddable":true,"href":"https:\/\/agromt.news\/index.php?rest_route=\/wp\/v2\/media\/19822"}],"wp:attachment":[{"href":"https:\/\/agromt.news\/index.php?rest_route=%2Fwp%2Fv2%2Fmedia&parent=20810"}],"wp:term":[{"taxonomy":"category","embeddable":true,"href":"https:\/\/agromt.news\/index.php?rest_route=%2Fwp%2Fv2%2Fcategories&post=20810"},{"taxonomy":"post_tag","embeddable":true,"href":"https:\/\/agromt.news\/index.php?rest_route=%2Fwp%2Fv2%2Ftags&post=20810"}],"curies":[{"name":"wp","href":"https:\/\/api.w.org\/{rel}","templated":true}]}}