{"id":20804,"date":"2025-09-24T19:48:19","date_gmt":"2025-09-24T23:48:19","guid":{"rendered":"https:\/\/agromt.news\/?p=20804"},"modified":"2025-09-24T19:48:19","modified_gmt":"2025-09-24T23:48:19","slug":"saiba-como-ficaram-os-numeros-do-mercado-de-soja-no-brasil-e-em-chicago","status":"publish","type":"post","link":"https:\/\/agromt.news\/?p=20804","title":{"rendered":"Saiba como ficaram os n\u00fameros do mercado de soja no Brasil e em Chicago"},"content":{"rendered":"<p> <br \/>\n<br \/><img decoding=\"async\" src=\"https:\/\/agromt.news\/wp-content\/uploads\/2025\/03\/Como-ficaram-os-precos-da-soja-apos-o-periodo-de.jpg\" \/><\/p>\n<div>\n<p>O <a href=\"https:\/\/www.canalrural.com.br\/?s=mercado+de+soja\">mercado brasileiro <\/a>de soja apresentou poucas novidades nesta quarta-feira (24). Segundo Rafael Silveira, analista da consultoria <a href=\"https:\/\/safras.com.br\/\">Safras &amp; Mercado<\/a>, o ambiente foi de baixa liquidez e pre\u00e7os mistos. \u201cPouco reporte de neg\u00f3cios, produtor mais afastado, com lotes que n\u00e3o chamam a aten\u00e7\u00e3o\u201d, avaliou.<\/p>\n<ul class=\"wp-block-list\">\n<li><strong><em>Fique por dentro das novidades e not\u00edcias recentes sobre a soja! Participe da nossa comunidade atrav\u00e9s do\u00a0<a href=\"https:\/\/chat.whatsapp.com\/BmMRwA0TZ2DHGyhzoaVEWu\">link<\/a>! \ud83c\udf31<\/em><\/strong><\/li>\n<\/ul>\n<p>Ele acrescentou que, apesar de o d\u00f3lar dar algum f\u00f4lego de alta, os pr\u00eamios seguiram quase est\u00e1veis, enquanto os portos se mantiveram depreciados. \u201cO produtor vai ficar mais recuado, olhando para o plantio e esperando melhores indica\u00e7\u00f5es\u201d, disse.<\/p>\n<h3 class=\"wp-block-heading\" id=\"h-soja-no-brasil\">Soja no Brasil<\/h3>\n<ul class=\"wp-block-list\">\n<li><strong>Passo Fundo (RS):<\/strong> caiu de R$ 130 para R$ 129<\/li>\n<li><strong>Santa Rosa (RS):<\/strong> caiu de R$ 131 para R$ 130<\/li>\n<li><strong>Cascavel (PR):<\/strong> manteve em R$ 130<\/li>\n<li><strong>Rondon\u00f3polis (MT):<\/strong> subiu de R$ 124 para R$ 125<\/li>\n<li><strong>Dourados (MS):<\/strong> subiu de R$ 123 para R$ 123,50<\/li>\n<li><strong>Rio Verde (GO):<\/strong> caiu de R$ 122 para R$ 121<\/li>\n<li><strong>Paranagu\u00e1 (PR):<\/strong> caiu de R$ 135 para R$ 134<\/li>\n<li><strong>Rio Grande (RS):<\/strong> caiu de R$ 136 para R$ 134<\/li>\n<\/ul>\n<h3 class=\"wp-block-heading\" id=\"h-soja-em-chicago\">Soja em Chicago<\/h3>\n<p>Os contratos futuros da soja recuaram na Bolsa de Mercadorias de Chicago (CBOT) nesta quarta-feira. O mercado encerrou pressionado pela fraca demanda chinesa pelo produto americano. Com a recente retirada das reten\u00e7\u00f5es argentinas, a China voltou seu interesse para a soja da Argentina, pressionando as cota\u00e7\u00f5es futuras.<\/p>\n<p>Importadores chineses mantiveram compras intensas de soja argentina ap\u00f3s a suspens\u00e3o tempor\u00e1ria dos impostos de exporta\u00e7\u00e3o, tornando os pre\u00e7os do pa\u00eds sul-americano mais competitivos. Isso afetou os Estados Unidos justamente no in\u00edcio da colheita de uma safra abundante, rejeitada pela China em meio \u00e0 guerra comercial entre as duas maiores economias.<\/p>\n<h3 class=\"wp-block-heading\" id=\"h-contratos-futuros-de-soja\">Contratos futuros de soja <\/h3>\n<p>Os contratos da soja em gr\u00e3o com entrega em novembro fecharam com baixa de 3,00 centavos de d\u00f3lar, ou 0,29%, a US$ 10,09 por bushel. A posi\u00e7\u00e3o janeiro teve cota\u00e7\u00e3o de US$ 10,28 1\/2 por bushel, com baixa de 3,25 centavos ou 0,31%.<\/p>\n<p>Nos subprodutos, a posi\u00e7\u00e3o dezembro do farelo fechou com baixa de US$ 1,20 ou 0,43%, a US$ 276,10 por tonelada. No \u00f3leo, os contratos com vencimento em dezembro fecharam a 49,84 centavos de d\u00f3lar, com perda de 0,04 centavo ou 0,08%.<\/p>\n<h3 class=\"wp-block-heading\" id=\"h-cambio\">C\u00e2mbio <\/h3>\n<p>O d\u00f3lar comercial encerrou a sess\u00e3o em alta de 0,93%, sendo negociado a R$ 5,3268 para venda e R$ 5,3248 para compra, com m\u00ednima de R$ 5,2941 e m\u00e1xima de R$ 5,3306 durante o dia.<\/p>\n<\/p><\/div>\n<p><br \/>\n<br \/><a href=\"https:\/\/www.canalrural.com.br\/agricultura\/projeto-soja-brasil\/saiba-como-ficaram-os-numeros-de-mercado-da-soja-no-brasil-e-chicago\/\">Source link <\/a><\/p>\n","protected":false},"excerpt":{"rendered":"<p>O mercado brasileiro de soja apresentou poucas novidades nesta quarta-feira (24). Segundo Rafael Silveira, analista da consultoria Safras &amp; Mercado,<\/p>\n","protected":false},"author":1,"featured_media":13992,"comment_status":"open","ping_status":"open","sticky":false,"template":"","format":"standard","meta":{"_monsterinsights_skip_tracking":false,"_monsterinsights_sitenote_active":false,"_monsterinsights_sitenote_note":"","_monsterinsights_sitenote_category":0,"_uf_show_specific_survey":0,"_uf_disable_surveys":false,"footnotes":""},"categories":[1],"tags":[],"class_list":["post-20804","post","type-post","status-publish","format-standard","has-post-thumbnail","hentry","category-news"],"_links":{"self":[{"href":"https:\/\/agromt.news\/index.php?rest_route=\/wp\/v2\/posts\/20804"}],"collection":[{"href":"https:\/\/agromt.news\/index.php?rest_route=\/wp\/v2\/posts"}],"about":[{"href":"https:\/\/agromt.news\/index.php?rest_route=\/wp\/v2\/types\/post"}],"author":[{"embeddable":true,"href":"https:\/\/agromt.news\/index.php?rest_route=\/wp\/v2\/users\/1"}],"replies":[{"embeddable":true,"href":"https:\/\/agromt.news\/index.php?rest_route=%2Fwp%2Fv2%2Fcomments&post=20804"}],"version-history":[{"count":0,"href":"https:\/\/agromt.news\/index.php?rest_route=\/wp\/v2\/posts\/20804\/revisions"}],"wp:featuredmedia":[{"embeddable":true,"href":"https:\/\/agromt.news\/index.php?rest_route=\/wp\/v2\/media\/13992"}],"wp:attachment":[{"href":"https:\/\/agromt.news\/index.php?rest_route=%2Fwp%2Fv2%2Fmedia&parent=20804"}],"wp:term":[{"taxonomy":"category","embeddable":true,"href":"https:\/\/agromt.news\/index.php?rest_route=%2Fwp%2Fv2%2Fcategories&post=20804"},{"taxonomy":"post_tag","embeddable":true,"href":"https:\/\/agromt.news\/index.php?rest_route=%2Fwp%2Fv2%2Ftags&post=20804"}],"curies":[{"name":"wp","href":"https:\/\/api.w.org\/{rel}","templated":true}]}}