{"id":20801,"date":"2025-09-24T19:33:33","date_gmt":"2025-09-24T23:33:33","guid":{"rendered":"https:\/\/agromt.news\/?p=20801"},"modified":"2025-09-24T19:33:33","modified_gmt":"2025-09-24T23:33:33","slug":"como-o-manuseio-dos-alimentos-evita-contaminacoes","status":"publish","type":"post","link":"https:\/\/agromt.news\/?p=20801","title":{"rendered":"Como o manuseio dos alimentos evita contamina\u00e7\u00f5es"},"content":{"rendered":"<p> <br \/>\n<br \/><img decoding=\"async\" src=\"https:\/\/agromt.news\/wp-content\/uploads\/2025\/09\/Como-o-manuseio-dos-alimentos-evita-contaminacoes.jpg\" \/><\/p>\n<div>\n<p>A <strong>seguran\u00e7a alimentar<\/strong> \u00e9 uma preocupa\u00e7\u00e3o global que come\u00e7a no campo, mas se estende at\u00e9 a cozinha de casa. A responsabilidade por alimentos seguros n\u00e3o se restringe \u00e0 alta tecnologia das fazendas, mas tamb\u00e9m \u00e0s boas pr\u00e1ticas di\u00e1rias de manuseio e armazenamento.\u00a0Confira o v\u00eddeo.<\/p>\n<figure class=\"wp-block-embed is-type-video is-provider-youtube wp-block-embed-youtube wp-embed-aspect-16-9 wp-has-aspect-ratio\">\n<p>\n<iframe title=\"DA FAZENDA AO PRATO: OS CUIDADOS COM O MANUSEIO DOS ALIMENTOS QUE EVITAM CONTAMINA\u00c7\u00d5ES\" width=\"800\" height=\"450\" src=\"https:\/\/www.youtube.com\/embed\/XeY7B2ITz5w?feature=oembed\" frameborder=\"0\" allow=\"accelerometer; autoplay; clipboard-write; encrypted-media; gyroscope; picture-in-picture; web-share\" referrerpolicy=\"strict-origin-when-cross-origin\" allowfullscreen><\/iframe><noscript><iframe title=\"DA FAZENDA AO PRATO: OS CUIDADOS COM O MANUSEIO DOS ALIMENTOS QUE EVITAM CONTAMINA\u00c7\u00d5ES\" width=\"800\" height=\"450\" src=\"https:\/\/www.youtube.com\/embed\/XeY7B2ITz5w?feature=oembed\" frameborder=\"0\" allow=\"accelerometer; autoplay; clipboard-write; encrypted-media; gyroscope; picture-in-picture; web-share\" referrerpolicy=\"strict-origin-when-cross-origin\" allowfullscreen><\/iframe><\/noscript>\n<\/p>\n<\/figure>\n<p>Dados da <strong>Organiza\u00e7\u00e3o Mundial da Sa\u00fade (OMS)<\/strong> revelam a gravidade do problema: cerca de 420 mil pessoas morrem anualmente no mundo devido a contamina\u00e7\u00f5es por v\u00edrus, bact\u00e9rias e fungos, muitas vezes invis\u00edveis a olho nu.<\/p>\n<p>A especialista em seguran\u00e7a de alimentos Paula Eloize ressalta que o principal foco de contamina\u00e7\u00e3o n\u00e3o est\u00e1 nas grandes tecnologias de produ\u00e7\u00e3o, como a rastreabilidade digital, mas sim no manuseio di\u00e1rio dos produtos pelo consumidor.\u00a0<\/p>\n<p>Um alimento que chega seguro da fazenda pode ser comprometido na etapa final, por falhas simples e comuns. Um dos erros mais graves \u00e9 confiar apenas na apar\u00eancia e no cheiro do alimento, que podem parecer normais, mas j\u00e1 est\u00e3o contaminados.<\/p>\n<p>Segundo a Vigil\u00e2ncia Epidemiol\u00f3gica de Doen\u00e7as de Transmiss\u00e3o H\u00eddrica e Alimentar, muitos surtos de intoxica\u00e7\u00e3o alimentar no Brasil acontecem dentro das pr\u00f3prias casas. A falta de conhecimento sobre o manuseio correto dos alimentos \u00e9 o principal fator de risco, transformando um ambiente de preparo em um local de prolifera\u00e7\u00e3o de microrganismos perigosos.<\/p>\n<h3 class=\"wp-block-heading\" id=\"h-perigos-na-cozinha-e-a-importancia-da-contaminacao-cruzada\"><strong>Perigos na cozinha e a import\u00e2ncia da contamina\u00e7\u00e3o cruzada<\/strong><\/h3>\n<p>A geladeira, por exemplo, n\u00e3o \u00e9 um local infal\u00edvel para a seguran\u00e7a dos alimentos. O armazenamento inadequado pode transform\u00e1-la em um ambiente ideal para o desenvolvimento de bact\u00e9rias.\u00a0<\/p>\n<p>A <strong>contamina\u00e7\u00e3o cruzada<\/strong>, outro erro comum, ocorre quando os mesmos utens\u00edlios, como facas e t\u00e1buas, s\u00e3o utilizados para cortar alimentos crus e cozidos. Isso transfere microrganismos patog\u00eanicos de um alimento para o outro, colocando em risco a sa\u00fade de quem vai consumi-lo.<\/p>\n<p>Para garantir a <strong>seguran\u00e7a alimentar<\/strong> em todas as etapas, desde a compra at\u00e9 o consumo, \u00e9 crucial seguir boas pr\u00e1ticas. Elas s\u00e3o simples, mas extremamente eficazes:<\/p>\n<ul class=\"wp-block-list\">\n<li><strong>Na compra:<\/strong> Deixe para pegar os alimentos perec\u00edveis (carnes, latic\u00ednios, frios) por \u00faltimo, para que permane\u00e7am refrigerados o m\u00e1ximo de tempo poss\u00edvel.<\/li>\n<li><strong>No transporte:<\/strong> Separe os alimentos dos produtos de limpeza. Utilize sacolas espec\u00edficas para cada tipo de produto para evitar qualquer tipo de contato.<\/li>\n<li><strong>Na geladeira:<\/strong> Para evitar a contamina\u00e7\u00e3o cruzada, armazene alimentos prontos para consumo nas prateleiras superiores e os alimentos crus, como carnes, nas prateleiras inferiores.<\/li>\n<li><strong>No preparo:<\/strong> Use t\u00e1buas e facas diferentes para manusear carnes cruas e alimentos cozidos ou que ser\u00e3o consumidos crus, como saladas.<\/li>\n<li><strong>No consumo:<\/strong> Reaque\u00e7a alimentos reaproveitados at\u00e9 que atinjam uma temperatura segura para eliminar poss\u00edveis bact\u00e9rias. Descarte o que ficou muito tempo fora da geladeira, especialmente em climas quentes.<\/li>\n<\/ul>\n<p>O controle de temperatura \u00e9 um dos pontos mais importantes. A faixa de <strong>5\u00b0C a 60\u00b0C<\/strong> \u00e9 conhecida como \u201czona de perigo\u201d, ideal para a prolifera\u00e7\u00e3o de microrganismos. Manter a geladeira abaixo de <strong>5\u00b0C<\/strong> e os alimentos quentes acima de <strong>60\u00b0C<\/strong> \u00e9 essencial para evitar qualquer tipo de contamina\u00e7\u00e3o.<\/p>\n<p>A transpar\u00eancia e o compromisso com a seguran\u00e7a alimentar tamb\u00e9m s\u00e3o diferenciais para empresas do agroneg\u00f3cio. Neg\u00f3cios que adotam protocolos rigorosos, como o sistema de <strong>An\u00e1lise de Perigos e Pontos Cr\u00edticos de Controle (APPCC)<\/strong>, ganham a confian\u00e7a e a fidelidade do consumidor, mostrando que a responsabilidade pela seguran\u00e7a dos alimentos \u00e9 uma prioridade em toda a cadeia produtiva.<\/p>\n<\/p><\/div>\n<p><br \/>\n<br \/><a href=\"https:\/\/www.canalrural.com.br\/pecuaria\/da-fazenda-ao-prato-como-o-manuseio-dos-alimentos-evita-contaminacoes\/\">Source link <\/a><\/p>\n","protected":false},"excerpt":{"rendered":"<p>A seguran\u00e7a alimentar \u00e9 uma preocupa\u00e7\u00e3o global que come\u00e7a no campo, mas se estende at\u00e9 a cozinha de casa. A<\/p>\n","protected":false},"author":1,"featured_media":20802,"comment_status":"open","ping_status":"open","sticky":false,"template":"","format":"standard","meta":{"_monsterinsights_skip_tracking":false,"_monsterinsights_sitenote_active":false,"_monsterinsights_sitenote_note":"","_monsterinsights_sitenote_category":0,"_uf_show_specific_survey":0,"_uf_disable_surveys":false,"footnotes":""},"categories":[1],"tags":[],"class_list":["post-20801","post","type-post","status-publish","format-standard","has-post-thumbnail","hentry","category-news"],"_links":{"self":[{"href":"https:\/\/agromt.news\/index.php?rest_route=\/wp\/v2\/posts\/20801"}],"collection":[{"href":"https:\/\/agromt.news\/index.php?rest_route=\/wp\/v2\/posts"}],"about":[{"href":"https:\/\/agromt.news\/index.php?rest_route=\/wp\/v2\/types\/post"}],"author":[{"embeddable":true,"href":"https:\/\/agromt.news\/index.php?rest_route=\/wp\/v2\/users\/1"}],"replies":[{"embeddable":true,"href":"https:\/\/agromt.news\/index.php?rest_route=%2Fwp%2Fv2%2Fcomments&post=20801"}],"version-history":[{"count":0,"href":"https:\/\/agromt.news\/index.php?rest_route=\/wp\/v2\/posts\/20801\/revisions"}],"wp:featuredmedia":[{"embeddable":true,"href":"https:\/\/agromt.news\/index.php?rest_route=\/wp\/v2\/media\/20802"}],"wp:attachment":[{"href":"https:\/\/agromt.news\/index.php?rest_route=%2Fwp%2Fv2%2Fmedia&parent=20801"}],"wp:term":[{"taxonomy":"category","embeddable":true,"href":"https:\/\/agromt.news\/index.php?rest_route=%2Fwp%2Fv2%2Fcategories&post=20801"},{"taxonomy":"post_tag","embeddable":true,"href":"https:\/\/agromt.news\/index.php?rest_route=%2Fwp%2Fv2%2Ftags&post=20801"}],"curies":[{"name":"wp","href":"https:\/\/api.w.org\/{rel}","templated":true}]}}