{"id":20799,"date":"2025-09-24T19:19:14","date_gmt":"2025-09-24T23:19:14","guid":{"rendered":"https:\/\/agromt.news\/?p=20799"},"modified":"2025-09-24T19:19:14","modified_gmt":"2025-09-24T23:19:14","slug":"barra-agroshow-movimenta-mais-de-r-32-milhoes-em-negocios","status":"publish","type":"post","link":"https:\/\/agromt.news\/?p=20799","title":{"rendered":"Barra Agroshow movimenta mais de R$ 32 milh\u00f5es em neg\u00f3cios"},"content":{"rendered":"<p> <br \/>\n<\/p>\n<div>\n<p>A comiss\u00e3o organizadora da <strong>Barra Agroshow<\/strong>, feira de agroneg\u00f3cio realizada em Barra (BA), entre os dias 4 e 6 de setembro, divulgou nesta quarta-feira (24), que a primeira edi\u00e7\u00e3o do evento movimentou mais de <strong>R$ 32 milh\u00f5es em neg\u00f3cios<\/strong> e recebeu 12 mil visitantes.<\/p>\n<p>Para os organizadores os n\u00fameros refletem que em sua primeira edi\u00e7\u00e3o, o evento j\u00e1 se consolidou no calend\u00e1rio do setor baiano, destacando-se pela inova\u00e7\u00e3o e pelo fortalecimento de uma nova fronteira agr\u00edcola.<\/p>\n<p>Com 84 expositores e mais de 120 marcas presentes, a Feira se firmou como palco para oportunidades de neg\u00f3cios, gera\u00e7\u00e3o de conhecimento e troca de experi\u00eancias entre produtores, empres\u00e1rios, pesquisadores, estudantes e representantes de diferentes elos das cadeias produtivas regionais. <\/p>\n<p>A programa\u00e7\u00e3o contou com quase 30 palestras abordando temas diversos ligados \u00e0 agricultura. <\/p>\n<p>Segundo o presidente da Barra Agroshow e do Sindicato dos Produtores Rurais de Barra, Marco Caviola, o evento abriu novas perspectivas para o M\u00e9dio S\u00e3o Francisco e para toda a Bahia.<\/p>\n<p>\u201cRecebemos aqui grandes especialistas brasileiros, com conhecimento em t\u00e9cnicas avan\u00e7adas de produ\u00e7\u00e3o e manejo, que compartilharam experi\u00eancias e tiraram d\u00favidas. Esse conte\u00fado ter\u00e1 impacto direto na nossa produ\u00e7\u00e3o e abrir\u00e1 novas portas\u201d, destacou Caviola.<\/p>\n<h2 class=\"wp-block-heading\" id=\"h-agricultura-familiar\"><strong>Agricultura familiar<\/strong><\/h2>\n<p>O dirigente ressaltou tamb\u00e9m a integra\u00e7\u00e3o entre o com\u00e9rcio e a agricultura familiar, com a participa\u00e7\u00e3o de mais de 25 produtores locais que puderam apresentar seus produtos. <\/p>\n<p>Al\u00e9m disso, outro marco apontado pelos orgnizadores foi a realiza\u00e7\u00e3o do I Encontro Mulheres do Agro, no dia 5 de setembro.<\/p>\n<figure class=\"wp-block-image size-large\"><img fetchpriority=\"high\" decoding=\"async\" width=\"1024\" height=\"682\" alt=\"Palestras Barra Agroshow, evento\" class=\"wp-image-4124909\"  data-lazy- src=\"https:\/\/agromt.news\/wp-content\/uploads\/2025\/09\/Barra-Agroshow-movimenta-mais-de-R-32-milhoes-em-negocios.jpg\"\/><img decoding=\"async\" width=\"1024\" height=\"682\" src=\"https:\/\/agromt.news\/wp-content\/uploads\/2025\/09\/Barra-Agroshow-movimenta-mais-de-R-32-milhoes-em-negocios.jpg\" alt=\"Palestras Barra Agroshow, evento\" class=\"wp-image-4124909\"  \/><figcaption class=\"wp-element-caption\">Foto: Marca Comunica\u00e7\u00e3o<\/figcaption><\/figure>\n<p>\u201cNunca em Barra vimos um movimento t\u00e3o expressivo de mulheres, desde l\u00edderes do setor at\u00e9 agricultoras familiares. Esse protagonismo \u00e9 reflexo da for\u00e7a e do alcance da Feira\u201d, completou Caviola.<\/p>\n<h2 class=\"wp-block-heading\" id=\"h-solidariedade\">Solidariedade<\/h2>\n<p>Por fim, o evento tamb\u00e9m deixou sua contribui\u00e7\u00e3o social: mais de tr\u00eas toneladas de alimentos foram arrecadadas na entrada do evento e destinadas a cinco institui\u00e7\u00f5es de Barra. <\/p>\n<ul class=\"wp-block-list\">\n<li>Associa\u00e7\u00e3o dos Pequenos Produtores Rurais de Wanderley<\/li>\n<li>Lar dos Idosos de Barra<\/li>\n<li>A\u00e7\u00e3o Solid\u00e1ria Adventista-ASA <\/li>\n<li>Obra Social Madre Regina <\/li>\n<li>Associa\u00e7\u00e3o dos Pequenos Trabalhadores Rurais do Barro Vermelho.<\/li>\n<\/ul>\n<p>\u201cFoi uma forma de devolver \u00e0 cidade toda a prosperidade que ela nos proporciona\u201d, ressaltou o presidente Marco Caviola.<\/p>\n<p>Localizada no Oeste da Bahia, na regi\u00e3o do M\u00e9dio S\u00e3o Francisco, Barra \u00e9 reconhecida pelo cultivo de frutas irrigadas e apresenta forte potencial para culturas como cacau, uva, manga, citros e pecu\u00e1ria. <\/p>\n<figure class=\"wp-block-embed is-type-video is-provider-youtube wp-block-embed-youtube wp-embed-aspect-16-9 wp-has-aspect-ratio\">\n<p>\n<iframe title=\"Produ\u00e7\u00e3o de frutas \u00e9 destaque em feira no oeste da bahia\" width=\"800\" height=\"450\" src=\"https:\/\/www.youtube.com\/embed\/Fvn83PiitFw?feature=oembed\" frameborder=\"0\" allow=\"accelerometer; autoplay; clipboard-write; encrypted-media; gyroscope; picture-in-picture; web-share\" referrerpolicy=\"strict-origin-when-cross-origin\" allowfullscreen><\/iframe><noscript><iframe title=\"Produ\u00e7\u00e3o de frutas \u00e9 destaque em feira no oeste da bahia\" width=\"800\" height=\"450\" src=\"https:\/\/www.youtube.com\/embed\/Fvn83PiitFw?feature=oembed\" frameborder=\"0\" allow=\"accelerometer; autoplay; clipboard-write; encrypted-media; gyroscope; picture-in-picture; web-share\" referrerpolicy=\"strict-origin-when-cross-origin\" allowfullscreen><\/iframe><\/noscript>\n<\/p>\n<\/figure>\n<hr class=\"wp-block-separator has-alpha-channel-opacity\"\/>\n<p><em>Voc\u00ea tamb\u00e9m pode participar deixando uma sugest\u00e3o de pauta. Siga o\u00a0<a href=\"https:\/\/www.instagram.com\/canalruralbahia\/\">Canal Rural Bahia no Instagram<\/a>\u00a0e nos envie uma mensagem<\/em>.<\/p>\n<\/p><\/div>\n<p><script async src=\"\/\/www.instagram.com\/embed.js\"><\/script><br \/>\n<br \/><br \/>\n<br \/><a href=\"https:\/\/www.canalrural.com.br\/nacional\/bahia\/barra-agroshow-movimenta-mais-de-r-32-milhoes-em-negocios\/\">Source link <\/a><\/p>\n","protected":false},"excerpt":{"rendered":"<p>A comiss\u00e3o organizadora da Barra Agroshow, feira de agroneg\u00f3cio realizada em Barra (BA), entre os dias 4 e 6 de<\/p>\n","protected":false},"author":1,"featured_media":20800,"comment_status":"open","ping_status":"open","sticky":false,"template":"","format":"standard","meta":{"_monsterinsights_skip_tracking":false,"_monsterinsights_sitenote_active":false,"_monsterinsights_sitenote_note":"","_monsterinsights_sitenote_category":0,"_uf_show_specific_survey":0,"_uf_disable_surveys":false,"footnotes":""},"categories":[1],"tags":[],"class_list":["post-20799","post","type-post","status-publish","format-standard","has-post-thumbnail","hentry","category-news"],"_links":{"self":[{"href":"https:\/\/agromt.news\/index.php?rest_route=\/wp\/v2\/posts\/20799"}],"collection":[{"href":"https:\/\/agromt.news\/index.php?rest_route=\/wp\/v2\/posts"}],"about":[{"href":"https:\/\/agromt.news\/index.php?rest_route=\/wp\/v2\/types\/post"}],"author":[{"embeddable":true,"href":"https:\/\/agromt.news\/index.php?rest_route=\/wp\/v2\/users\/1"}],"replies":[{"embeddable":true,"href":"https:\/\/agromt.news\/index.php?rest_route=%2Fwp%2Fv2%2Fcomments&post=20799"}],"version-history":[{"count":0,"href":"https:\/\/agromt.news\/index.php?rest_route=\/wp\/v2\/posts\/20799\/revisions"}],"wp:featuredmedia":[{"embeddable":true,"href":"https:\/\/agromt.news\/index.php?rest_route=\/wp\/v2\/media\/20800"}],"wp:attachment":[{"href":"https:\/\/agromt.news\/index.php?rest_route=%2Fwp%2Fv2%2Fmedia&parent=20799"}],"wp:term":[{"taxonomy":"category","embeddable":true,"href":"https:\/\/agromt.news\/index.php?rest_route=%2Fwp%2Fv2%2Fcategories&post=20799"},{"taxonomy":"post_tag","embeddable":true,"href":"https:\/\/agromt.news\/index.php?rest_route=%2Fwp%2Fv2%2Ftags&post=20799"}],"curies":[{"name":"wp","href":"https:\/\/api.w.org\/{rel}","templated":true}]}}