{"id":20798,"date":"2025-09-24T19:05:19","date_gmt":"2025-09-24T23:05:19","guid":{"rendered":"https:\/\/agromt.news\/?p=20798"},"modified":"2025-09-24T19:05:19","modified_gmt":"2025-09-24T23:05:19","slug":"isencao-do-ir-ate-r-5-mil-ja-tem-data-de-votacao-marcada-na-camara","status":"publish","type":"post","link":"https:\/\/agromt.news\/?p=20798","title":{"rendered":"Isen\u00e7\u00e3o do IR at\u00e9 R$ 5 mil j\u00e1 tem data de vota\u00e7\u00e3o marcada na C\u00e2mara"},"content":{"rendered":"<p> <br \/>\n<br \/><img decoding=\"async\" src=\"https:\/\/agromt.news\/wp-content\/uploads\/2025\/03\/Orcamento-de-2025-sera-votado-nesta-sexta.jpg\" \/><\/p>\n<div>\n<p>A Comiss\u00e3o de Assuntos Econ\u00f4micos (CAE) do Senado aprovou, nesta quarta-feira (24), o projeto de lei que amplia a faixa de isen\u00e7\u00e3o do Imposto de Renda. Al\u00e9m disso, o texto prev\u00ea isen\u00e7\u00e3o para rendimentos mensais de at\u00e9 R$ 5 mil e segue agora para a <a href=\"https:\/\/www.canalrural.com.br\/tag\/camara-dos-deputados\/\">C\u00e2mara dos Deputados<\/a>. <\/p>\n<p>Com 21 votos favor\u00e1veis, a proposta foi aprovada por unanimidade pelos senadores da CAE. Por tramitar em car\u00e1ter terminativo, pode seguir direto para an\u00e1lise dos deputados, por isso, n\u00e3o precisar\u00e1 passar pelo plen\u00e1rio do Senado.<\/p>\n<p>Segundo o presidente da C\u00e2mara, Hugo Motta (Republicanos-PB), a an\u00e1lise ocorrer\u00e1 na pr\u00f3xima quarta-feira, 1\u00ba de outubro. Nas redes sociais, ele afirmou que a decis\u00e3o de pautar a vota\u00e7\u00e3o foi resultado de acordo com os l\u00edderes partid\u00e1rios. \u201cVamos avan\u00e7ar com equil\u00edbrio e di\u00e1logo, trabalhando em pautas importantes para o Brasil\u201d, disse.<\/p>\n<p>Nesta semana, o ministro da Fazenda, Fernando Haddad, afirmou que a isen\u00e7\u00e3o do imposto de renda ser\u00e1 sancionada pelo presidente Lula ainda em outubro.<\/p>\n<h2 class=\"wp-block-heading\" id=\"h-alteracoes-na-tabela-e-novas-regras-de-isencao\">Altera\u00e7\u00f5es na tabela e novas regras de isen\u00e7\u00e3o<\/h2>\n<p>O projeto estabelece que contribuintes que recebem at\u00e9 R$ 5 mil por m\u00eas fiquem livres da cobran\u00e7a do imposto. Para quem ganha entre R$ 5 mil e R$ 7.350, haver\u00e1 redu\u00e7\u00e3o parcial e proporcional. Tamb\u00e9m est\u00e1 prevista a atualiza\u00e7\u00e3o do limite para dedu\u00e7\u00e3o simplificada, que passa para R$ 17.640 anuais.<\/p>\n<p>A proposta cria ainda o Imposto de Renda das Pessoas F\u00edsicas M\u00ednimo (IRPFM), com al\u00edquota de at\u00e9 10% para lucros anuais acima de R$ 1,2 milh\u00e3o. Lucros distribu\u00eddos ao exterior tamb\u00e9m passar\u00e3o a ser taxados em 10% na fonte, com mecanismos de compensa\u00e7\u00e3o para evitar bitributa\u00e7\u00e3o. Empresas do Simples Nacional ficam fora da regra.<\/p>\n<p>Segundo o relator, senador Renan Calheiros (MDB-AL), o objetivo \u00e9 corrigir a defasagem hist\u00f3rica da tabela e assegurar maior progressividade. \u201cO texto conjuga justi\u00e7a social, seguran\u00e7a jur\u00eddica e responsabilidade fiscal\u201d, afirmou.<\/p>\n<h2 class=\"wp-block-heading\" id=\"h-dividas-e-compensacao-a-estados-e-municipios\">D\u00edvidas e compensa\u00e7\u00e3o a estados e munic\u00edpios<\/h2>\n<p>O projeto institui tamb\u00e9m o Programa de Regulariza\u00e7\u00e3o Tribut\u00e1ria para Pessoas F\u00edsicas de Baixa Renda (Pert-Baixa Renda). Poder\u00e3o aderir contribuintes com renda mensal de at\u00e9 R$ 7.350, com parcelamento integral ou parcial das d\u00edvidas, a depender da faixa de renda.<\/p>\n<p>Outra medida foi a inclus\u00e3o da compensa\u00e7\u00e3o financeira a estados, munic\u00edpios e ao Distrito Federal para eventuais perdas de arrecada\u00e7\u00e3o. O ressarcimento ser\u00e1 escalonado at\u00e9 2035, come\u00e7ando em 100% e diminuindo gradualmente ao longo dos anos.<\/p>\n<\/p><\/div>\n<p><br \/>\n<br \/><a href=\"https:\/\/www.canalrural.com.br\/politica\/isencao-do-ir-ate-r-5-mil-ja-tem-data-de-votacao-marcada-na-camara\/\">Source link <\/a><\/p>\n","protected":false},"excerpt":{"rendered":"<p>A Comiss\u00e3o de Assuntos Econ\u00f4micos (CAE) do Senado aprovou, nesta quarta-feira (24), o projeto de lei que amplia a faixa<\/p>\n","protected":false},"author":1,"featured_media":11106,"comment_status":"open","ping_status":"open","sticky":false,"template":"","format":"standard","meta":{"_monsterinsights_skip_tracking":false,"_monsterinsights_sitenote_active":false,"_monsterinsights_sitenote_note":"","_monsterinsights_sitenote_category":0,"_uf_show_specific_survey":0,"_uf_disable_surveys":false,"footnotes":""},"categories":[1],"tags":[],"class_list":["post-20798","post","type-post","status-publish","format-standard","has-post-thumbnail","hentry","category-news"],"_links":{"self":[{"href":"https:\/\/agromt.news\/index.php?rest_route=\/wp\/v2\/posts\/20798"}],"collection":[{"href":"https:\/\/agromt.news\/index.php?rest_route=\/wp\/v2\/posts"}],"about":[{"href":"https:\/\/agromt.news\/index.php?rest_route=\/wp\/v2\/types\/post"}],"author":[{"embeddable":true,"href":"https:\/\/agromt.news\/index.php?rest_route=\/wp\/v2\/users\/1"}],"replies":[{"embeddable":true,"href":"https:\/\/agromt.news\/index.php?rest_route=%2Fwp%2Fv2%2Fcomments&post=20798"}],"version-history":[{"count":0,"href":"https:\/\/agromt.news\/index.php?rest_route=\/wp\/v2\/posts\/20798\/revisions"}],"wp:featuredmedia":[{"embeddable":true,"href":"https:\/\/agromt.news\/index.php?rest_route=\/wp\/v2\/media\/11106"}],"wp:attachment":[{"href":"https:\/\/agromt.news\/index.php?rest_route=%2Fwp%2Fv2%2Fmedia&parent=20798"}],"wp:term":[{"taxonomy":"category","embeddable":true,"href":"https:\/\/agromt.news\/index.php?rest_route=%2Fwp%2Fv2%2Fcategories&post=20798"},{"taxonomy":"post_tag","embeddable":true,"href":"https:\/\/agromt.news\/index.php?rest_route=%2Fwp%2Fv2%2Ftags&post=20798"}],"curies":[{"name":"wp","href":"https:\/\/api.w.org\/{rel}","templated":true}]}}