{"id":20796,"date":"2025-09-24T18:51:45","date_gmt":"2025-09-24T22:51:45","guid":{"rendered":"https:\/\/agromt.news\/?p=20796"},"modified":"2025-09-24T18:51:45","modified_gmt":"2025-09-24T22:51:45","slug":"brasil-pode-produzir-alimentos-preservando-o-meio-ambiente-diz-daoud-sobre-fundo-de-florestas","status":"publish","type":"post","link":"https:\/\/agromt.news\/?p=20796","title":{"rendered":"&#8220;Brasil pode produzir alimentos preservando o meio ambiente\u201d, diz Daoud sobre fundo de florestas"},"content":{"rendered":"<p> <br \/>\n<br \/><img decoding=\"async\" src=\"https:\/\/agromt.news\/wp-content\/uploads\/2025\/09\/Brasil-pode-produzir-alimentos-preservando-o-meio-ambiente-diz-Daoud.jpeg\" \/><\/p>\n<div>\n<p>O presidente Luiz In\u00e1cio Lula da Silva anunciou, nesta ter\u00e7a-feira (23), em <a href=\"https:\/\/www.canalrural.com.br\/tag\/new-york\/\">Nova York<\/a>, um aporte de US$ 1 bilh\u00e3o no Fundo Florestas Tropicais para Sempre (TFF, na sigla em ingl\u00eas).<\/p>\n<p>O mecanismo tem como objetivo remunerar financeiramente os pa\u00edses que preservam suas florestas tropicais, funcionando como um modelo de financiamento clim\u00e1tico de alcance global.<\/p>\n<h2 class=\"wp-block-heading\" id=\"h-fundo-voltado-a-preservacao\">Fundo voltado \u00e0 preserva\u00e7\u00e3o<\/h2>\n<p>Segundo Lula, o TFF foi estruturado em parceria com o <a href=\"https:\/\/www.canalrural.com.br\/tag\/banco-mundial\/\">Banco Mundial<\/a>, organiza\u00e7\u00f5es internacionais, sociedade civil, povos ind\u00edgenas e comunidades locais. <\/p>\n<p>A proposta \u00e9 complementar a outros mecanismos de pagamento por redu\u00e7\u00e3o de emiss\u00f5es de gases de efeito estufa, articulando conserva\u00e7\u00e3o, uso sustent\u00e1vel de recursos ecossist\u00eamicos e justi\u00e7a social.<\/p>\n<p>\u201cO TFF n\u00e3o \u00e9 caridade, \u00e9 um investimento na humanidade, no planeta, contra a amea\u00e7a de devasta\u00e7\u00e3o pelo caos clim\u00e1tico\u201d, afirmou o presidente.<\/p>\n<p>O Brasil ser\u00e1 o primeiro pa\u00eds a aportar recursos no fundo, liderando o compromisso global. Em agosto, durante reuni\u00e3o em Bogot\u00e1, o TFF j\u00e1 havia recebido o apoio dos pa\u00edses membros da Organiza\u00e7\u00e3o do Tratado de Coopera\u00e7\u00e3o Amaz\u00f4nica.<\/p>\n<h2 class=\"wp-block-heading\" id=\"h-repercussao-no-agro\">Repercuss\u00e3o no agro<\/h2>\n<p>O an\u00fancio foi tema de an\u00e1lise no programa Planeta Campo, do Canal Rural, que contou com a participa\u00e7\u00e3o do comentarista Miguel Daoud.<\/p>\n<figure class=\"wp-block-embed is-type-video is-provider-youtube wp-block-embed-youtube wp-embed-aspect-16-9 wp-has-aspect-ratio\">\n<p>\n<iframe title=\"Brasil anuncia investimento de US$ 1 bilh\u00e3o para o \u2018fundo Florestas Tropicais para Sempre\u2019\" width=\"800\" height=\"450\" src=\"https:\/\/www.youtube.com\/embed\/25mKbru_BnQ?feature=oembed\" frameborder=\"0\" allow=\"accelerometer; autoplay; clipboard-write; encrypted-media; gyroscope; picture-in-picture; web-share\" referrerpolicy=\"strict-origin-when-cross-origin\" allowfullscreen><\/iframe><noscript><iframe title=\"Brasil anuncia investimento de US$ 1 bilh\u00e3o para o \u2018fundo Florestas Tropicais para Sempre\u2019\" width=\"800\" height=\"450\" src=\"https:\/\/www.youtube.com\/embed\/25mKbru_BnQ?feature=oembed\" frameborder=\"0\" allow=\"accelerometer; autoplay; clipboard-write; encrypted-media; gyroscope; picture-in-picture; web-share\" referrerpolicy=\"strict-origin-when-cross-origin\" allowfullscreen><\/iframe><\/noscript>\n<\/p>\n<\/figure>\n<p>Segundo ele, a cria\u00e7\u00e3o do fundo refor\u00e7a o papel do Brasil como pot\u00eancia agroambiental. \u201cN\u00f3s precisamos ter a sustentabilidade para mostrar para o mundo que somos capazes de produzir alimentos preservando o meio ambiente\u201d, disse.<\/p>\n<p>O comentarista tamb\u00e9m comparou a iniciativa brasileira com a postura do ex-presidente norte-americano Donald Trump, que durante a <a href=\"https:\/\/www.canalrural.com.br\/tag\/assembleia-geral\/\">Assembleia Geral<\/a> <a href=\"https:\/\/www.canalrural.com.br\/tag\/onu\/\">da ONU<\/a> voltou a criticar pol\u00edticas de energia verde e classificou a mudan\u00e7a clim\u00e1tica como \u201ca maior farsa do mundo\u201d.<\/p>\n<p>Para Daoud, a posi\u00e7\u00e3o de Trump reflete a defesa da matriz energ\u00e9tica f\u00f3ssil dos Estados Unidos, enquanto o Brasil aposta na preserva\u00e7\u00e3o como diferencial competitivo.<\/p>\n<p>\u201cMuitos pa\u00edses devastaram todas as suas florestas para poder crescer. E hoje \u00e9 hora do planeta devolver \u00e0s florestas a sua garantia, com a cria\u00e7\u00e3o desse fundo\u201d, destacou.<\/p>\n<h2 class=\"wp-block-heading\" id=\"h-brasil-no-centro-das-discussoes\">Brasil no centro das discuss\u00f5es<\/h2>\n<p>Segundo Daoud, a iniciativa pode ser considerada como uma oportunidade para o Brasil transformar preserva\u00e7\u00e3o ambiental em poder de negocia\u00e7\u00e3o internacional. <\/p>\n<p>Ele lembrou ainda que estudos da <a href=\"https:\/\/www.canalrural.com.br\/tag\/embrapa\/\">Embrapa<\/a> e de universidades estrangeiras apontam que a agricultura nacional \u00e9 praticamente neutra em carbono, j\u00e1 que compensa grande parte das emiss\u00f5es com sequestro de CO\u2082.<\/p>\n<\/p><\/div>\n<p><br \/>\n<br \/><a href=\"https:\/\/www.canalrural.com.br\/network\/brasil-investe-us-1-bilhao-e-lidera-fundo-global-de-preservacao-de-florestas-tropicais\/\">Source link <\/a><\/p>\n","protected":false},"excerpt":{"rendered":"<p>O presidente Luiz In\u00e1cio Lula da Silva anunciou, nesta ter\u00e7a-feira (23), em Nova York, um aporte de US$ 1 bilh\u00e3o<\/p>\n","protected":false},"author":1,"featured_media":20797,"comment_status":"open","ping_status":"open","sticky":false,"template":"","format":"standard","meta":{"_monsterinsights_skip_tracking":false,"_monsterinsights_sitenote_active":false,"_monsterinsights_sitenote_note":"","_monsterinsights_sitenote_category":0,"_uf_show_specific_survey":0,"_uf_disable_surveys":false,"footnotes":""},"categories":[1],"tags":[],"class_list":["post-20796","post","type-post","status-publish","format-standard","has-post-thumbnail","hentry","category-news"],"_links":{"self":[{"href":"https:\/\/agromt.news\/index.php?rest_route=\/wp\/v2\/posts\/20796"}],"collection":[{"href":"https:\/\/agromt.news\/index.php?rest_route=\/wp\/v2\/posts"}],"about":[{"href":"https:\/\/agromt.news\/index.php?rest_route=\/wp\/v2\/types\/post"}],"author":[{"embeddable":true,"href":"https:\/\/agromt.news\/index.php?rest_route=\/wp\/v2\/users\/1"}],"replies":[{"embeddable":true,"href":"https:\/\/agromt.news\/index.php?rest_route=%2Fwp%2Fv2%2Fcomments&post=20796"}],"version-history":[{"count":0,"href":"https:\/\/agromt.news\/index.php?rest_route=\/wp\/v2\/posts\/20796\/revisions"}],"wp:featuredmedia":[{"embeddable":true,"href":"https:\/\/agromt.news\/index.php?rest_route=\/wp\/v2\/media\/20797"}],"wp:attachment":[{"href":"https:\/\/agromt.news\/index.php?rest_route=%2Fwp%2Fv2%2Fmedia&parent=20796"}],"wp:term":[{"taxonomy":"category","embeddable":true,"href":"https:\/\/agromt.news\/index.php?rest_route=%2Fwp%2Fv2%2Fcategories&post=20796"},{"taxonomy":"post_tag","embeddable":true,"href":"https:\/\/agromt.news\/index.php?rest_route=%2Fwp%2Fv2%2Ftags&post=20796"}],"curies":[{"name":"wp","href":"https:\/\/api.w.org\/{rel}","templated":true}]}}