{"id":20794,"date":"2025-09-24T18:37:14","date_gmt":"2025-09-24T22:37:14","guid":{"rendered":"https:\/\/agromt.news\/?p=20794"},"modified":"2025-09-24T18:37:14","modified_gmt":"2025-09-24T22:37:14","slug":"combate-ao-agronegocio-e-tema-de-aula-em-universidade-federal-do-rs","status":"publish","type":"post","link":"https:\/\/agromt.news\/?p=20794","title":{"rendered":"Combate ao agroneg\u00f3cio \u00e9 tema de aula em universidade federal do RS"},"content":{"rendered":"<p> <br \/>\n<br \/><img decoding=\"async\" src=\"https:\/\/agromt.news\/wp-content\/uploads\/2025\/09\/Combate-ao-agronegocio-e-tema-de-aula-em-universidade-federal.jpg\" \/><\/p>\n<div>\n<p>Um evento sediado na Universidade Federal de Pelotas (UFPel) na segunda-feira (22) revoltou entidades do agro brasileiro pelo teor pol\u00edtico, sendo taxado por parlamentares e associa\u00e7\u00f5es representativas do setor como manifesta\u00e7\u00e3o da extrema-esquerda em ambiente p\u00fablico federal. <\/p>\n<p>Isso porque durante a aula inaugural da 6\u00aa Turma Especial de Medicina Veterin\u00e1ria do Programa Nacional de Educa\u00e7\u00e3o na Reforma Agr\u00e1ria (Pronera), realizada no audit\u00f3rio do Centro de Ci\u00eancias Humanas e Sociais (CEHUS) do campus, tamb\u00e9m foi sediada a abertura oficial da XII Jornada Universit\u00e1ria em Defesa da Reforma Agr\u00e1ria, cujo tema foi <strong>\u201cdefender a vida, combater o agroneg\u00f3cio\u201d<\/strong>.<\/p>\n<p>Diante da ocasi\u00e3o, o deputado federal do Rio Grande do Sul, Ubiratan Sanderson, protocolou um of\u00edcio diretamente ao Procurador-Geral da Rep\u00fablica, Paulo Gonet, solicitando que seja apurado poss\u00edvel discurso de \u00f3dio contra o agroneg\u00f3cio e desvio de finalidade no uso do espa\u00e7o da UFPel para promo\u00e7\u00e3o pol\u00edtico-ideol\u00f3gica.<\/p>\n<p>Segundo ele, o tema do evento, que tem o Movimento dos Trabalhadores Rurais Sem Terra (MST) como um dos principais apoiadores, constou em materiais de divulga\u00e7\u00e3o p\u00fablica do evento, cartazes, comunica\u00e7\u00f5es digitais e falas de organizadores e participantes, sendo apresentada como mote pol\u00edtico e pedag\u00f3gico da atividade, o que lhe confere car\u00e1ter oficial.<\/p>\n<p>No texto, o parlamentar advoga que o uso do slogan, adotado como t\u00edtulo institucional da jornada, extrapola os limites do debate acad\u00eamico leg\u00edtimo ao propor o \u201ccombate\u201d a um setor econ\u00f4mico espec\u00edfico que representa parcela expressiva da economia nacional, \u00e9 legalmente constitu\u00eddo, e integra a cadeia produtiva que abastece o mercado interno e externo de alimentos, combust\u00edveis e mat\u00e9rias-primas.<\/p>\n<p>De acordo com Sanderson, a express\u00e3o \u201ccombater o agroneg\u00f3cio\u201d, ao ser adotada com apoio institucional e financiamento p\u00fablico indireto (por meio do Pronera), pode configurar discurso de hostilidade e incita\u00e7\u00e3o \u00e0 animosidade contra indiv\u00edduos, empresas e atividades inteiras que operam de maneira l\u00edcita, contribuindo com tributos, empregos e desenvolvimento regional.<\/p>\n<p>Em suas redes sociais, o deputado estadual do Rio Grande do Sul Felipe Camozzato tamb\u00e9m expressou rep\u00fadio ao evento.<\/p>\n<figure class=\"wp-block-embed is-type-rich is-provider-instagram wp-block-embed-instagram\">\n<p><iframe title=\"Instagram frame\" loading=\"lazy\" height=\"628\" class=\"instagram-embed-iframe\" src=\"https:\/\/www.canalrural.com.br\/nacional\/combate-ao-agronegocio-e-tema-de-aula-em-universidade-federal-do-rs\/about:blank\" allowtransparency=\"true\" frameborder=\"0\" scrolling=\"no\" onload=\"(function(o){window.instagramIframe = window.instagramIframe || []; window.instagramIframe.push(o);})(this)\" style=\"border: 0px; margin: 0 auto; max-width: 658px; width: calc(100% - 2px); border-radius: 4px; box-shadow: rgba(0, 0, 0, 0.498039) 0px 0px 1px 0px, rgba(0, 0, 0, 0.14902) 0px 1px 10px 0px; display: block; padding: 0px; background: rgb(255, 255, 255);\" data-rocket-lazyload=\"fitvidscompatible\" data-lazy-src=\"https:\/\/www.instagram.com\/p\/DO_RfW1jA56\/embed\/\"><\/iframe><noscript><iframe title=\"Instagram frame\" loading=\"lazy\" height=\"628\" class=\"instagram-embed-iframe\" src=\"https:\/\/www.instagram.com\/p\/DO_RfW1jA56\/embed\/\" allowtransparency=\"true\" frameborder=\"0\" scrolling=\"no\" onload=\"(function(o){window.instagramIframe = window.instagramIframe || []; window.instagramIframe.push(o);})(this)\" style=\"border: 0px; margin: 0 auto; max-width: 658px; width: calc(100% - 2px); border-radius: 4px; box-shadow: rgba(0, 0, 0, 0.498039) 0px 0px 1px 0px, rgba(0, 0, 0, 0.14902) 0px 1px 10px 0px; display: block; padding: 0px; background: rgb(255, 255, 255);\"><\/iframe><\/noscript><\/p>\n<\/figure>\n<h2 class=\"wp-block-heading\" id=\"h-notas-de-repudio\">Notas de rep\u00fadio<\/h2>\n<p>Em nota assinada nesta quarta-feira (24), a Federa\u00e7\u00e3o da Agricultura do Estado do Rio Grande do Sul (Farsul) tamb\u00e9m manifesta preocupa\u00e7\u00e3o com o evento. <\/p>\n<p>\u201cA atividade, que para nossa perplexidade e indigna\u00e7\u00e3o, contou com coniv\u00eancia da Reitoria da Universidade Federal de Pelotas (UFPel), local do evento, vai em caminho contr\u00e1rio \u00e0s necessidades e anseios da sociedade brasileira\u201d, destaca a entidade.<\/p>\n<p>Segundo a Farsul, ao estimular o ataque a um setor que \u00e9 respons\u00e1vel por alimentar milh\u00f5es de brasileiros, al\u00e9m de mais duas centenas de outros pa\u00edses, faz apenas aumentar a ciz\u00e2nia em um pa\u00eds acossado pelo ran\u00e7o ideol\u00f3gico. <\/p>\n<p>\u201cO discurso de \u00f3dio contra aqueles que s\u00e3o apontados pela Organiza\u00e7\u00e3o das Na\u00e7\u00f5es Unidas para a Alimenta\u00e7\u00e3o e a Agricultura (FAO) como exemplo de agricultura sustent\u00e1vel em nada agrega ao desenvolvimento de nossa na\u00e7\u00e3o\u201d.<\/p>\n<p>A Farsul tamb\u00e9m ressalta que \u00e9 grave o fato de a XII Jornada Universit\u00e1ria em Defesa da Reforma Agr\u00e1ria ocorrer dentro de um ambiente acad\u00eamico, onde deveria imperar o conhecimento, a toler\u00e2ncia e a conc\u00f3rdia. <\/p>\n<p>\u201cA discuss\u00e3o de ideias \u00e9 saud\u00e1vel e necess\u00e1ria, sem d\u00favida nenhuma, mas a mesquinhez da ira gratuita em nada agrega ao debate. Ainda mais quando esse est\u00edmulo ao \u00f3dio vem de um grupo que ascende ao ensino superior gratuito de forma privilegiada por uma legisla\u00e7\u00e3o benevolente a um p\u00fablico espec\u00edfico\u201d, diz outro trecho da nota.<\/p>\n<p>O Conselho Regional de Medicina Veterin\u00e1ria do Rio Grande do Sul (CRMV-RS) tamb\u00e9m divulgou nota em que repudia o evento, considerando o tema desta edi\u00e7\u00e3o inaceit\u00e1vel.<\/p>\n<p>\u201cPara o CRMV-RS, o agroneg\u00f3cio \u00e9 um pilar essencial do desenvolvimento nacional, respons\u00e1vel por milh\u00f5es de empregos, pela produ\u00e7\u00e3o de alimentos e pelas oportunidades oferecidas a m\u00e9dicas e m\u00e9dicos-veterin\u00e1rios e zootecnistas. Em vez de ser combatido, deve ser fortalecido com base em ci\u00eancia, tecnologia, sustentabilidade e respeito\u201d, destaca.<\/p>\n<h2 class=\"wp-block-heading\" id=\"h-resposta-da-universidade\">Resposta da Universidade<\/h2>\n<p>Em nota, a Universidade Federal de Pelotas (UFPel) ressalta que a Aula Inaugural da 6\u00aa Turma Especial de Medicina Veterin\u00e1ria do Pronera refletem o esp\u00edrito de debate e pluralidade que caracteriza a vida universit\u00e1ria, em sintonia com sua longa trajet\u00f3ria de forma\u00e7\u00e3o de profissionais cr\u00edticos e comprometidos com diferentes setores da sociedade. <\/p>\n<p>\u201c\u00c9 na universidade em que os projetos de sociedade s\u00e3o debatidos a partir das mais diferentes tend\u00eancias conceituais e assim se buscam perspectivas para fomentar o desenvolvimento em seus diferentes contextos\u201d, diz.<\/p>\n<p>A UFPel tamb\u00e9m destaca que h\u00e1 mais de 20 anos, a UFPel mant\u00e9m uma parceria com o Pronera, programa executado pelo Incra e Minist\u00e9rio do Desenvolvimento Agr\u00e1rio (MDA), em parceria com o Minist\u00e9rio da Educa\u00e7\u00e3o (MEC), voltado a oferecer educa\u00e7\u00e3o formal a trabalhadores e trabalhadoras rurais assentados da reforma agr\u00e1ria, contribuindo para a democratiza\u00e7\u00e3o do acesso ao ensino superior e formando profissionais de excel\u00eancia que hoje atuam em diferentes regi\u00f5es do pa\u00eds, assim como ocorre com os egressos de todos os demais cursos da institui\u00e7\u00e3o.<\/p>\n<p>Segundo a institui\u00e7\u00e3o, os mais de 100 cursos de gradua\u00e7\u00e3o e 48 programas de p\u00f3s-gradua\u00e7\u00e3o a transformam em um espa\u00e7o plural que atua em diversas \u00e1reas do conhecimento, entre elas as Ci\u00eancias Agr\u00e1rias. <\/p>\n<p>\u201cCursos como Agronomia, Zootecnia, Engenharia Agr\u00edcola e Medicina Veterin\u00e1ria desenvolvem pesquisas e parcerias que contribuem tanto com a agricultura familiar quanto com o agroneg\u00f3cio, reconhecendo a import\u00e2ncia de todos os segmentos para o desenvolvimento do Brasil\u201d, ressalta a nota.<\/p>\n<\/p><\/div>\n<p><script async src=\"\/\/www.instagram.com\/embed.js\"><\/script><br \/>\n<br \/><br \/>\n<br \/><a href=\"https:\/\/www.canalrural.com.br\/nacional\/combate-ao-agronegocio-e-tema-de-aula-em-universidade-federal-do-rs\/\">Source link <\/a><\/p>\n","protected":false},"excerpt":{"rendered":"<p>Um evento sediado na Universidade Federal de Pelotas (UFPel) na segunda-feira (22) revoltou entidades do agro brasileiro pelo teor pol\u00edtico,<\/p>\n","protected":false},"author":1,"featured_media":20795,"comment_status":"open","ping_status":"open","sticky":false,"template":"","format":"standard","meta":{"_monsterinsights_skip_tracking":false,"_monsterinsights_sitenote_active":false,"_monsterinsights_sitenote_note":"","_monsterinsights_sitenote_category":0,"_uf_show_specific_survey":0,"_uf_disable_surveys":false,"footnotes":""},"categories":[1],"tags":[],"class_list":["post-20794","post","type-post","status-publish","format-standard","has-post-thumbnail","hentry","category-news"],"_links":{"self":[{"href":"https:\/\/agromt.news\/index.php?rest_route=\/wp\/v2\/posts\/20794"}],"collection":[{"href":"https:\/\/agromt.news\/index.php?rest_route=\/wp\/v2\/posts"}],"about":[{"href":"https:\/\/agromt.news\/index.php?rest_route=\/wp\/v2\/types\/post"}],"author":[{"embeddable":true,"href":"https:\/\/agromt.news\/index.php?rest_route=\/wp\/v2\/users\/1"}],"replies":[{"embeddable":true,"href":"https:\/\/agromt.news\/index.php?rest_route=%2Fwp%2Fv2%2Fcomments&post=20794"}],"version-history":[{"count":0,"href":"https:\/\/agromt.news\/index.php?rest_route=\/wp\/v2\/posts\/20794\/revisions"}],"wp:featuredmedia":[{"embeddable":true,"href":"https:\/\/agromt.news\/index.php?rest_route=\/wp\/v2\/media\/20795"}],"wp:attachment":[{"href":"https:\/\/agromt.news\/index.php?rest_route=%2Fwp%2Fv2%2Fmedia&parent=20794"}],"wp:term":[{"taxonomy":"category","embeddable":true,"href":"https:\/\/agromt.news\/index.php?rest_route=%2Fwp%2Fv2%2Fcategories&post=20794"},{"taxonomy":"post_tag","embeddable":true,"href":"https:\/\/agromt.news\/index.php?rest_route=%2Fwp%2Fv2%2Ftags&post=20794"}],"curies":[{"name":"wp","href":"https:\/\/api.w.org\/{rel}","templated":true}]}}