{"id":20791,"date":"2025-09-24T18:09:01","date_gmt":"2025-09-24T22:09:01","guid":{"rendered":"https:\/\/agromt.news\/?p=20791"},"modified":"2025-09-24T18:09:01","modified_gmt":"2025-09-24T22:09:01","slug":"encontro-baiano-de-laticinistas-comeca-nesta-quinta-25-em-salvador","status":"publish","type":"post","link":"https:\/\/agromt.news\/?p=20791","title":{"rendered":"Encontro Baiano de Laticinistas come\u00e7a nesta quinta (25) em Salvador"},"content":{"rendered":"<p> <br \/>\n<br \/><img decoding=\"async\" src=\"https:\/\/agromt.news\/wp-content\/uploads\/2025\/09\/Encontro-Baiano-de-Laticinistas-comeca-nesta-quinta-25-em-Salvador.jpg\" \/><\/p>\n<div>\n<p>A capital baiana, Salvador, receber\u00e1 nesta quinta-feira (25), o <strong>13\u00ba Encontro Baiano dos Laticinistas<\/strong>, evento promovido pelo Sindicato das Ind\u00fastrias de Latic\u00ednios e Produtos Derivados do Estado da Bahia (Sindileite-BA), que reunir\u00e1 mais de 40 marcas do setor de l\u00e1cteos.<\/p>\n<p>Considerado como o maior do segmento no Norte e Nordeste, o evento ser\u00e1 realizado at\u00e9 o pr\u00f3ximo domingo (28). S\u00e3o esperados cerca de 300 empres\u00e1rios do setor produtivo, entre ind\u00fastrias, fornecedores e entidades p\u00fablicas que se reunir\u00e3o no Hotel Iberostar Waves.<\/p>\n<p>A programa\u00e7\u00e3o de palestras e pain\u00e9is foi estruturada para qualificar todos os elos da cadeia, com debates que v\u00e3o da inova\u00e7\u00e3o tecnol\u00f3gica e sustentabilidade aos desafios tribut\u00e1rios e de gest\u00e3o.<\/p>\n<p>O encerramento contar\u00e1 com a participa\u00e7\u00e3o especial do jornalista Caco Barcellos, que apresentar\u00e1 a palestra \u201cHist\u00f3rias bem contadas podem transformar marcas e neg\u00f3cios\u201d.<\/p>\n<h2 class=\"wp-block-heading\" id=\"h-posicao-de-destaque\">Posi\u00e7\u00e3o de destaque<\/h2>\n<p>A Bahia ocupa posi\u00e7\u00e3o de destaque como o maior produtor e processador de leite do Nordeste. <\/p>\n<p>Em 2024, foram 1,3 bilh\u00e3o de litros produzidos, movimentando R$ 2,5 bilh\u00f5es em valor bruto de produ\u00e7\u00e3o e gerando milhares de empregos em toda a cadeia, do campo \u00e0 ind\u00fastria.<\/p>\n<p>Para Lutz Viana, presidente do Sindileite-BA, a procura recorde confirma a consolida\u00e7\u00e3o do encontro: <\/p>\n<p>\u201cO Encontro de Laticinistas consolidou-se como refer\u00eancia no calend\u00e1rio do setor. Mais do que um evento, representa uma plataforma estrat\u00e9gica de conex\u00e3o, favorecendo a troca de experi\u00eancias, o alinhamento de ideias e a constru\u00e7\u00e3o de solu\u00e7\u00f5es conjuntas para os desafios da cadeia produtiva. O resultado dessa relev\u00e2ncia est\u00e1 na forte ades\u00e3o: nesta edi\u00e7\u00e3o, tivemos todas as inscri\u00e7\u00f5es conclu\u00eddas e a totalidade dos stands comercializados.\u201d<\/p>\n<p>O evento conta com o apoio do Governo da Bahia, da Federa\u00e7\u00e3o das Ind\u00fastrias do Estado da Bahia (FIEB), do Sebrae e do Conselho Nacional das Ind\u00fastrias de Latic\u00ednios (CONIL).<\/p>\n<p>Paulo Cintra, presidente do Conil, destaca a import\u00e2ncia do evento: \u201cSou baiano, tenho minha ind\u00fastria aqui, e foi dessa viv\u00eancia que nasceu a ideia de criar o Encontro Baiano de Latic\u00ednios, h\u00e1 15 anos. Desde ent\u00e3o, ele vem crescendo, se profissionalizando e ganhando representatividade. Hoje, \u00e9 um marco no calend\u00e1rio regional, promovendo integra\u00e7\u00e3o da cadeia, dissemina\u00e7\u00e3o tecnol\u00f3gica, gera\u00e7\u00e3o de neg\u00f3cios, atra\u00e7\u00e3o de investimentos e visibilidade nacional. \u00c9 um verdadeiro catalisador do desenvolvimento regional e da competitividade do setor l\u00e1cteo brasileiro.\u201d<\/p>\n<p>Completando 25 anos de hist\u00f3ria, o Sindileite-BA representa atualmente 104 ind\u00fastrias associadas.<\/p>\n<hr class=\"wp-block-separator has-alpha-channel-opacity\"\/>\n<p><em>Voc\u00ea tamb\u00e9m pode participar deixando uma sugest\u00e3o de pauta. Siga o\u00a0<a href=\"https:\/\/www.instagram.com\/canalruralbahia\/\">Canal Rural Bahia no Instagram<\/a>\u00a0e nos envie uma mensagem<\/em>.<\/p>\n<\/p><\/div>\n<p><script async src=\"\/\/www.instagram.com\/embed.js\"><\/script><br \/>\n<br \/><br \/>\n<br \/><a href=\"https:\/\/www.canalrural.com.br\/nacional\/bahia\/encontro-baiano-de-laticinistas-comeca-nesta-quinta-25-em-salvador\/\">Source link <\/a><\/p>\n","protected":false},"excerpt":{"rendered":"<p>A capital baiana, Salvador, receber\u00e1 nesta quinta-feira (25), o 13\u00ba Encontro Baiano dos Laticinistas, evento promovido pelo Sindicato das Ind\u00fastrias<\/p>\n","protected":false},"author":1,"featured_media":20792,"comment_status":"open","ping_status":"open","sticky":false,"template":"","format":"standard","meta":{"_monsterinsights_skip_tracking":false,"_monsterinsights_sitenote_active":false,"_monsterinsights_sitenote_note":"","_monsterinsights_sitenote_category":0,"_uf_show_specific_survey":0,"_uf_disable_surveys":false,"footnotes":""},"categories":[1],"tags":[],"class_list":["post-20791","post","type-post","status-publish","format-standard","has-post-thumbnail","hentry","category-news"],"_links":{"self":[{"href":"https:\/\/agromt.news\/index.php?rest_route=\/wp\/v2\/posts\/20791"}],"collection":[{"href":"https:\/\/agromt.news\/index.php?rest_route=\/wp\/v2\/posts"}],"about":[{"href":"https:\/\/agromt.news\/index.php?rest_route=\/wp\/v2\/types\/post"}],"author":[{"embeddable":true,"href":"https:\/\/agromt.news\/index.php?rest_route=\/wp\/v2\/users\/1"}],"replies":[{"embeddable":true,"href":"https:\/\/agromt.news\/index.php?rest_route=%2Fwp%2Fv2%2Fcomments&post=20791"}],"version-history":[{"count":0,"href":"https:\/\/agromt.news\/index.php?rest_route=\/wp\/v2\/posts\/20791\/revisions"}],"wp:featuredmedia":[{"embeddable":true,"href":"https:\/\/agromt.news\/index.php?rest_route=\/wp\/v2\/media\/20792"}],"wp:attachment":[{"href":"https:\/\/agromt.news\/index.php?rest_route=%2Fwp%2Fv2%2Fmedia&parent=20791"}],"wp:term":[{"taxonomy":"category","embeddable":true,"href":"https:\/\/agromt.news\/index.php?rest_route=%2Fwp%2Fv2%2Fcategories&post=20791"},{"taxonomy":"post_tag","embeddable":true,"href":"https:\/\/agromt.news\/index.php?rest_route=%2Fwp%2Fv2%2Ftags&post=20791"}],"curies":[{"name":"wp","href":"https:\/\/api.w.org\/{rel}","templated":true}]}}