{"id":20789,"date":"2025-09-24T17:55:03","date_gmt":"2025-09-24T21:55:03","guid":{"rendered":"https:\/\/agromt.news\/?p=20789"},"modified":"2025-09-24T17:55:03","modified_gmt":"2025-09-24T21:55:03","slug":"cop30-e-chance-de-mostrar-agro-brasileiro-como-ele-e-diz-roberto-rodrigues","status":"publish","type":"post","link":"https:\/\/agromt.news\/?p=20789","title":{"rendered":"COP30 \u00e9 chance de mostrar agro brasileiro como ele \u00e9, diz Roberto Rodrigues"},"content":{"rendered":"<p> <br \/>\n<br \/><img decoding=\"async\" src=\"https:\/\/agromt.news\/wp-content\/uploads\/2025\/09\/COP30-e-chance-de-mostrar-agro-brasileiro-como-ele-e.jpeg\" \/><\/p>\n<div>\n<p>A COP30 \u00e9 uma oportunidade para mostrar a agricultura brasileira \u201ccomo ela \u00e9, sem distor\u00e7\u00f5es ou ataques infundados\u201d. A afirma\u00e7\u00e3o \u00e9 do ex-ministro da Agricultura, <a href=\"https:\/\/www.canalrural.com.br\/tag\/roberto-rodrigues\/\">Roberto Rodrigues<\/a>, enviado especial do agroneg\u00f3cio brasileiro no evento. A 30\u00aa Confer\u00eancia das Na\u00e7\u00f5es Unidas sobre Mudan\u00e7a do Clima ocorre entre os dias 10 e 21 de novembro e ser\u00e1 sediada por Bel\u00e9m (PA).<\/p>\n<p>Em entrevista ao <em>PC Talks<\/em>, do <em>Canal Rural<\/em>, o professor em\u00e9rito da FGVAgro falou sobre sua experi\u00eancia de lideran\u00e7a no setor produtivo e os desafios do Brasil para a confer\u00eancia clim\u00e1tica. De acordo com ele, a miss\u00e3o inclui apoiar o embaixador Andr\u00e9 Corr\u00eaa do Lago, presidente da COP30, na implementa\u00e7\u00e3o de decis\u00f5es anteriores. <\/p>\n<p>\u201cSempre me queixei de que a COP resolve muitas coisas, mas pouco acontece na pr\u00e1tica. Agora, o objetivo \u00e9 colocar em pr\u00e1tica\u201d, destacou.<\/p>\n<h3 class=\"wp-block-heading\" id=\"h-agricultura-prepara-documento-tecnico\">Agricultura prepara <strong>documento t\u00e9cnico<\/strong><\/h3>\n<p>Rodrigues conta na entrevista \u00e9 que o setor prepara um documento amplo, que deve ficar pronto at\u00e9 10 de outubro. A proposta \u00e9 apresentar como sementes, mecaniza\u00e7\u00e3o, log\u00edstica e cr\u00e9dito transformaram o campo, sempre com base em ci\u00eancia e <a href=\"https:\/\/www.canalrural.com.br\/sustentabilidade\/\">sustentabilidade<\/a>. Em s\u00edntese, o texto vai reunir a evolu\u00e7\u00e3o da agricultura brasileira nos \u00faltimos 50 anos.<\/p>\n<p>O documento tamb\u00e9m mostrar\u00e1 que o Brasil est\u00e1 disposto a compartilhar sua experi\u00eancia com outros pa\u00edses tropicais. Segundo Rodrigues, duas condi\u00e7\u00f5es s\u00e3o fundamentais: financiamento internacional, sobretudo para \u00c1frica, Am\u00e9rica Latina e \u00c1sia, e regras de com\u00e9rcio mais flex\u00edveis. \u201cHoje as normas s\u00e3o protecionistas e limitam o avan\u00e7o dos tr\u00f3picos\u201d, afirmou.<\/p>\n<h3 class=\"wp-block-heading\" id=\"h-alem-da-cop30-novos-desafios-e-visao-de-futuro\">Al\u00e9m da COP30: <strong>Novos desafios<\/strong> e vis\u00e3o de futuro<\/h3>\n<p>O documento tamb\u00e9m trar\u00e1 temas atuais, como os bioinsumos, agricultura regenerativa, intelig\u00eancia artificial no campo e a recupera\u00e7\u00e3o de 40 milh\u00f5es de hectares de \u00e1reas degradadas. Rodrigues refor\u00e7a que a produ\u00e7\u00e3o sustent\u00e1vel j\u00e1 \u00e9 realidade e que o pa\u00eds pode ampliar sua contribui\u00e7\u00e3o.<\/p>\n<p>Al\u00e9m disso, desafios internos como desmatamento ilegal e inc\u00eandios criminosos ser\u00e3o abordados. O ex-ministro da Agricultura, no entanto, enfatiza que esses crimes n\u00e3o podem ser atribu\u00eddos ao agricultor. \u201cS\u00e3o pr\u00e1ticas de criminosos, n\u00e3o do produtor rural. O que queremos \u00e9 cumprir a lei e produzir de forma sustent\u00e1vel, competitiva e eficiente. Isso n\u00e3o pode ser jogado na conta do agricultor\u201d, disse.<\/p>\n<p>Para Rodrigues, o protagonismo do Brasil \u00e9 decisivo neste momento de COP30. \u201cO mundo \u00e9 sacudido por quatro fantasmas: seguran\u00e7a alimentar, transi\u00e7\u00e3o energ\u00e9tica, mudan\u00e7as clim\u00e1ticas e desigualdade social. A agricultura tropical, liderada pelo Brasil, pode enfrentar esses desafios e garantir paz universal\u201d, conclui.<\/p>\n<p><em>O PC Talks com a presen\u00e7a do ex-ministro da Agricultura, Roberto Rodrigues, vai ao ar no dia 8 de outubro, \u00e0s 18h, no Canal Rural<\/em>.<\/p>\n<\/p><\/div>\n<p><br \/>\n<br \/><a href=\"https:\/\/www.canalrural.com.br\/cop30\/cop30-e-chance-de-mostrar-agro-brasileiro-como-ele-e-diz-roberto-rodrigues\/\">Source link <\/a><\/p>\n","protected":false},"excerpt":{"rendered":"<p>A COP30 \u00e9 uma oportunidade para mostrar a agricultura brasileira \u201ccomo ela \u00e9, sem distor\u00e7\u00f5es ou ataques infundados\u201d. A afirma\u00e7\u00e3o<\/p>\n","protected":false},"author":1,"featured_media":20790,"comment_status":"open","ping_status":"open","sticky":false,"template":"","format":"standard","meta":{"_monsterinsights_skip_tracking":false,"_monsterinsights_sitenote_active":false,"_monsterinsights_sitenote_note":"","_monsterinsights_sitenote_category":0,"_uf_show_specific_survey":0,"_uf_disable_surveys":false,"footnotes":""},"categories":[1],"tags":[],"class_list":["post-20789","post","type-post","status-publish","format-standard","has-post-thumbnail","hentry","category-news"],"_links":{"self":[{"href":"https:\/\/agromt.news\/index.php?rest_route=\/wp\/v2\/posts\/20789"}],"collection":[{"href":"https:\/\/agromt.news\/index.php?rest_route=\/wp\/v2\/posts"}],"about":[{"href":"https:\/\/agromt.news\/index.php?rest_route=\/wp\/v2\/types\/post"}],"author":[{"embeddable":true,"href":"https:\/\/agromt.news\/index.php?rest_route=\/wp\/v2\/users\/1"}],"replies":[{"embeddable":true,"href":"https:\/\/agromt.news\/index.php?rest_route=%2Fwp%2Fv2%2Fcomments&post=20789"}],"version-history":[{"count":0,"href":"https:\/\/agromt.news\/index.php?rest_route=\/wp\/v2\/posts\/20789\/revisions"}],"wp:featuredmedia":[{"embeddable":true,"href":"https:\/\/agromt.news\/index.php?rest_route=\/wp\/v2\/media\/20790"}],"wp:attachment":[{"href":"https:\/\/agromt.news\/index.php?rest_route=%2Fwp%2Fv2%2Fmedia&parent=20789"}],"wp:term":[{"taxonomy":"category","embeddable":true,"href":"https:\/\/agromt.news\/index.php?rest_route=%2Fwp%2Fv2%2Fcategories&post=20789"},{"taxonomy":"post_tag","embeddable":true,"href":"https:\/\/agromt.news\/index.php?rest_route=%2Fwp%2Fv2%2Ftags&post=20789"}],"curies":[{"name":"wp","href":"https:\/\/api.w.org\/{rel}","templated":true}]}}