{"id":20788,"date":"2025-09-24T17:41:23","date_gmt":"2025-09-24T21:41:23","guid":{"rendered":"https:\/\/agromt.news\/?p=20788"},"modified":"2025-09-24T17:41:23","modified_gmt":"2025-09-24T21:41:23","slug":"cna-apresenta-posicionamento-do-agro-brasileiro-para-a-cop30","status":"publish","type":"post","link":"https:\/\/agromt.news\/?p=20788","title":{"rendered":"CNA apresenta posicionamento do agro brasileiro para a COP30"},"content":{"rendered":"<p> <br \/>\n<br \/><img decoding=\"async\" src=\"https:\/\/agromt.news\/wp-content\/uploads\/2025\/05\/comunidades-da-Amazonia-sofrem-com-falta-de-agua-potavel-e.jpg\" \/><\/p>\n<div>\n<p>A Confedera\u00e7\u00e3o da Agricultura e Pecu\u00e1ria do Brasil <strong><a href=\"http:\/\/www.canalrural.com.br\/tag\/cna\/\">(CNA)<\/a><\/strong> divulgou, nesta quarta-feira (24), o documento <strong>\u201cAgropecu\u00e1ria Brasileira na COP30\u201d<\/strong>, que re\u00fane propostas e posicionamentos do setor para a Confer\u00eancia das Partes da ONU sobre Mudan\u00e7as Clim\u00e1ticas (COP30), a ser realizada de 10 a 21 de novembro em Bel\u00e9m (PA).<\/p>\n<p>O <strong><a href=\"https:\/\/cnabrasil.org.br\/publicacoes\/position-paper-da-confederacao-da-agricultura-e-pecuaria-do-brasil-cna\">material <\/a><\/strong>foi entregue pelo presidente da CNA, Jo\u00e3o Martins, ao enviado especial da Agricultura para a COP30, Roberto Rodrigues, \u00e0 presidente da Embrapa, S\u00edlvia Massruh\u00e1, e ao senador Zequinha Marinho (Podemos-PA), durante cerim\u00f4nia na sede da entidade, em Bras\u00edlia. O evento contou com presidentes de federa\u00e7\u00f5es estaduais, autoridades e representantes do Sistema CNA\/Senar.<\/p>\n<h2 class=\"wp-block-heading\" id=\"h-reconhecimento-do-agro-como-agente-climatico\">Reconhecimento do agro como agente clim\u00e1tico<\/h2>\n<p>O documento reflete os anseios de produtores, entidades do setor e pesquisadores, ap\u00f3s uma s\u00e9rie de encontros realizados pela Comiss\u00e3o Nacional de Meio Ambiente da CNA.<\/p>\n<p>A confedera\u00e7\u00e3o defende que <strong>os produtores rurais sejam reconhecidos como agentes fundamentais na implementa\u00e7\u00e3o de solu\u00e7\u00f5es clim\u00e1ticas<\/strong>, destacando a agricultura tropical como pe\u00e7a central para o cumprimento das metas de mitiga\u00e7\u00e3o e adapta\u00e7\u00e3o \u00e0s mudan\u00e7as do clima.<\/p>\n<p>Segundo a CNA, o setor tamb\u00e9m deve ser valorizado pela sua contribui\u00e7\u00e3o \u00e0 <strong>seguran\u00e7a alimentar e energ\u00e9tica<\/strong>, o que o torna essencial nas negocia\u00e7\u00f5es internacionais.<\/p>\n<h2 class=\"wp-block-heading\" id=\"h-principais-pontos-do-posicionamento\">Principais pontos do posicionamento<\/h2>\n<p>O <em>position paper<\/em> lista temas que devem ser levados \u00e0s mesas de negocia\u00e7\u00e3o da COP30, com destaque para:<\/p>\n<ul class=\"wp-block-list\">\n<li><strong>Financiamento:<\/strong> a entidade cobra que os recursos internacionais de clima cheguem diretamente ao produtor rural, viabilizando cr\u00e9dito diferenciado, seguro clim\u00e1tico e redu\u00e7\u00e3o do endividamento.<\/li>\n<li><strong>Agricultura nas negocia\u00e7\u00f5es:<\/strong> produtores devem estar no centro das decis\u00f5es, com acesso a ferramentas de financiamento e reconhecimento como provedores de solu\u00e7\u00f5es ambientais.<\/li>\n<li><strong>Monitoramento (Global Stocktake):<\/strong> a CNA pede aprimoramento da plataforma global de acompanhamento do Acordo de Paris, com dados acess\u00edveis e compar\u00e1veis entre pa\u00edses.<\/li>\n<li><strong>Adapta\u00e7\u00e3o:<\/strong> a entidade defende indicadores manej\u00e1veis, ajustados \u00e0s realidades nacionais, e que valorizem pr\u00e1ticas da agricultura tropical.<\/li>\n<li><strong>Mitiga\u00e7\u00e3o:<\/strong> refor\u00e7o ao papel da agropecu\u00e1ria na redu\u00e7\u00e3o de emiss\u00f5es, com foco em financiamento e cr\u00e9ditos de carbono.<\/li>\n<li><strong>Mercado de carbono:<\/strong> incentivo \u00e0 inclus\u00e3o do setor como gerador de cr\u00e9ditos, com remunera\u00e7\u00e3o por pr\u00e1ticas sustent\u00e1veis.<\/li>\n<li><strong>Transi\u00e7\u00e3o justa:<\/strong> negocia\u00e7\u00f5es devem respeitar particularidades produtivas e rejeitar medidas comerciais unilaterais ligadas ao clima.<\/li>\n<\/ul>\n<h2 class=\"wp-block-heading\" id=\"h-amazonia-no-centro-das-discussoes\">Amaz\u00f4nia no centro das discuss\u00f5es<\/h2>\n<p>No cap\u00edtulo final, a CNA ressalta que a COP30 deve deixar um legado para a Amaz\u00f4nia. A entidade lembra que a regi\u00e3o abriga 30 milh\u00f5es de pessoas em mais de 750 munic\u00edpios e mais de um milh\u00e3o de produtores que sustentam a seguran\u00e7a alimentar local.<\/p>\n<p>\u201cA COP30 deve ser muito mais do que um evento sobre conserva\u00e7\u00e3o da natureza. \u00c9 um teste decisivo para a agenda clim\u00e1tica global e sua capacidade de reconhecer as necessidades de quem vive na floresta\u201d, afirma o documento.<\/p>\n<p>Com essa vis\u00e3o, a CNA refor\u00e7a que a agricultura e a seguran\u00e7a alimentar s\u00e3o pilares insepar\u00e1veis da agenda clim\u00e1tica, tanto na Amaz\u00f4nia quanto no restante do planeta.<\/p>\n<h2 class=\"wp-block-heading\" id=\"h-posicionamento-da-cna-traz-9-recomendacoes-para-amazonia\">Posicionamento da CNA traz 9 recomenda\u00e7\u00f5es para Amaz\u00f4nia<\/h2>\n<ol class=\"wp-block-list\">\n<li>Reconhecer o direito \u00e0 produ\u00e7\u00e3o agropecu\u00e1ria sustent\u00e1vel na Amaz\u00f4nia como parte insepar\u00e1vel da agenda clim\u00e1tica, combatendo a estigmatiza\u00e7\u00e3o dos agricultores locais;<\/li>\n<li>Acelerar a regulariza\u00e7\u00e3o fundi\u00e1ria e ambiental como condi\u00e7\u00e3o b\u00e1sica para promover a seguran\u00e7a jur\u00eddica, garantir acesso a cr\u00e9dito e estimular investimentos produtivos;<\/li>\n<li>Refor\u00e7ar a seguran\u00e7a alimentar regional, incentivando a produ\u00e7\u00e3o local de alimentos;<\/li>\n<li>Combater o desmatamento ilegal por meio de incentivos econ\u00f4micos eficientes, garantindo a sustentabilidade produtiva da regi\u00e3o;<\/li>\n<li>Criar linhas de cr\u00e9dito rural e financiamento clim\u00e1tico espec\u00edficas para produtores amaz\u00f4nicos, com juros diferenciados e prazos adequados, apoiando sistemas integrados de produ\u00e7\u00e3o, recupera\u00e7\u00e3o de pastagens e reflorestamento produtivo;<\/li>\n<li>Transformar a bioeconomia alimentar em vetor de renda e inova\u00e7\u00e3o, baseada em ci\u00eancia, tecnologia, domestica\u00e7\u00e3o e agrega\u00e7\u00e3o de valor;<\/li>\n<li>Afirmar a soberania nacional sobre o territ\u00f3rio e apoiar o combate \u00e0 viol\u00eancia e ao crime organizado, reconhecendo que n\u00e3o h\u00e1 floresta protegida ou a\u00e7\u00e3o clim\u00e1tica efetiva sem ordem e seguran\u00e7a no territ\u00f3rio;<\/li>\n<li>Investir em integra\u00e7\u00e3o log\u00edstica e energia limpa na regi\u00e3o, reduzindo custos de transporte, aumentando a conectividade e criando condi\u00e7\u00f5es para atrair investimentos sustent\u00e1veis;<\/li>\n<li>Valorizar a contribui\u00e7\u00e3o do agricultor amaz\u00f4nico na transi\u00e7\u00e3o clim\u00e1tica global, reconhecendo que produ\u00e7\u00e3o de alimentos, conserva\u00e7\u00e3o florestal e seguran\u00e7a alimentar devem caminhar de m\u00e3os dadas.<\/li>\n<\/ol>\n<hr class=\"wp-block-separator has-alpha-channel-opacity\"\/>\n\t<\/div>\n<p><br \/>\n<br \/><a href=\"https:\/\/www.canalrural.com.br\/cop30\/cna-apresenta-posicionamento-do-agro-brasileiro-para-a-cop30\/\">Source link <\/a><\/p>\n","protected":false},"excerpt":{"rendered":"<p>A Confedera\u00e7\u00e3o da Agricultura e Pecu\u00e1ria do Brasil (CNA) divulgou, nesta quarta-feira (24), o documento \u201cAgropecu\u00e1ria Brasileira na COP30\u201d, que<\/p>\n","protected":false},"author":1,"featured_media":13241,"comment_status":"open","ping_status":"open","sticky":false,"template":"","format":"standard","meta":{"_monsterinsights_skip_tracking":false,"_monsterinsights_sitenote_active":false,"_monsterinsights_sitenote_note":"","_monsterinsights_sitenote_category":0,"_uf_show_specific_survey":0,"_uf_disable_surveys":false,"footnotes":""},"categories":[1],"tags":[],"class_list":["post-20788","post","type-post","status-publish","format-standard","has-post-thumbnail","hentry","category-news"],"_links":{"self":[{"href":"https:\/\/agromt.news\/index.php?rest_route=\/wp\/v2\/posts\/20788"}],"collection":[{"href":"https:\/\/agromt.news\/index.php?rest_route=\/wp\/v2\/posts"}],"about":[{"href":"https:\/\/agromt.news\/index.php?rest_route=\/wp\/v2\/types\/post"}],"author":[{"embeddable":true,"href":"https:\/\/agromt.news\/index.php?rest_route=\/wp\/v2\/users\/1"}],"replies":[{"embeddable":true,"href":"https:\/\/agromt.news\/index.php?rest_route=%2Fwp%2Fv2%2Fcomments&post=20788"}],"version-history":[{"count":0,"href":"https:\/\/agromt.news\/index.php?rest_route=\/wp\/v2\/posts\/20788\/revisions"}],"wp:featuredmedia":[{"embeddable":true,"href":"https:\/\/agromt.news\/index.php?rest_route=\/wp\/v2\/media\/13241"}],"wp:attachment":[{"href":"https:\/\/agromt.news\/index.php?rest_route=%2Fwp%2Fv2%2Fmedia&parent=20788"}],"wp:term":[{"taxonomy":"category","embeddable":true,"href":"https:\/\/agromt.news\/index.php?rest_route=%2Fwp%2Fv2%2Fcategories&post=20788"},{"taxonomy":"post_tag","embeddable":true,"href":"https:\/\/agromt.news\/index.php?rest_route=%2Fwp%2Fv2%2Ftags&post=20788"}],"curies":[{"name":"wp","href":"https:\/\/api.w.org\/{rel}","templated":true}]}}