{"id":20783,"date":"2025-09-24T17:13:04","date_gmt":"2025-09-24T21:13:04","guid":{"rendered":"https:\/\/agromt.news\/?p=20783"},"modified":"2025-09-24T17:13:04","modified_gmt":"2025-09-24T21:13:04","slug":"federarroz-pede-que-produtores-reduzam-area-e-foquem-em-exportacao","status":"publish","type":"post","link":"https:\/\/agromt.news\/?p=20783","title":{"rendered":"Federarroz pede que produtores reduzam \u00e1rea e foquem em exporta\u00e7\u00e3o"},"content":{"rendered":"<p> <br \/>\n<br \/><img decoding=\"async\" src=\"https:\/\/agromt.news\/wp-content\/uploads\/2025\/09\/Federarroz-pede-que-produtores-reduzam-area-e-foquem-em-exportacao.jpg\" \/><\/p>\n<div>\n<p>O excesso de produ\u00e7\u00e3o de arroz nesta safra e a consequente queda na remunera\u00e7\u00e3o dos rizicultores levou a Federa\u00e7\u00e3o das Associa\u00e7\u00f5es de Arrozeiros do Rio Grande do Sul (Federarroz) a divulgar nota nesta quarta-feira (24) com propostas aos produtores e reivindica\u00e7\u00f5es aos governos federal e estadual.<\/p>\n<p>\u201cOs estoques de passagem de arroz est\u00e3o elevados, resultado da safra robusta no Brasil e no <strong><a href=\"https:\/\/www.canalrural.com.br\/tag\/mercosul\/\">Mercosul<\/a><\/strong> e de uma demanda interna que n\u00e3o acompanha o ritmo de produ\u00e7\u00e3o\u201d, alerta o presidente da entidade, Denis Nunes.<\/p>\n<p>Segundo ele, a demasia de cereal no mercado pressiona os pre\u00e7os para baixo a patamares bem inferiores aos custos de produ\u00e7\u00e3o. \u201cOs produtores est\u00e3o vendendo com preju\u00edzo, o que compromete a sustentabilidade da atividade. A l\u00f3gica \u00e9 clara: quanto maiores os estoques, menores os pre\u00e7os\u201d, ressalta.<\/p>\n<p>Assim, o dirigente aponta a redu\u00e7\u00e3o de \u00e1rea plantada na safra 2025\/26 como prioridade, al\u00e9m do foco nas exporta\u00e7\u00f5es a pa\u00edses onde o cereal brasileiro \u00e9 mais valorizado como alternativa para uma remunera\u00e7\u00e3o mais justa aos produtores. <\/p>\n<p>\u201cSem medidas coordenadas, o risco \u00e9 de desest\u00edmulo \u00e0 produ\u00e7\u00e3o, o que pode comprometer a seguran\u00e7a alimentar no m\u00e9dio prazo\u201d, projeta.<\/p>\n<p>Al\u00e9m dessas recomenda\u00e7\u00f5es, a Federarroz prop\u00f5e a fiscaliza\u00e7\u00e3o, por parte do governo federal, das importa\u00e7\u00f5es de arroz que n\u00e3o atendam \u00e0 legisla\u00e7\u00e3o fitossanit\u00e1ria brasileira. <\/p>\n<p>A entidade ainda pede que o Estado exija que os mercados concorrentes cumpram as mesmas regras trabalhistas e ambientais dos produtores brasileiros, bem como a eleva\u00e7\u00e3o do pre\u00e7o m\u00ednimo condizente com o custo de produ\u00e7\u00e3o.<\/p>\n<p>Com rela\u00e7\u00e3o ao governo estadual, a Federarroz refor\u00e7a o uso da taxa de Coopera\u00e7\u00e3o e Defesa da Orizicultura (CDO) para escoamento de mercado e altera\u00e7\u00f5es no regime de Imposto sobre Circula\u00e7\u00e3o de Mercadorias e Servi\u00e7os (ICMS) buscando equaliza\u00e7\u00e3o com outros estados. <\/p>\n<\/p><\/div>\n<p><br \/>\n<br \/><a href=\"https:\/\/www.canalrural.com.br\/agricultura\/federarroz-pede-que-produtores-reduzam-area-e-foquem-em-exportacao\/\">Source link <\/a><\/p>\n","protected":false},"excerpt":{"rendered":"<p>O excesso de produ\u00e7\u00e3o de arroz nesta safra e a consequente queda na remunera\u00e7\u00e3o dos rizicultores levou a Federa\u00e7\u00e3o das<\/p>\n","protected":false},"author":1,"featured_media":20784,"comment_status":"open","ping_status":"open","sticky":false,"template":"","format":"standard","meta":{"_monsterinsights_skip_tracking":false,"_monsterinsights_sitenote_active":false,"_monsterinsights_sitenote_note":"","_monsterinsights_sitenote_category":0,"_uf_show_specific_survey":0,"_uf_disable_surveys":false,"footnotes":""},"categories":[1],"tags":[],"class_list":["post-20783","post","type-post","status-publish","format-standard","has-post-thumbnail","hentry","category-news"],"_links":{"self":[{"href":"https:\/\/agromt.news\/index.php?rest_route=\/wp\/v2\/posts\/20783"}],"collection":[{"href":"https:\/\/agromt.news\/index.php?rest_route=\/wp\/v2\/posts"}],"about":[{"href":"https:\/\/agromt.news\/index.php?rest_route=\/wp\/v2\/types\/post"}],"author":[{"embeddable":true,"href":"https:\/\/agromt.news\/index.php?rest_route=\/wp\/v2\/users\/1"}],"replies":[{"embeddable":true,"href":"https:\/\/agromt.news\/index.php?rest_route=%2Fwp%2Fv2%2Fcomments&post=20783"}],"version-history":[{"count":0,"href":"https:\/\/agromt.news\/index.php?rest_route=\/wp\/v2\/posts\/20783\/revisions"}],"wp:featuredmedia":[{"embeddable":true,"href":"https:\/\/agromt.news\/index.php?rest_route=\/wp\/v2\/media\/20784"}],"wp:attachment":[{"href":"https:\/\/agromt.news\/index.php?rest_route=%2Fwp%2Fv2%2Fmedia&parent=20783"}],"wp:term":[{"taxonomy":"category","embeddable":true,"href":"https:\/\/agromt.news\/index.php?rest_route=%2Fwp%2Fv2%2Fcategories&post=20783"},{"taxonomy":"post_tag","embeddable":true,"href":"https:\/\/agromt.news\/index.php?rest_route=%2Fwp%2Fv2%2Ftags&post=20783"}],"curies":[{"name":"wp","href":"https:\/\/api.w.org\/{rel}","templated":true}]}}