{"id":20779,"date":"2025-09-24T16:45:04","date_gmt":"2025-09-24T20:45:04","guid":{"rendered":"https:\/\/agromt.news\/?p=20779"},"modified":"2025-09-24T16:45:04","modified_gmt":"2025-09-24T20:45:04","slug":"pec-da-blindagem-e-rejeitada-pela-ccj-do-senado","status":"publish","type":"post","link":"https:\/\/agromt.news\/?p=20779","title":{"rendered":"PEC da Blindagem \u00e9 rejeitada pela CCJ do Senado"},"content":{"rendered":"<p> <br \/>\n<br \/><img decoding=\"async\" src=\"https:\/\/agromt.news\/wp-content\/uploads\/2025\/09\/PEC-da-Blindagem-e-rejeitada-pela-CCJ-do-Senado.jpg\" \/><\/p>\n<div>\n<p>A Comiss\u00e3o de Constitui\u00e7\u00e3o e Justi\u00e7a (CCJ) do <a href=\"https:\/\/www.canalrural.com.br\/tag\/senado\/\">Senado<\/a> rejeitou nesta quarta-feira (24), por unanimidade, a Proposta de Emenda \u00e0 Constitui\u00e7\u00e3o (PEC) da Blindagem. Todos os 27 senadores votaram contra a medida, que previa autoriza\u00e7\u00e3o pr\u00e9via da C\u00e2mara ou do Senado, em vota\u00e7\u00e3o secreta, para abertura de processo criminal contra parlamentares.<\/p>\n<p>O presidente da CCJ, senador Otto Alencar (PSD-BA), afirmou que o texto deve ser levado ao plen\u00e1rio ainda hoje. \u201cVamos ao Plen\u00e1rio com o compromisso de encerrar essa vota\u00e7\u00e3o e rejeitar essa proposta\u201d, disse.<\/p>\n<h3 class=\"wp-block-heading\" id=\"h-debate-entre-senadores\">Debate entre senadores<\/h3>\n<p>A vota\u00e7\u00e3o ocorreu poucos dias ap\u00f3s protestos em v\u00e1rias capitais contra a PEC, apelidada por manifestantes de \u201cPEC da Bandidagem\u201d. Nenhum senador se posicionou a favor da proposta durante a reuni\u00e3o da comiss\u00e3o.<\/p>\n<p>O relator, senador Alessandro Vieira (MDB-SE), classificou a proposta como um \u201cv\u00edcio insan\u00e1vel de desvio de finalidade\u201d. Para ele, o objetivo n\u00e3o era proteger a atividade parlamentar, mas evitar investiga\u00e7\u00f5es contra pol\u00edticos. \u201cO real objetivo da proposta n\u00e3o \u00e9 o interesse p\u00fablico, mas sim anseios escusos de figuras p\u00fablicas que pretendem retardar investiga\u00e7\u00f5es criminais\u201d, afirmou.<\/p>\n<p>A senadora Eliziane Gama (PSD-MA) tamb\u00e9m criticou o texto. \u201cEssa PEC nasceu com o objetivo de criar um muro de impunidade e uma nova casta no Brasil, daqueles que poderiam cometer crimes sem responder \u00e0 lei\u201d, disse.<\/p>\n<p>J\u00e1 o senador Humberto Costa (PT-PE) avaliou que a press\u00e3o popular foi decisiva para a mudan\u00e7a de posicionamento de parte do Congresso. \u201cO Senado vai decretar o fim dessa proposta indecente, e a m\u00e1scara da extrema direita caiu no pa\u00eds\u201d, declarou.<\/p>\n<p>O l\u00edder da oposi\u00e7\u00e3o, senador Carlos Portinho (PL-RJ), rebateu. Para ele, a PEC era \u201cuma indec\u00eancia\u201d, mas tamb\u00e9m contou com votos da base do governo. \u201cNenhum de n\u00f3s, seja de que partido for, vai estar aqui para defender bandido\u201d, afirmou.<\/p>\n<h3 class=\"wp-block-heading\" id=\"h-imunidade-parlamentar-em-discussao\">Imunidade parlamentar em discuss\u00e3o<\/h3>\n<p>Durante o debate, senadores tamb\u00e9m discutiram a imunidade parlamentar j\u00e1 prevista na Constitui\u00e7\u00e3o. O artigo 53 garante prote\u00e7\u00e3o a deputados e senadores por opini\u00f5es, votos e palavras emitidas no exerc\u00edcio do mandato.<\/p>\n<p>Para parte dos parlamentares, essa prerrogativa estaria sendo desrespeitada pelo Supremo Tribunal Federal (<a href=\"https:\/\/www.canalrural.com.br\/tag\/stf\/\">STF<\/a>), o que justificaria a apresenta\u00e7\u00e3o da PEC. Outros destacaram que a imunidade n\u00e3o \u00e9 absoluta e n\u00e3o cobre crimes como inj\u00faria ou difama\u00e7\u00e3o.<\/p>\n<p>O senador Omar Aziz (PSD-AM) lembrou que a imunidade processual j\u00e1 existiu no passado, mas foi retirada com a redemocratiza\u00e7\u00e3o. Ele destacou que a proposta representaria retrocesso. \u201cEssa PEC \u00e9 imoral, n\u00e3o \u00e9 ideol\u00f3gica. Um senador da Rep\u00fablica n\u00e3o tem o direito de expor a fam\u00edlia de ningu\u00e9m\u201d, disse, em refer\u00eancia ao caso do senador Marcos do Val (Podemos-ES), investigado no STF.<\/p>\n<p>Al\u00e9m disso, o l\u00edder do governo no Congresso, Randolfe Rodrigues (PT-AP), refor\u00e7ou que nenhum direito \u00e9 ilimitado. \u201cUm parlamentar n\u00e3o pode fazer apologia \u00e0 morte de quem quer que seja. A imunidade \u00e9 material para opini\u00e3o, palavra e votos, mas n\u00e3o absoluta\u201d, afirmou.<\/p>\n<\/p><\/div>\n<p><br \/>\n<br \/><a href=\"https:\/\/www.canalrural.com.br\/politica\/pec-da-blindagem-e-rejeitada-pela-ccj-do-senado\/\">Source link <\/a><\/p>\n","protected":false},"excerpt":{"rendered":"<p>A Comiss\u00e3o de Constitui\u00e7\u00e3o e Justi\u00e7a (CCJ) do Senado rejeitou nesta quarta-feira (24), por unanimidade, a Proposta de Emenda \u00e0<\/p>\n","protected":false},"author":1,"featured_media":20780,"comment_status":"open","ping_status":"open","sticky":false,"template":"","format":"standard","meta":{"_monsterinsights_skip_tracking":false,"_monsterinsights_sitenote_active":false,"_monsterinsights_sitenote_note":"","_monsterinsights_sitenote_category":0,"_uf_show_specific_survey":0,"_uf_disable_surveys":false,"footnotes":""},"categories":[1],"tags":[],"class_list":["post-20779","post","type-post","status-publish","format-standard","has-post-thumbnail","hentry","category-news"],"_links":{"self":[{"href":"https:\/\/agromt.news\/index.php?rest_route=\/wp\/v2\/posts\/20779"}],"collection":[{"href":"https:\/\/agromt.news\/index.php?rest_route=\/wp\/v2\/posts"}],"about":[{"href":"https:\/\/agromt.news\/index.php?rest_route=\/wp\/v2\/types\/post"}],"author":[{"embeddable":true,"href":"https:\/\/agromt.news\/index.php?rest_route=\/wp\/v2\/users\/1"}],"replies":[{"embeddable":true,"href":"https:\/\/agromt.news\/index.php?rest_route=%2Fwp%2Fv2%2Fcomments&post=20779"}],"version-history":[{"count":0,"href":"https:\/\/agromt.news\/index.php?rest_route=\/wp\/v2\/posts\/20779\/revisions"}],"wp:featuredmedia":[{"embeddable":true,"href":"https:\/\/agromt.news\/index.php?rest_route=\/wp\/v2\/media\/20780"}],"wp:attachment":[{"href":"https:\/\/agromt.news\/index.php?rest_route=%2Fwp%2Fv2%2Fmedia&parent=20779"}],"wp:term":[{"taxonomy":"category","embeddable":true,"href":"https:\/\/agromt.news\/index.php?rest_route=%2Fwp%2Fv2%2Fcategories&post=20779"},{"taxonomy":"post_tag","embeddable":true,"href":"https:\/\/agromt.news\/index.php?rest_route=%2Fwp%2Fv2%2Ftags&post=20779"}],"curies":[{"name":"wp","href":"https:\/\/api.w.org\/{rel}","templated":true}]}}