{"id":20748,"date":"2025-09-24T05:59:11","date_gmt":"2025-09-24T09:59:11","guid":{"rendered":"https:\/\/agromt.news\/?p=20748"},"modified":"2025-09-24T05:59:11","modified_gmt":"2025-09-24T09:59:11","slug":"safra-de-cana-avanca-com-produtividade-acima-da-media","status":"publish","type":"post","link":"https:\/\/agromt.news\/?p=20748","title":{"rendered":"Safra de cana avan\u00e7a com produtividade acima da m\u00e9dia"},"content":{"rendered":"<p> <br \/>\n<\/p>\n<div>\n<div class=\"row\">\n<div class=\"col-lg col-infos mt-0 mt-lg-0\">\n<div class=\"section-sub-title\">\n<p itemprop=\"description\">&#13;<br \/>\n                                O mercado de etanol permanece firme&#13;\n                            <\/p>\n<\/p><\/div>\n<div class=\"container\">\n<div class=\"row\">\n<div class=\"col-lg p-0\">\n<div>\n<div class=\"block-news-main-infos mt-3 text-start\">\n<p>                                            <strong class=\"fn\" itemprop=\"author\" style=\"color: rgb(112, 112, 112); \">&#13;<br \/>\n                                                <a href=\"https:\/\/www.agrolink.com.br\/noticias\/javascript:;\" class=\"text-uppercase\" target=\"_blank\" style=\"color: rgb(112, 112, 112); \" rel=\"noopener\">Agrolink<\/a>&#13;<br \/>\n&#13;<br \/>\n                                                    &#8211; Leonardo Gottems&#13;<br \/>\n&#13;<br \/>\n                                            <\/strong><br \/>\n                                        <\/p>\n<p>                                            <abbr><time datetime=\"2025 - 09 - 24T02:15\" itemprop=\"datePublished dateModified\"> Publicado em 24\/09\/2025 \u00e0s 02:15h.<\/time><\/abbr>\n                                    <\/div>\n<\/p><\/div>\n<\/p><\/div>\n<div class=\"col-lg p-0 text-lg-end\">\n<div>\n<div id=\"mdEnviarPagina\" class=\"modal fade\" role=\"dialog\">\n<div class=\"modal-dialog\">\n<div class=\"modal-content\">\n<div class=\"modal-body\">\n<p><strong>Estimado usu\u00e1rio.<\/strong><br \/>Preencha o formul\u00e1rio abaixo para remeter a p\u00e1gina.<\/p>\n<\/p><\/div>\n<\/p><\/div>\n<\/p><\/div>\n<\/div><\/div>\n<\/p><\/div>\n<\/p><\/div>\n<\/p><\/div>\n<\/p><\/div>\n<\/p><\/div>\n<div class=\"row justify-content-md-center mt-3\">\n<div class=\"col-lg-auto col-image block-news-main-image\">\n<p>                                <img decoding=\"async\" src=\"https:\/\/www.agrolink.com.br\/upload\/imagens-resizes\/fc0fbae54c124327a137fc9ce801cca1_858x483.jpg\" class=\"lazyload img-fluid\" alt=\"O mercado de etanol permanece firme\"\/><br \/>\n                                                <span class=\"d-block mt-1\">O mercado de etanol permanece firme &#8211; Foto: Canva<\/span><\/p><\/div>\n<\/p><\/div>\n<div class=\"section-description section-description-noticias mt-3\">\n<p>A safra de <a href=\"https:\/\/www.agrolink.com.br\/culturas\/cana-de-acucar\/?utm_source=agrolink-detalhe-noticia&amp;utm_medium=detalhe-noticia&amp;utm_campaign=links-internos\" target=\"_blank\" rel=\"noopener\">cana-de-a\u00e7\u00facar<\/a> 2025\/26 do Centro-Sul do Brasil avan\u00e7a com ritmo consistente, segundo relat\u00f3rio do Rabobank. At\u00e9 o final de agosto, foram mo\u00eddas 404 milh\u00f5es de toneladas, correspondendo a cerca de dois ter\u00e7os do total previsto. A produtividade m\u00e9dia no per\u00edodo de abril a agosto atingiu 79,3 toneladas por hectare, cerca de 8% acima da safra anterior, reacendendo proje\u00e7\u00f5es de uma colheita superior a 600 milh\u00f5es de toneladas.&#13;\n<\/p>\n<p>Em termos de qualidade, o ATR m\u00e9dio por tonelada de cana segue 4% abaixo do registrado na safra passada, enquanto a parcela de cana destinada \u00e0 produ\u00e7\u00e3o de a\u00e7\u00facar chegou a 52,8%. Apesar do volume mo\u00eddo estar 5% inferior ao ano anterior, a produ\u00e7\u00e3o de a\u00e7\u00facar apresenta apenas 2% de queda em rela\u00e7\u00e3o \u00e0 safra anterior, enquanto a produ\u00e7\u00e3o de etanol ainda registra um d\u00e9ficit de 10%.<\/p>\n<p>O mercado de etanol permanece firme devido \u00e0 perspectiva de estoques apertados at\u00e9 o final da safra em mar\u00e7o. J\u00e1 o a\u00e7\u00facar apresentou queda em alguns estados, incluindo S\u00e3o Paulo, ficando abaixo da paridade com o etanol. Esse cen\u00e1rio pode impactar a decis\u00e3o sobre o mix de produ\u00e7\u00e3o no pr\u00f3ximo ciclo, dependendo dos custos de liquida\u00e7\u00e3o dos contratos de a\u00e7\u00facar.&#13;\n<\/p>\n<p>Outro fator que chama aten\u00e7\u00e3o \u00e9 o enfraquecimento do d\u00f3lar, que atingiu o n\u00edvel mais baixo desde junho de 2024. A valoriza\u00e7\u00e3o do real preocupa o setor, pois pode pressionar os pre\u00e7os da gasolina e afetar a competitividade do etanol brasileiro. No cen\u00e1rio do milho, a grande safra e os pre\u00e7os firmes do etanol de milho tornam a produ\u00e7\u00e3o atraente, com produtores podendo adquirir mat\u00e9ria-prima a pre\u00e7os vantajosos, refor\u00e7ando expectativas de recupera\u00e7\u00e3o da produ\u00e7\u00e3o total de etanol em 2026\/27. O clima seco recente tamb\u00e9m favoreceu altas taxas de moagem, permitindo ritmo intenso nas unidades canavieiras.<br \/>&#13;<br \/>\n\u00a0<\/p>\n<\/p><\/div>\n<\/p><\/div>\n<p><script data-cfasync=\"false\">\n    !function (f, b, e, v, n, t, s) {\n        if (f.fbq) return; n = f.fbq = function () {\n            n.callMethod ?\n                n.callMethod.apply(n, arguments) : n.queue.push(arguments)\n        };\n        if (!f._fbq) f._fbq = n; n.push = n; n.loaded = !0; n.version = '2.0';\n        n.queue = []; t = b.createElement(e); t.async = !0;\n        t.src = v; s = b.getElementsByTagName(e)[0];\n        s.parentNode.insertBefore(t, s)\n    }(window, document, 'script',\n        'https:\/\/connect.facebook.net\/en_US\/fbevents.js');\n    fbq('init', '522546078623747');\n    fbq('track', 'PageView');\n<\/script><br \/>\n<br \/><br \/>\n<br \/><a href=\"https:\/\/www.agrolink.com.br\/noticias\/safra-de-cana-avanca-com-produtividade-acima-da-media_506266.html\">Source link <\/a><\/p>\n","protected":false},"excerpt":{"rendered":"<p>&#13; O mercado de etanol permanece firme&#13; &#13; Agrolink&#13; &#13; &#8211; Leonardo Gottems&#13; &#13; Publicado em 24\/09\/2025 \u00e0s 02:15h. Estimado<\/p>\n","protected":false},"author":1,"featured_media":11483,"comment_status":"open","ping_status":"open","sticky":false,"template":"","format":"standard","meta":{"_monsterinsights_skip_tracking":false,"_monsterinsights_sitenote_active":false,"_monsterinsights_sitenote_note":"","_monsterinsights_sitenote_category":0,"_uf_show_specific_survey":0,"_uf_disable_surveys":false,"footnotes":""},"categories":[8,1,14],"tags":[],"class_list":["post-20748","post","type-post","status-publish","format-standard","has-post-thumbnail","hentry","category-agro","category-news","category-politica-agro"],"_links":{"self":[{"href":"https:\/\/agromt.news\/index.php?rest_route=\/wp\/v2\/posts\/20748"}],"collection":[{"href":"https:\/\/agromt.news\/index.php?rest_route=\/wp\/v2\/posts"}],"about":[{"href":"https:\/\/agromt.news\/index.php?rest_route=\/wp\/v2\/types\/post"}],"author":[{"embeddable":true,"href":"https:\/\/agromt.news\/index.php?rest_route=\/wp\/v2\/users\/1"}],"replies":[{"embeddable":true,"href":"https:\/\/agromt.news\/index.php?rest_route=%2Fwp%2Fv2%2Fcomments&post=20748"}],"version-history":[{"count":0,"href":"https:\/\/agromt.news\/index.php?rest_route=\/wp\/v2\/posts\/20748\/revisions"}],"wp:featuredmedia":[{"embeddable":true,"href":"https:\/\/agromt.news\/index.php?rest_route=\/wp\/v2\/media\/11483"}],"wp:attachment":[{"href":"https:\/\/agromt.news\/index.php?rest_route=%2Fwp%2Fv2%2Fmedia&parent=20748"}],"wp:term":[{"taxonomy":"category","embeddable":true,"href":"https:\/\/agromt.news\/index.php?rest_route=%2Fwp%2Fv2%2Fcategories&post=20748"},{"taxonomy":"post_tag","embeddable":true,"href":"https:\/\/agromt.news\/index.php?rest_route=%2Fwp%2Fv2%2Ftags&post=20748"}],"curies":[{"name":"wp","href":"https:\/\/api.w.org\/{rel}","templated":true}]}}