{"id":20744,"date":"2025-09-23T22:05:59","date_gmt":"2025-09-24T02:05:59","guid":{"rendered":"https:\/\/agromt.news\/?p=20744"},"modified":"2025-09-23T22:05:59","modified_gmt":"2025-09-24T02:05:59","slug":"combate-a-podridao-da-uva-madura-reune-produtores-em-sp","status":"publish","type":"post","link":"https:\/\/agromt.news\/?p=20744","title":{"rendered":"Combate \u00e0 podrid\u00e3o da uva madura re\u00fane produtores em SP"},"content":{"rendered":"<p> <br \/>\n<\/p>\n<div>\n<p style=\"text-align:justify\">Mais de 70 produtores rurais e t\u00e9cnicos agr\u00edcolas participaram de dois eventos sobre o combate \u00e0 podrid\u00e3o da <a href=\"https:\/\/www.agrolink.com.br\/culturas\/uva?utm_source=agrolink-detalhe-noticia&amp;utm_medium=detalhe-noticia&amp;utm_campaign=links-internos\" target=\"_blank\" rel=\"noopener\">uva<\/a> madura, uma doen\u00e7a que dizimou lavouras inteiras na regi\u00e3o do Circuito das Frutas Paulista. O semin\u00e1rio, realizado em Jundia\u00ed, e um dia de campo, em Elias Fausto, foram promovidos pela Embrapa, Prefeitura e Associa\u00e7\u00e3o Agr\u00edcola de Jundia\u00ed e Sindicato Rural de Indaiatuba, nos dias 16 e 18 de setembro. As a\u00e7\u00f5es integram o Plano Emergencial de Controle da doen\u00e7a no Circuito das Frutas Paulista.&#13;\n<\/p>\n<p style=\"text-align:justify\">O plano foi uma iniciativa que reuniu a Embrapa Territorial (SP) e a Embrapa Uva e Vinho (SP), \u00f3rg\u00e3os estaduais de pesquisa e prefeituras para estabelecer um conjunto de medidas eficientes de controle da doen\u00e7a, causada pelo fungo Glomerella cingulata. A podrid\u00e3o da uva madura dizimou lavouras em Jundia\u00ed, Louveira, Itatiba, Itupeva, Jarinu, Indaiatuba e Elias Fausto (SP).<\/p>\n<p style=\"text-align:justify\">Na \u00faltima safra, 13 propriedades rurais da regi\u00e3o foram selecionadas para testar protocolos com a aplica\u00e7\u00e3o de fungicidas e a ado\u00e7\u00e3o de boas pr\u00e1ticas. As que seguiram integralmente as orienta\u00e7\u00f5es das equipes t\u00e9cnicas registraram \u00edndices de recupera\u00e7\u00e3o da produ\u00e7\u00e3o de at\u00e9 95%. Nas demais, tamb\u00e9m houve redu\u00e7\u00e3o da doen\u00e7a, mas em menor intensidade, com taxas de melhoria que chegaram a 70%.<\/p>\n<p style=\"text-align:justify\"><strong>Dia de campo<\/strong><\/p>\n<p style=\"text-align:justify\">O dia de campo aconteceu no s\u00edtio da fam\u00edlia de Atal\u00edvio Rufino, que participou do estudo e seguiu rigorosamente as recomenda\u00e7\u00f5es t\u00e9cnicas. No ano passado, ele perdeu quase toda a sua produ\u00e7\u00e3o de uva, \u00fanica fonte de renda da fam\u00edlia. Neste ano, ele n\u00e3o teve preju\u00edzos com a doen\u00e7a. Parte dos seus parreirais tem agora cobertura pl\u00e1stica, uma das estrat\u00e9gias para evitar a podrid\u00e3o da uva madura. Foi sob a sombra dessa cobertura que o pesquisador Reginaldo de Souza, da Esta\u00e7\u00e3o Experimental de Jales da Embrapa Uva e Vinho, explicou no dia de campo como a estrat\u00e9gia funciona e o que mudar no manejo das videiras.&#13;\n<\/p>\n<p style=\"text-align:justify\">Algumas ruas de parreiras para baixo, o pesquisador Lucas Garrido, tamb\u00e9m da Embrapa Uva e Vinho, enfatizou para cada grupo de agricultores que recebia: nada substitui a retirada de restos culturais do campo. Ele lembrou que, mesmo que n\u00e3o estejam em contato direto com as plantas, eles podem conter o fungo, que pode chegar aos frutos nas patinhas dos insetos que por ali circulam, por exemplo. Ao lado dele, a pesquisadora Rosemeire Naves, do mesmo centro de pesquisa, apresentou os n\u00fameros obtidos pelos produtores que seguiram as recomenda\u00e7\u00f5es, durante os estudos. \u201c\u00c9 poss\u00edvel controlar, se fizer tudo certinho\u201d, frisou.<\/p>\n<p style=\"text-align:justify\">Semin\u00e1rio Os mesmos temas foram apresentados pelos tr\u00eas pesquisadores da Embrapa Uva e Vinho em palestras durante o semin\u00e1rio, em Jundia\u00ed. Nesse evento, que reuniu principalmente t\u00e9cnicos, tamb\u00e9m foram apresentadas tecnologias para a aplica\u00e7\u00e3o de produtos. O tema foi abordado pelo pesquisador Hamilton Ramos, do Instituto Agron\u00f4mico (IAC). Representantes da BASF e da Syngenta participaram e mostraram estrat\u00e9gias dispon\u00edveis para combater a doen\u00e7a.<\/p>\n<p style=\"text-align:justify\">A pesquisa deve continuar, apesar dos bons resultados j\u00e1 obtidos. Os pr\u00f3ximos passos foram apresentados no semin\u00e1rio pelos analistas Andr\u00e9 Farias e Rafael Mingoti, da Embrapa Territorial. H\u00e1 a inten\u00e7\u00e3o de desenvolver um sistema de avisos e um protocolo consolidado de manejo integrado da doen\u00e7a, mas as equipes est\u00e3o em busca de financiamento para o trabalho. O IAC e o Instituto Biol\u00f3gico (IB) devem ser parceiros no trabalho.&#13;\n<\/p>\n<p style=\"text-align:justify\">Participando do dia de campo, a engenheira agr\u00f4noma Antonieta Fiori, da Casa da Agricultura de Elias Fausto, lembrou o surgimento da doen\u00e7a no munic\u00edpio. O primeiro caso foi relatado a ela em 2016, mas foi controlado. Em 2022, o problema voltou a aparecer, desta vez em um n\u00famero maior de propriedades e com dificuldade de controle. Os casos explodiram na safra do final de 2023. \u201cTivemos uma condi\u00e7\u00e3o muito favor\u00e1vel para o fungo: alta umidade e calor. E a\u00ed n\u00e3o era mais s\u00f3 Elias Fausto, era toda a regi\u00e3o\u201d, lembrou. No dia de campo, ela observou que os agricultores est\u00e3o em busca de conhecimento, entendendo que a aplica\u00e7\u00e3o de produtos n\u00e3o \u00e9 o suficiente.<\/p>\n<p style=\"text-align:justify\"><strong>Trabalho unificado<\/strong><\/p>\n<p style=\"text-align:justify\">Mingoti, da Embrapa Territorial, tamb\u00e9m avaliou que a participa\u00e7\u00e3o de agricultores e t\u00e9cnicos nos dois eventos realizados mostram disposi\u00e7\u00e3o em aprender. \u201cA intera\u00e7\u00e3o com os participantes mostrou que h\u00e1 um p\u00fablico interessado no trabalho da pesquisa e que busca se atualizar e aprimorar o manejo da cultura.Se as informa\u00e7\u00f5es forem aplicadas teremos melhoras na qualidade da produ\u00e7\u00e3o\u201d, disse. Ele tamb\u00e9m ressaltou o trabalho conjunto das duas unidades da Embrapa, com \u00f3rg\u00e3o estaduais, prefeituras e associa\u00e7\u00f5es de produtores: \u201cFizemos o que \u00e9 esperado da Embrapa, atuamos de forma unificada para atender as demandas da sociedade\u201d.<\/p>\n<p style=\"text-align:justify\">O protocolo de combate \u00e0 Glomerela pode variar entre diferentes munic\u00edpios e, \u00e0s vezes, at\u00e9 entre propriedades. No entanto, algumas pr\u00e1ticas em comum podem ser adotadas para alcan\u00e7ar melhores resultados no controle:<\/p>\n<\/p><\/div>\n<p><script data-cfasync=\"false\">\n    !function (f, b, e, v, n, t, s) {\n        if (f.fbq) return; n = f.fbq = function () {\n            n.callMethod ?\n                n.callMethod.apply(n, arguments) : n.queue.push(arguments)\n        };\n        if (!f._fbq) f._fbq = n; n.push = n; n.loaded = !0; n.version = '2.0';\n        n.queue = []; t = b.createElement(e); t.async = !0;\n        t.src = v; s = b.getElementsByTagName(e)[0];\n        s.parentNode.insertBefore(t, s)\n    }(window, document, 'script',\n        'https:\/\/connect.facebook.net\/en_US\/fbevents.js');\n    fbq('init', '522546078623747');\n    fbq('track', 'PageView');\n<\/script><br \/>\n<br \/><br \/>\n<br \/><a href=\"https:\/\/www.agrolink.com.br\/noticias\/agricultores-e-tecnicos-buscam-estrategias-para-combate-a-podridao-da-uva-madura_506203.html\">Source link <\/a><\/p>\n","protected":false},"excerpt":{"rendered":"<p>Mais de 70 produtores rurais e t\u00e9cnicos agr\u00edcolas participaram de dois eventos sobre o combate \u00e0 podrid\u00e3o da uva madura,<\/p>\n","protected":false},"author":1,"featured_media":20745,"comment_status":"open","ping_status":"open","sticky":false,"template":"","format":"standard","meta":{"_monsterinsights_skip_tracking":false,"_monsterinsights_sitenote_active":false,"_monsterinsights_sitenote_note":"","_monsterinsights_sitenote_category":0,"_uf_show_specific_survey":0,"_uf_disable_surveys":false,"footnotes":""},"categories":[8,1,14],"tags":[],"class_list":["post-20744","post","type-post","status-publish","format-standard","has-post-thumbnail","hentry","category-agro","category-news","category-politica-agro"],"_links":{"self":[{"href":"https:\/\/agromt.news\/index.php?rest_route=\/wp\/v2\/posts\/20744"}],"collection":[{"href":"https:\/\/agromt.news\/index.php?rest_route=\/wp\/v2\/posts"}],"about":[{"href":"https:\/\/agromt.news\/index.php?rest_route=\/wp\/v2\/types\/post"}],"author":[{"embeddable":true,"href":"https:\/\/agromt.news\/index.php?rest_route=\/wp\/v2\/users\/1"}],"replies":[{"embeddable":true,"href":"https:\/\/agromt.news\/index.php?rest_route=%2Fwp%2Fv2%2Fcomments&post=20744"}],"version-history":[{"count":0,"href":"https:\/\/agromt.news\/index.php?rest_route=\/wp\/v2\/posts\/20744\/revisions"}],"wp:featuredmedia":[{"embeddable":true,"href":"https:\/\/agromt.news\/index.php?rest_route=\/wp\/v2\/media\/20745"}],"wp:attachment":[{"href":"https:\/\/agromt.news\/index.php?rest_route=%2Fwp%2Fv2%2Fmedia&parent=20744"}],"wp:term":[{"taxonomy":"category","embeddable":true,"href":"https:\/\/agromt.news\/index.php?rest_route=%2Fwp%2Fv2%2Fcategories&post=20744"},{"taxonomy":"post_tag","embeddable":true,"href":"https:\/\/agromt.news\/index.php?rest_route=%2Fwp%2Fv2%2Ftags&post=20744"}],"curies":[{"name":"wp","href":"https:\/\/api.w.org\/{rel}","templated":true}]}}