{"id":20739,"date":"2025-09-23T20:16:18","date_gmt":"2025-09-24T00:16:18","guid":{"rendered":"https:\/\/agromt.news\/?p=20739"},"modified":"2025-09-23T20:16:18","modified_gmt":"2025-09-24T00:16:18","slug":"fungo-causador-da-murcha-da-cana-de-acucar-e-identificado","status":"publish","type":"post","link":"https:\/\/agromt.news\/?p=20739","title":{"rendered":"Fungo causador da murcha da cana-de-a\u00e7\u00facar \u00e9 identificado"},"content":{"rendered":"<p> <br \/>\n<br \/><img decoding=\"async\" src=\"https:\/\/agromt.news\/wp-content\/uploads\/2025\/09\/Fungo-causador-da-murcha-da-cana-de-acucar-e-identificado.jpg\" \/><\/p>\n<div>\n<p>O Centro de Tecnologia Canavieira (CTC) anunciou nesta ter\u00e7a-feira (23), em Piracicaba, interior de S\u00e3o Paulo, a descoberta do fungo causador da murcha da cana, doen\u00e7a que tem afetado a longevidade dos canaviais e elevado custos de produ\u00e7\u00e3o.<\/p>\n<p>Trata-se do <i>Colletotrichum spp.<\/i>. A descoberta foi validada por an\u00e1lises gen\u00e9ticas e pelo Postulado de Koch. A confirma\u00e7\u00e3o abre caminho para o desenvolvimento de variedades resistentes e para estrat\u00e9gias de manejo mais assertivas.<\/p>\n<p>\u201cO mais importante \u00e9 saber o que se est\u00e1 atacando. Agora, com a confirma\u00e7\u00e3o do agente causal, podemos direcionar pesquisas em diferentes frentes \u2013 desde fungicidas at\u00e9 solu\u00e7\u00f5es de manejo nutricional e irriga\u00e7\u00e3o -, al\u00e9m de abrir espa\u00e7o para o desenvolvimento de variedades resistentes no futuro\u201d, destacou a diretora de P&amp;D do CTC, Sabrina Chabregas.<\/p>\n<h2>Perdas em talh\u00f5es de cana<\/h2>\n<p>O impacto da doen\u00e7a preocupa produtores em todo o pa\u00eds. Relatos apontam perdas de at\u00e9 <strong>50%<\/strong> na produ\u00e7\u00e3o de talh\u00f5es afetados.<\/p>\n<p>Al\u00e9m disso, estima-se que a murcha atinja cerca de <strong>30<\/strong>% dos canaviais brasileiros, principalmente em \u00e1reas mais suscet\u00edveis ao estresse h\u00eddrico e ao ataque de pragas. \u201cO controle da murcha \u00e9 super relevante, \u00e9 a principal doen\u00e7a do setor hoje\u201d, completou Sabrina.<\/p>\n<h5 class=\"western\"><span style=\"color: #000000;\"><span style=\"font-family: Arial, sans-serif;\"><span style=\"font-size: x-large;\"><i>Veja em primeira m\u00e3o tudo sobre agricultura, pecu\u00e1ria, economia e previs\u00e3o do tempo:<\/i><\/span><\/span><\/span><a href=\"https:\/\/news.google.com\/publications\/CAAqBwgKMPKZlQswq_mqAw?hl=pt-BR&amp;gl=BR&amp;ceid=BR%3Apt-419\" target=\"_blank\" rel=\"noopener\"><span style=\"color: #1155cc;\"><span style=\"font-family: Arial, Helvetica, sans-serif;\">\u00a0<\/span><\/span><span style=\"color: #1155cc;\"><span style=\"font-family: Arial, sans-serif;\"><span style=\"font-size: x-large;\"><i>siga o Canal Rural no Google News!<\/i><\/span><\/span><\/span><\/a><\/h5>\n<p>A descoberta foi apresentada durante o lan\u00e7amento do movimento Esfera, plataforma de colabora\u00e7\u00e3o aberta entre produtores, pesquisadores e ind\u00fastrias. Segundo o CTC, a Esfera nasce como um espa\u00e7o de conex\u00e3o permanente entre diferentes elos da cadeia, promovendo debates t\u00e9cnicos e estrat\u00e9gias para elevar a competitividade do setor.<\/p>\n<p>O ambiente j\u00e1 conta com quase 400 inscritos e funcionar\u00e1 em duas frentes: uma comunidade virtual aberta a qualquer interessado em cana-de-a\u00e7\u00facar e encontros presenciais peri\u00f3dicos, previstos para ocorrer cerca de quatro vezes ao ano.<\/p>\n<p>\u201cO Brasil \u00e9 refer\u00eancia na cultura da cana-de-a\u00e7\u00facar e a Esfera chega para ser o palco de debate do setor nos temas t\u00e9cnicos mais relevantes que visam expandir o conhecimento e aplicabilidade de diferentes pr\u00e1ticas de manejo que levar\u00e3o ao aumento da produtividade\u201d, afirmou o CEO do CTC, C\u00e9sar Barros.<\/p>\n<p>Para Barros, a Esfera simboliza a acelera\u00e7\u00e3o dessa resposta coletiva. \u201cMuitas iniciativas de controle j\u00e1 vinham sendo testadas de forma isolada nas usinas. Agora, queremos que esse esfor\u00e7o seja conjunto, transparente e colaborativo, de modo a gerar solu\u00e7\u00f5es mais r\u00e1pidas para os problemas cr\u00edticos do setor.\u201d<\/p>\n<\/p><\/div>\n<p><br \/>\n<br \/><a href=\"https:\/\/www.canalrural.com.br\/agricultura\/fungo-causador-da-murcha-da-cana-de-acucar-e-identificado\/\">Source link <\/a><\/p>\n","protected":false},"excerpt":{"rendered":"<p>O Centro de Tecnologia Canavieira (CTC) anunciou nesta ter\u00e7a-feira (23), em Piracicaba, interior de S\u00e3o Paulo, a descoberta do fungo<\/p>\n","protected":false},"author":1,"featured_media":20740,"comment_status":"open","ping_status":"open","sticky":false,"template":"","format":"standard","meta":{"_monsterinsights_skip_tracking":false,"_monsterinsights_sitenote_active":false,"_monsterinsights_sitenote_note":"","_monsterinsights_sitenote_category":0,"_uf_show_specific_survey":0,"_uf_disable_surveys":false,"footnotes":""},"categories":[1],"tags":[],"class_list":["post-20739","post","type-post","status-publish","format-standard","has-post-thumbnail","hentry","category-news"],"_links":{"self":[{"href":"https:\/\/agromt.news\/index.php?rest_route=\/wp\/v2\/posts\/20739"}],"collection":[{"href":"https:\/\/agromt.news\/index.php?rest_route=\/wp\/v2\/posts"}],"about":[{"href":"https:\/\/agromt.news\/index.php?rest_route=\/wp\/v2\/types\/post"}],"author":[{"embeddable":true,"href":"https:\/\/agromt.news\/index.php?rest_route=\/wp\/v2\/users\/1"}],"replies":[{"embeddable":true,"href":"https:\/\/agromt.news\/index.php?rest_route=%2Fwp%2Fv2%2Fcomments&post=20739"}],"version-history":[{"count":0,"href":"https:\/\/agromt.news\/index.php?rest_route=\/wp\/v2\/posts\/20739\/revisions"}],"wp:featuredmedia":[{"embeddable":true,"href":"https:\/\/agromt.news\/index.php?rest_route=\/wp\/v2\/media\/20740"}],"wp:attachment":[{"href":"https:\/\/agromt.news\/index.php?rest_route=%2Fwp%2Fv2%2Fmedia&parent=20739"}],"wp:term":[{"taxonomy":"category","embeddable":true,"href":"https:\/\/agromt.news\/index.php?rest_route=%2Fwp%2Fv2%2Fcategories&post=20739"},{"taxonomy":"post_tag","embeddable":true,"href":"https:\/\/agromt.news\/index.php?rest_route=%2Fwp%2Fv2%2Ftags&post=20739"}],"curies":[{"name":"wp","href":"https:\/\/api.w.org\/{rel}","templated":true}]}}