{"id":20733,"date":"2025-09-23T19:31:06","date_gmt":"2025-09-23T23:31:06","guid":{"rendered":"https:\/\/agromt.news\/?p=20733"},"modified":"2025-09-23T19:31:06","modified_gmt":"2025-09-23T23:31:06","slug":"lula-anuncia-us-1-bi-no-fundo-de-florestas-tropicais-para-sempre","status":"publish","type":"post","link":"https:\/\/agromt.news\/?p=20733","title":{"rendered":"Lula anuncia US$ 1 bi no Fundo de Florestas Tropicais para Sempre"},"content":{"rendered":"<p> <br \/>\n<br \/><img decoding=\"async\" src=\"https:\/\/agromt.news\/wp-content\/uploads\/2025\/09\/Lula-anuncia-US-1-bi-no-Fundo-de-Florestas-Tropicais.jpg\" \/><\/p>\n<div>\n<p>O presidente Luiz In\u00e1cio Lula da Silva anunciou, durante a Sess\u00e3o de Abertura da Reuni\u00e3o sobre o Fundo de Florestas Tropicais para Sempre (TFFF, na sigla em ingl\u00eas), nesta ter\u00e7a-feira (23), que o Brasil vai investir US$ 1 bilh\u00e3o na iniciativa.<\/p>\n<p>O Fundo, que prop\u00f5e um modelo inovador de financiamento para a conserva\u00e7\u00e3o das florestas tropicais, ser\u00e1 oficialmente lan\u00e7ado durante a 30\u00aa Confer\u00eancia das Na\u00e7\u00f5es Unidas Sobre Mudan\u00e7a do Clima <strong><a href=\"https:\/\/www.canalrural.com.br\/tag\/cop30\/\">(COP30)<\/a><\/strong>, agendada para novembro, em Bel\u00e9m, capital paraense.<\/p>\n<p>\u201cO Brasil vai liderar pelo exemplo e se tornar o primeiro pa\u00eds a se comprometer com investimento no fundo com um bilh\u00e3o de d\u00f3lares. Por isso, convido todos os parceiros presentes a apresentarem contribui\u00e7\u00f5es igualmente ambiciosas para que o TFFF possa entrar em opera\u00e7\u00e3o na COP30, em novembro, na Amaz\u00f4nia sul-americana\u201d, declarou Lula, durante a reuni\u00e3o realizada na Sede das Na\u00e7\u00f5es Unidas, em Nova York, nos Estados Unidos.<\/p>\n<p>O presidente ressaltou que os dividendos gerados pelo TFFF, que ser\u00e1 complementar aos mecanismos de pagamento por redu\u00e7\u00e3o de emiss\u00f5es de gases de efeito estufa, ser\u00e3o repartidos anualmente entre os investidores e os pa\u00edses que mantiverem suas florestas em p\u00e9. <\/p>\n<p>\u201cTodos os anos, o monitoramento por sat\u00e9lite tornar\u00e1 poss\u00edvel identificar se os pa\u00edses est\u00e3o respeitando a meta de manuten\u00e7\u00e3o do desmatamento abaixo de 0,5%\u201d, afirmou.<\/p>\n<\/p><\/div>\n<p><br \/>\n<br \/><a href=\"https:\/\/www.canalrural.com.br\/sustentabilidade\/lula-anuncia-us-1-bilhao-no-fundo-de-florestas-tropicais-para-sempre\/\">Source link <\/a><\/p>\n","protected":false},"excerpt":{"rendered":"<p>O presidente Luiz In\u00e1cio Lula da Silva anunciou, durante a Sess\u00e3o de Abertura da Reuni\u00e3o sobre o Fundo de Florestas<\/p>\n","protected":false},"author":1,"featured_media":20734,"comment_status":"open","ping_status":"open","sticky":false,"template":"","format":"standard","meta":{"_monsterinsights_skip_tracking":false,"_monsterinsights_sitenote_active":false,"_monsterinsights_sitenote_note":"","_monsterinsights_sitenote_category":0,"_uf_show_specific_survey":0,"_uf_disable_surveys":false,"footnotes":""},"categories":[1],"tags":[],"class_list":["post-20733","post","type-post","status-publish","format-standard","has-post-thumbnail","hentry","category-news"],"_links":{"self":[{"href":"https:\/\/agromt.news\/index.php?rest_route=\/wp\/v2\/posts\/20733"}],"collection":[{"href":"https:\/\/agromt.news\/index.php?rest_route=\/wp\/v2\/posts"}],"about":[{"href":"https:\/\/agromt.news\/index.php?rest_route=\/wp\/v2\/types\/post"}],"author":[{"embeddable":true,"href":"https:\/\/agromt.news\/index.php?rest_route=\/wp\/v2\/users\/1"}],"replies":[{"embeddable":true,"href":"https:\/\/agromt.news\/index.php?rest_route=%2Fwp%2Fv2%2Fcomments&post=20733"}],"version-history":[{"count":0,"href":"https:\/\/agromt.news\/index.php?rest_route=\/wp\/v2\/posts\/20733\/revisions"}],"wp:featuredmedia":[{"embeddable":true,"href":"https:\/\/agromt.news\/index.php?rest_route=\/wp\/v2\/media\/20734"}],"wp:attachment":[{"href":"https:\/\/agromt.news\/index.php?rest_route=%2Fwp%2Fv2%2Fmedia&parent=20733"}],"wp:term":[{"taxonomy":"category","embeddable":true,"href":"https:\/\/agromt.news\/index.php?rest_route=%2Fwp%2Fv2%2Fcategories&post=20733"},{"taxonomy":"post_tag","embeddable":true,"href":"https:\/\/agromt.news\/index.php?rest_route=%2Fwp%2Fv2%2Ftags&post=20733"}],"curies":[{"name":"wp","href":"https:\/\/api.w.org\/{rel}","templated":true}]}}