{"id":20724,"date":"2025-09-23T18:11:23","date_gmt":"2025-09-23T22:11:23","guid":{"rendered":"https:\/\/agromt.news\/?p=20724"},"modified":"2025-09-23T18:11:23","modified_gmt":"2025-09-23T22:11:23","slug":"argentina-suspende-retenciones-sobre-graos","status":"publish","type":"post","link":"https:\/\/agromt.news\/?p=20724","title":{"rendered":"Argentina suspende retenciones sobre gr\u00e3os"},"content":{"rendered":"<p> <br \/>\n<\/p>\n<div>\n<div class=\"row\">\n<div class=\"col-lg col-infos mt-0 mt-lg-0\">\n<div class=\"section-sub-title\">\n<p itemprop=\"description\">&#13;<br \/>\n                                A medida se soma a redu\u00e7\u00f5es j\u00e1 implementadas desde julho&#13;\n                            <\/p>\n<\/p><\/div>\n<div class=\"container\">\n<div class=\"row\">\n<div class=\"col-lg p-0\">\n<div>\n<div class=\"block-news-main-infos mt-3 text-start\">\n<p>                                            <strong class=\"fn\" itemprop=\"author\" style=\"color: rgb(112, 112, 112); \">&#13;<br \/>\n                                                <a href=\"https:\/\/www.agrolink.com.br\/noticias\/javascript:;\" class=\"text-uppercase\" target=\"_blank\" style=\"color: rgb(112, 112, 112); \" rel=\"noopener\">Agrolink<\/a>&#13;<br \/>\n&#13;<br \/>\n                                                    &#8211; Leonardo Gottems&#13;<br \/>\n&#13;<br \/>\n                                            <\/strong><br \/>\n                                        <\/p>\n<p>                                            <abbr><time datetime=\"2025 - 09 - 22T14:19\" itemprop=\"datePublished dateModified\"> Publicado em 22\/09\/2025 \u00e0s 14:19h.<\/time><\/abbr>\n                                    <\/div>\n<\/p><\/div>\n<\/p><\/div>\n<div class=\"col-lg p-0 text-lg-end\">\n<div>\n<div id=\"mdEnviarPagina\" class=\"modal fade\" role=\"dialog\">\n<div class=\"modal-dialog\">\n<div class=\"modal-content\">\n<div class=\"modal-body\">\n<p><strong>Estimado usu\u00e1rio.<\/strong><br \/>Preencha o formul\u00e1rio abaixo para remeter a p\u00e1gina.<\/p>\n<\/p><\/div>\n<\/p><\/div>\n<\/p><\/div>\n<\/div><\/div>\n<\/p><\/div>\n<\/p><\/div>\n<\/p><\/div>\n<\/p><\/div>\n<\/p><\/div>\n<div class=\"row justify-content-md-center mt-3\">\n<div class=\"col-lg-auto col-image block-news-main-image\">\n<p>                                <img decoding=\"async\" src=\"https:\/\/www.agrolink.com.br\/upload\/imagens-resizes\/deafa9fe93ad4f1aafbf03af931ba8b3_858x483.jpg\" class=\"lazyload img-fluid\" alt=\"A medida se soma a redu\u00e7\u00f5es j\u00e1 implementadas desde julho\"\/><br \/>\n                                                <span class=\"d-block mt-1\">A medida se soma a redu\u00e7\u00f5es j\u00e1 implementadas desde julho &#8211; Foto: Pixabay<\/span><\/p><\/div>\n<\/p><\/div>\n<div class=\"section-description section-description-noticias mt-3\">\n<p>O governo argentino anunciou nesta segunda-feira (22) a elimina\u00e7\u00e3o tempor\u00e1ria das retenciones, equivalentes \u00e0s exporta\u00e7\u00f5es, sobre todos os gr\u00e3os at\u00e9 o dia 31 de outubro. A medida foi comunicada pelo porta-voz presidencial, Manuel Adorni, que destacou o objetivo de acelerar o ingresso de d\u00f3lares no pa\u00eds e fortalecer as reservas do Banco Central, que na \u00faltima semana vendeu US$ 1,1 bilh\u00e3o em meio \u00e0 forte press\u00e3o cambial. A decis\u00e3o atinge <a href=\"https:\/\/www.agrolink.com.br\/culturas\/soja?utm_source=agrolink-detalhe-noticia&amp;utm_medium=detalhe-noticia&amp;utm_campaign=links-internos\" target=\"_blank\" rel=\"noopener\">soja<\/a>, <a href=\"https:\/\/www.agrolink.com.br\/culturas\/milho?utm_source=agrolink-detalhe-noticia&amp;utm_medium=detalhe-noticia&amp;utm_campaign=links-internos&#9;\" target=\"_blank\" rel=\"noopener\">milho<\/a>, <a href=\"https:\/\/www.agrolink.com.br\/culturas\/trigo\/?utm_source=agrolink-detalhe-noticia&amp;utm_medium=detalhe-noticia&amp;utm_campaign=links-internos\" target=\"_blank\" rel=\"noopener\">trigo<\/a>, <a href=\"https:\/\/www.agrolink.com.br\/culturas\/girassol?utm_source=agrolink-detalhe-noticia&amp;utm_medium=detalhe-noticia&amp;utm_campaign=links-internos\" target=\"_blank\" rel=\"noopener\">girassol<\/a> e outros cultivos estrat\u00e9gicos.&#13;\n<\/p>\n<p>Segundo Adorni, a iniciativa busca aumentar a competitividade do setor e garantir maior oferta de divisas em um momento de incerteza econ\u00f4mica. Ele tamb\u00e9m acusou setores opositores de tentar \u201cboicotar o programa de governo\u201d por meio de cr\u00edticas \u00e0s medidas. A suspens\u00e3o das retenciones, que ter\u00e1 efeito at\u00e9 cinco dias ap\u00f3s as elei\u00e7\u00f5es nacionais, foi interpretada como uma aposta de curto prazo para aliviar a crise cambial.<\/p>\n<p>A medida se soma a redu\u00e7\u00f5es j\u00e1 implementadas desde julho, quando o Decreto 526 diminuiu al\u00edquotas sobre gr\u00e3os e carnes, e segue a linha do presidente Javier Milei de gradualmente encerrar o sistema de tributos \u00e0s exporta\u00e7\u00f5es. O governo argumenta que o setor agroexportador, respons\u00e1vel por cerca de US$ 48 bilh\u00f5es anuais, \u00e9 essencial para a estabilidade macroecon\u00f4mica e o crescimento regional. Apesar disso, especialistas lembram que o pr\u00f3prio Executivo condiciona a elimina\u00e7\u00e3o definitiva das retenciones \u00e0 conquista de um super\u00e1vit fiscal sustent\u00e1vel.&#13;\n<\/p>\n<p>No campo, as rea\u00e7\u00f5es foram divididas. Nicol\u00e1s Pino, presidente da Sociedade Rural Argentina (SRA), elogiou a decis\u00e3o e defendeu que a isen\u00e7\u00e3o seja permanente. J\u00e1 Andrea Sarnari, da Federa\u00e7\u00e3o Agr\u00e1ria Argentina (FAA), criticou o car\u00e1ter transit\u00f3rio, destacando que pequenos e m\u00e9dios produtores n\u00e3o ter\u00e3o como se beneficiar, pois j\u00e1 venderam sua produ\u00e7\u00e3o. Para ela, o impacto positivo deve se concentrar em grandes exportadores capazes de estocar gr\u00e3os \u00e0 espera de melhores condi\u00e7\u00f5es de mercado.<br \/>&#13;<br \/>\n\u00a0<\/p>\n<\/p><\/div>\n<\/p><\/div>\n<p><script data-cfasync=\"false\">\n    !function (f, b, e, v, n, t, s) {\n        if (f.fbq) return; n = f.fbq = function () {\n            n.callMethod ?\n                n.callMethod.apply(n, arguments) : n.queue.push(arguments)\n        };\n        if (!f._fbq) f._fbq = n; n.push = n; n.loaded = !0; n.version = '2.0';\n        n.queue = []; t = b.createElement(e); t.async = !0;\n        t.src = v; s = b.getElementsByTagName(e)[0];\n        s.parentNode.insertBefore(t, s)\n    }(window, document, 'script',\n        'https:\/\/connect.facebook.net\/en_US\/fbevents.js');\n    fbq('init', '522546078623747');\n    fbq('track', 'PageView');\n<\/script><br \/>\n<br \/><br \/>\n<br \/><a href=\"https:\/\/www.agrolink.com.br\/noticias\/argentina-suspende-retenciones-sobre-graos_506204.html\">Source link <\/a><\/p>\n","protected":false},"excerpt":{"rendered":"<p>&#13; A medida se soma a redu\u00e7\u00f5es j\u00e1 implementadas desde julho&#13; &#13; Agrolink&#13; &#13; &#8211; Leonardo Gottems&#13; &#13; Publicado em<\/p>\n","protected":false},"author":1,"featured_media":15838,"comment_status":"open","ping_status":"open","sticky":false,"template":"","format":"standard","meta":{"_monsterinsights_skip_tracking":false,"_monsterinsights_sitenote_active":false,"_monsterinsights_sitenote_note":"","_monsterinsights_sitenote_category":0,"_uf_show_specific_survey":0,"_uf_disable_surveys":false,"footnotes":""},"categories":[8,1,14],"tags":[],"class_list":["post-20724","post","type-post","status-publish","format-standard","has-post-thumbnail","hentry","category-agro","category-news","category-politica-agro"],"_links":{"self":[{"href":"https:\/\/agromt.news\/index.php?rest_route=\/wp\/v2\/posts\/20724"}],"collection":[{"href":"https:\/\/agromt.news\/index.php?rest_route=\/wp\/v2\/posts"}],"about":[{"href":"https:\/\/agromt.news\/index.php?rest_route=\/wp\/v2\/types\/post"}],"author":[{"embeddable":true,"href":"https:\/\/agromt.news\/index.php?rest_route=\/wp\/v2\/users\/1"}],"replies":[{"embeddable":true,"href":"https:\/\/agromt.news\/index.php?rest_route=%2Fwp%2Fv2%2Fcomments&post=20724"}],"version-history":[{"count":0,"href":"https:\/\/agromt.news\/index.php?rest_route=\/wp\/v2\/posts\/20724\/revisions"}],"wp:featuredmedia":[{"embeddable":true,"href":"https:\/\/agromt.news\/index.php?rest_route=\/wp\/v2\/media\/15838"}],"wp:attachment":[{"href":"https:\/\/agromt.news\/index.php?rest_route=%2Fwp%2Fv2%2Fmedia&parent=20724"}],"wp:term":[{"taxonomy":"category","embeddable":true,"href":"https:\/\/agromt.news\/index.php?rest_route=%2Fwp%2Fv2%2Fcategories&post=20724"},{"taxonomy":"post_tag","embeddable":true,"href":"https:\/\/agromt.news\/index.php?rest_route=%2Fwp%2Fv2%2Ftags&post=20724"}],"curies":[{"name":"wp","href":"https:\/\/api.w.org\/{rel}","templated":true}]}}