{"id":20722,"date":"2025-09-23T18:05:36","date_gmt":"2025-09-23T22:05:36","guid":{"rendered":"https:\/\/agromt.news\/?p=20722"},"modified":"2025-09-23T18:05:36","modified_gmt":"2025-09-23T22:05:36","slug":"brasil-busca-safra-recorde-em-setembro-e-producao-agricola-sustentavel","status":"publish","type":"post","link":"https:\/\/agromt.news\/?p=20722","title":{"rendered":"Brasil busca safra recorde em setembro e produ\u00e7\u00e3o agr\u00edcola sustent\u00e1vel"},"content":{"rendered":"<p> <br \/>\n<br \/><img decoding=\"async\" src=\"https:\/\/agromt.news\/wp-content\/uploads\/2025\/09\/Brasil-busca-safra-recorde-em-setembro-e-producao-agricola-sustentavel.jpg\" \/><\/p>\n<div>\n<p>Setembro traz marcos importantes para o agro brasileiro: o Dia da \u00c1rvore (21), o in\u00edcio da primavera (22) e o come\u00e7o da nova safra de gr\u00e3os no pa\u00eds. Para especialistas, essas datas simbolizam futuro, renova\u00e7\u00e3o e escolhas que impactam a produ\u00e7\u00e3o agr\u00edcola e ambiental.<\/p>\n<p>Segundo o head of agrobusiness da Terradot, Renato Rodrigues, esses marcos de setembro simbolizam renova\u00e7\u00e3o e escolhas que impactam o futuro da produ\u00e7\u00e3o agr\u00edcola.<\/p>\n<h2 class=\"wp-block-heading\" id=\"h-safra-recorde-em-setembro\">Safra recorde em setembro<\/h2>\n<p>A Companhia Nacional de Abastecimento (<a href=\"https:\/\/www.canalrural.com.br\/tag\/conab\/\">Conab<\/a>) projeta a safra 2026 em 353,8 milh\u00f5es de toneladas, superando o recorde da temporada passada. A soja deve alcan\u00e7ar 178 milh\u00f5es de toneladas, mantendo o Brasil como maior produtor mundial. <\/p>\n<p>O milho deve atingir cerca de 138 milh\u00f5es de toneladas, enquanto o algod\u00e3o caminha para mais de 4 milh\u00f5es de toneladas. Arroz e feij\u00e3o registram pequenas quedas, mas devem garantir o abastecimento interno.<\/p>\n<h2 class=\"wp-block-heading\" id=\"h-praticas-sustentaveis\">Pr\u00e1ticas sustent\u00e1veis <\/h2>\n<p>Rodrigues destaca que o Brasil n\u00e3o \u00e9 apenas pot\u00eancia em volume de produ\u00e7\u00e3o, mas tamb\u00e9m em tecnologia e pr\u00e1ticas sustent\u00e1veis. Ele cita a integra\u00e7\u00e3o lavoura-pecu\u00e1ria-floresta, presente em mais de 20 milh\u00f5es de hectares, que alia produ\u00e7\u00e3o e conserva\u00e7\u00e3o ambiental. <\/p>\n<p>\u201cAs \u00e1rvores nos sistemas produtivos geram sombra, aumentam o bem-estar animal, fixam carbono, protegem nascentes e melhoram o microclima, aumentando a resili\u00eancia da lavoura e a produtividade por hectare\u201d, afirma.<\/p>\n<p>O especialista ressalta que, combinadas a pr\u00e1ticas regenerativas como rota\u00e7\u00e3o de culturas, plantio direto, uso de bioinsumos, p\u00f3 de rocha e manejo integrado de pragas, essas estrat\u00e9gias colocam o Brasil na vanguarda de um modelo de agricultura de baixo carbono e alta produtividade.<\/p>\n<p>\u201cProduzir mais \u00e9 importante, mas o verdadeiro recorde que precisamos buscar est\u00e1 nos hectares recuperados, nas \u00e1reas reflorestadas, nas pastagens regeneradas e na biodiversidade preservada\u201d, refor\u00e7a Rodrigues. <\/p>\n<p>Segundo ele, o pa\u00eds tem condi\u00e7\u00f5es clim\u00e1ticas favor\u00e1veis para alinhar agricultura e pecu\u00e1ria \u00e0 preserva\u00e7\u00e3o de florestas, biomas nativos e unidades de conserva\u00e7\u00e3o, como lembra a celebra\u00e7\u00e3o dos 25 anos do Sistema Nacional de Unidades de Conserva\u00e7\u00e3o (SNUC).<\/p>\n<p>Para Rodrigues, esta safra representa mais do que gr\u00e3os: \u00e9 a oportunidade de semear ideias, compromissos e escolhas que podem consolidar o Brasil como grande pot\u00eancia agroambiental mundial.<\/p>\n<\/p><\/div>\n<p><br \/>\n<br \/><a href=\"https:\/\/www.canalrural.com.br\/network\/brasil-busca-safra-recorde-em-setembro-e-producao-agricola-sustentavel\/\">Source link <\/a><\/p>\n","protected":false},"excerpt":{"rendered":"<p>Setembro traz marcos importantes para o agro brasileiro: o Dia da \u00c1rvore (21), o in\u00edcio da primavera (22) e o<\/p>\n","protected":false},"author":1,"featured_media":20723,"comment_status":"open","ping_status":"open","sticky":false,"template":"","format":"standard","meta":{"_monsterinsights_skip_tracking":false,"_monsterinsights_sitenote_active":false,"_monsterinsights_sitenote_note":"","_monsterinsights_sitenote_category":0,"_uf_show_specific_survey":0,"_uf_disable_surveys":false,"footnotes":""},"categories":[1],"tags":[],"class_list":["post-20722","post","type-post","status-publish","format-standard","has-post-thumbnail","hentry","category-news"],"_links":{"self":[{"href":"https:\/\/agromt.news\/index.php?rest_route=\/wp\/v2\/posts\/20722"}],"collection":[{"href":"https:\/\/agromt.news\/index.php?rest_route=\/wp\/v2\/posts"}],"about":[{"href":"https:\/\/agromt.news\/index.php?rest_route=\/wp\/v2\/types\/post"}],"author":[{"embeddable":true,"href":"https:\/\/agromt.news\/index.php?rest_route=\/wp\/v2\/users\/1"}],"replies":[{"embeddable":true,"href":"https:\/\/agromt.news\/index.php?rest_route=%2Fwp%2Fv2%2Fcomments&post=20722"}],"version-history":[{"count":0,"href":"https:\/\/agromt.news\/index.php?rest_route=\/wp\/v2\/posts\/20722\/revisions"}],"wp:featuredmedia":[{"embeddable":true,"href":"https:\/\/agromt.news\/index.php?rest_route=\/wp\/v2\/media\/20723"}],"wp:attachment":[{"href":"https:\/\/agromt.news\/index.php?rest_route=%2Fwp%2Fv2%2Fmedia&parent=20722"}],"wp:term":[{"taxonomy":"category","embeddable":true,"href":"https:\/\/agromt.news\/index.php?rest_route=%2Fwp%2Fv2%2Fcategories&post=20722"},{"taxonomy":"post_tag","embeddable":true,"href":"https:\/\/agromt.news\/index.php?rest_route=%2Fwp%2Fv2%2Ftags&post=20722"}],"curies":[{"name":"wp","href":"https:\/\/api.w.org\/{rel}","templated":true}]}}