{"id":20720,"date":"2025-09-23T17:51:12","date_gmt":"2025-09-23T21:51:12","guid":{"rendered":"https:\/\/agromt.news\/?p=20720"},"modified":"2025-09-23T17:51:12","modified_gmt":"2025-09-23T21:51:12","slug":"canal-do-criador-do-grupo-canal-rural-celebra-5-anos-de-historia","status":"publish","type":"post","link":"https:\/\/agromt.news\/?p=20720","title":{"rendered":"Canal do Criador, do grupo Canal Rural, celebra 5 anos de hist\u00f3ria"},"content":{"rendered":"<p> <br \/>\n<br \/><img decoding=\"async\" src=\"https:\/\/agromt.news\/wp-content\/uploads\/2025\/09\/Canal-do-Criador-do-grupo-Canal-Rural-celebra-5-anos.jpg\" \/><\/p>\n<div>\n<p>O Canal do Criador nasceu em 2020, em plena pandemia, com o prop\u00f3sito de ampliar a presen\u00e7a do agro e dos leil\u00f5es na televis\u00e3o. Em setembro de 2025, o canal completou 5 anos, mostrando que a iniciativa do grupo Canal Rural se consolidou como um dos principais ve\u00edculos de comunica\u00e7\u00e3o do setor, fortalecendo ainda mais a pecu\u00e1ria brasileira.<\/p>\n<p>\u201cO Canal do Criador nasceu pra ser um grande parceiro do pecuarista brasileiro, e hoje para n\u00f3s \u00e9 motivo de muito orgulho ver esse projeto crescer e se consolidar dessa forma\u201d, afirma <strong>J\u00falio Cargnino<\/strong>, diretor-presidente do Canal Rural.<\/p>\n<figure class=\"wp-block-embed is-type-video is-provider-youtube wp-block-embed-youtube wp-embed-aspect-16-9 wp-has-aspect-ratio\">\n<p>\n<iframe title=\"Canal do Criador 5 Anos: tradi\u00e7\u00e3o, inova\u00e7\u00e3o e o futuro da pecu\u00e1ria brasileira\" width=\"800\" height=\"450\" src=\"https:\/\/www.youtube.com\/embed\/hMxVt9ng-o4?feature=oembed\" frameborder=\"0\" allow=\"accelerometer; autoplay; clipboard-write; encrypted-media; gyroscope; picture-in-picture; web-share\" referrerpolicy=\"strict-origin-when-cross-origin\" allowfullscreen><\/iframe><noscript><iframe title=\"Canal do Criador 5 Anos: tradi\u00e7\u00e3o, inova\u00e7\u00e3o e o futuro da pecu\u00e1ria brasileira\" width=\"800\" height=\"450\" src=\"https:\/\/www.youtube.com\/embed\/hMxVt9ng-o4?feature=oembed\" frameborder=\"0\" allow=\"accelerometer; autoplay; clipboard-write; encrypted-media; gyroscope; picture-in-picture; web-share\" referrerpolicy=\"strict-origin-when-cross-origin\" allowfullscreen><\/iframe><\/noscript>\n<\/p>\n<\/figure>\n<p>Desde a sua cria\u00e7\u00e3o, o projeto trouxe parcerias estrat\u00e9gicas e promoveu neg\u00f3cios em todo o pa\u00eds. \u201cO Canal do Criador nasceu valorizando a pecu\u00e1ria. Hoje, depois de 5 anos, conseguimos constituir um crescimento muito forte, com prop\u00f3sito e com muita parceria. Muito obrigada a todos que fazem esse canal ser o canal que faz o mercado acontecer\u201d, destaca <strong>Pl\u00ednio Queiroz<\/strong>, diretor de Pecu\u00e1ria do grupo Canal Rural.<\/p>\n<h2 class=\"wp-block-heading\" id=\"h-reconhecimento-do-setor\"><strong>Reconhecimento do setor<\/strong><\/h2>\n<p>O trabalho desenvolvido ao longo desses cinco anos tamb\u00e9m \u00e9 reconhecido por parceiros importantes. Para <strong>Paulo Horto<\/strong>, da Programa Leil\u00f5es, a trajet\u00f3ria reflete a relev\u00e2ncia conquistada em pouco tempo: \u201cParab\u00e9ns, Canal do Criador. Canal mais jovem do agroneg\u00f3cio brasileiro. Se a gente for ver a precocidade, j\u00e1 que a gente trabalha muito com gen\u00e9tica, o Canal do Criador \u00e9 um top 01, principalmente em precocidade, porque, em 5 anos, se tornou um dos principais ve\u00edculos de comunica\u00e7\u00e3o do agroneg\u00f3cio brasileiro. Um orgulho para n\u00f3s da Programa Leil\u00f5es, que estamos desde o nascimento como um grande parceiro.\u201d<\/p>\n<p>Comemorando meia d\u00e9cada de atua\u00e7\u00e3o, o Canal do Criador refor\u00e7a sua miss\u00e3o de dar visibilidade \u00e0 pecu\u00e1ria nacional. Como parte do grupo Canal Rural, segue fortalecendo a comunica\u00e7\u00e3o no campo, aproximando criadores, leiloeiros e investidores, e mostrando que a uni\u00e3o entre tradi\u00e7\u00e3o e inova\u00e7\u00e3o \u00e9 o caminho para o futuro do agro.<\/p>\n<\/p><\/div>\n<p><br \/>\n<br \/><a href=\"https:\/\/www.canalrural.com.br\/pecuaria\/canal-do-criador-do-grupo-canal-rural-celebra-5-anos-de-historia\/\">Source link <\/a><\/p>\n","protected":false},"excerpt":{"rendered":"<p>O Canal do Criador nasceu em 2020, em plena pandemia, com o prop\u00f3sito de ampliar a presen\u00e7a do agro e<\/p>\n","protected":false},"author":1,"featured_media":20721,"comment_status":"open","ping_status":"open","sticky":false,"template":"","format":"standard","meta":{"_monsterinsights_skip_tracking":false,"_monsterinsights_sitenote_active":false,"_monsterinsights_sitenote_note":"","_monsterinsights_sitenote_category":0,"_uf_show_specific_survey":0,"_uf_disable_surveys":false,"footnotes":""},"categories":[1],"tags":[],"class_list":["post-20720","post","type-post","status-publish","format-standard","has-post-thumbnail","hentry","category-news"],"_links":{"self":[{"href":"https:\/\/agromt.news\/index.php?rest_route=\/wp\/v2\/posts\/20720"}],"collection":[{"href":"https:\/\/agromt.news\/index.php?rest_route=\/wp\/v2\/posts"}],"about":[{"href":"https:\/\/agromt.news\/index.php?rest_route=\/wp\/v2\/types\/post"}],"author":[{"embeddable":true,"href":"https:\/\/agromt.news\/index.php?rest_route=\/wp\/v2\/users\/1"}],"replies":[{"embeddable":true,"href":"https:\/\/agromt.news\/index.php?rest_route=%2Fwp%2Fv2%2Fcomments&post=20720"}],"version-history":[{"count":0,"href":"https:\/\/agromt.news\/index.php?rest_route=\/wp\/v2\/posts\/20720\/revisions"}],"wp:featuredmedia":[{"embeddable":true,"href":"https:\/\/agromt.news\/index.php?rest_route=\/wp\/v2\/media\/20721"}],"wp:attachment":[{"href":"https:\/\/agromt.news\/index.php?rest_route=%2Fwp%2Fv2%2Fmedia&parent=20720"}],"wp:term":[{"taxonomy":"category","embeddable":true,"href":"https:\/\/agromt.news\/index.php?rest_route=%2Fwp%2Fv2%2Fcategories&post=20720"},{"taxonomy":"post_tag","embeddable":true,"href":"https:\/\/agromt.news\/index.php?rest_route=%2Fwp%2Fv2%2Ftags&post=20720"}],"curies":[{"name":"wp","href":"https:\/\/api.w.org\/{rel}","templated":true}]}}