{"id":20719,"date":"2025-09-23T17:35:48","date_gmt":"2025-09-23T21:35:48","guid":{"rendered":"https:\/\/agromt.news\/?p=20719"},"modified":"2025-09-23T17:35:48","modified_gmt":"2025-09-23T21:35:48","slug":"lei-antidesmatamento-adiada-o-que-esta-por-tras-da-decisao","status":"publish","type":"post","link":"https:\/\/agromt.news\/?p=20719","title":{"rendered":"Lei antidesmatamento adiada; o que est\u00e1 por tr\u00e1s da decis\u00e3o?"},"content":{"rendered":"<p> <br \/>\n<br \/><img decoding=\"async\" src=\"https:\/\/agromt.news\/wp-content\/uploads\/2025\/07\/EUA-e-Uniao-Europeia-estao-perto-de-fechar-um-acordo.jpg\" \/><\/p>\n<div>\n<p>A <a href=\"https:\/\/www.canalrural.com.br\/tag\/uniao-europeia\/\">Uni\u00e3o Europeia<\/a> indicou que pode adiar para 2026 a entrada em vigor do Regulamento de Produtos Livres de Desmatamento (EUDR), conhecido como lei antidesmatamento. A legisla\u00e7\u00e3o afeta diretamente produtos como caf\u00e9, cacau, borracha, carne, madeira e \u00f3leo de palma. Na avalia\u00e7\u00e3o do setor produtivo \u00e9 preciso cautela, uma vez que a decis\u00e3o ainda tem que ser formalizada.<\/p>\n<p>Por meio de nota, o Conselho Nacional do Caf\u00e9 (<a href=\"https:\/\/www.canalrural.com.br\/tag\/cnc\/\">CNC<\/a>) ressalta que o futuro das novas regras do bloco europeu continua em incerto. \u201cA decis\u00e3o ainda n\u00e3o \u00e9 definitiva, pois a proposta precisa ser apreciada e votada pelo Parlamento Europeu e pelo Conselho da Uni\u00e3o Europeia\u201d, diz.<\/p>\n<h3 class=\"wp-block-heading\" id=\"h-o-que-esta-por-tras-do-adiamento\">O que est\u00e1 por tr\u00e1s do adiamento?<\/h3>\n<p>O professor da FGV e especialista em direito ambiental e bioeconomia, Daniel Vargas, explica que a lei antidesmatamento vem perdendo for\u00e7a h\u00e1 bastante tempo, mesmo sem come\u00e7ar a valer de fato. Sobre os motivos para a decis\u00e3o, ele avalia que a pr\u00f3pria conjuntura pol\u00edtica da Uni\u00e3o Europeia reduziu o espa\u00e7o para medidas como o EUDR.<\/p>\n<p>\u201cA elei\u00e7\u00e3o do novo Parlamento Europeu em 2025 marcou uma mudan\u00e7a ideol\u00f3gica no discurso europeu. A competitividade passou a ser o foco principal, com a meta de eliminar barreiras que possam encarecer a produ\u00e7\u00e3o\u201d, afirma. Segundo ele, a aprova\u00e7\u00e3o recente do pacote chamado <em>Omnibus<\/em>, que flexibiliza regras do <em>Green New Deal<\/em>, \u00e9 exemplo desse movimento.<\/p>\n<p>Al\u00e9m disso, Vargas refor\u00e7a que fatores externos tamb\u00e9m pesam. A volta de Donald Trump \u00e0 presid\u00eancia dos Estados Unidos gerou preocupa\u00e7\u00e3o no bloco, que enfrenta dificuldades econ\u00f4micas e a press\u00e3o dos gastos militares com a guerra em curso nas fronteiras. Diante dessa perspectiva, ele explica que n\u00e3o h\u00e1 espa\u00e7o para impor novas exig\u00eancias que criem entraves burocr\u00e1ticos \u00e0 produ\u00e7\u00e3o. <\/p>\n<p>Em rela\u00e7\u00e3o ao in\u00edcio da vig\u00eancia da nova legisla\u00e7\u00e3o nos pr\u00f3ximos anos, a aposta do professor da FGV \u00e9 clara. \u201cA chance de o EUDR ser implementado nos pr\u00f3ximos anos \u00e9 cada vez menor\u201d, conclui.<\/p>\n<h3 class=\"wp-block-heading\" id=\"h-setor-pede-continuidade-do-dialogo\">Setor pede continuidade do di\u00e1logo<\/h3>\n<p>Ao analisar o adiamento das novas regras, o CNC volta a refor\u00e7ar a necessidade de di\u00e1logo entre pa\u00edses produtores e consumidores de <a href=\"https:\/\/www.canalrural.com.br\/tag\/cafe\/\">caf\u00e9<\/a>. \u201c\u00c9 uma forma de construir uma regulamenta\u00e7\u00e3o justa e exequ\u00edvel. O setor cafeeiro brasileiro continuar\u00e1 atuando para melhor informar \u00e0s cooperativas, associa\u00e7\u00f5es e produtores sobre os pr\u00f3ximos passos relacionados \u00e0 legisla\u00e7\u00e3o\u201d, afirma.<\/p>\n<p>Por fim, a entidade refor\u00e7a que o Brasil est\u00e1 preparado para atender \u00e0s regras do mercado europeu. Nesse sentido, o setor afirma que j\u00e1 cumpre parte das exig\u00eancias.<\/p>\n<\/p><\/div>\n<p><br \/>\n<br \/><a href=\"https:\/\/www.canalrural.com.br\/internacional\/lei-antidesmatamento-adiada-o-que-esta-por-tras-da-decisao\/\">Source link <\/a><\/p>\n","protected":false},"excerpt":{"rendered":"<p>A Uni\u00e3o Europeia indicou que pode adiar para 2026 a entrada em vigor do Regulamento de Produtos Livres de Desmatamento<\/p>\n","protected":false},"author":1,"featured_media":17297,"comment_status":"open","ping_status":"open","sticky":false,"template":"","format":"standard","meta":{"_monsterinsights_skip_tracking":false,"_monsterinsights_sitenote_active":false,"_monsterinsights_sitenote_note":"","_monsterinsights_sitenote_category":0,"_uf_show_specific_survey":0,"_uf_disable_surveys":false,"footnotes":""},"categories":[1],"tags":[],"class_list":["post-20719","post","type-post","status-publish","format-standard","has-post-thumbnail","hentry","category-news"],"_links":{"self":[{"href":"https:\/\/agromt.news\/index.php?rest_route=\/wp\/v2\/posts\/20719"}],"collection":[{"href":"https:\/\/agromt.news\/index.php?rest_route=\/wp\/v2\/posts"}],"about":[{"href":"https:\/\/agromt.news\/index.php?rest_route=\/wp\/v2\/types\/post"}],"author":[{"embeddable":true,"href":"https:\/\/agromt.news\/index.php?rest_route=\/wp\/v2\/users\/1"}],"replies":[{"embeddable":true,"href":"https:\/\/agromt.news\/index.php?rest_route=%2Fwp%2Fv2%2Fcomments&post=20719"}],"version-history":[{"count":0,"href":"https:\/\/agromt.news\/index.php?rest_route=\/wp\/v2\/posts\/20719\/revisions"}],"wp:featuredmedia":[{"embeddable":true,"href":"https:\/\/agromt.news\/index.php?rest_route=\/wp\/v2\/media\/17297"}],"wp:attachment":[{"href":"https:\/\/agromt.news\/index.php?rest_route=%2Fwp%2Fv2%2Fmedia&parent=20719"}],"wp:term":[{"taxonomy":"category","embeddable":true,"href":"https:\/\/agromt.news\/index.php?rest_route=%2Fwp%2Fv2%2Fcategories&post=20719"},{"taxonomy":"post_tag","embeddable":true,"href":"https:\/\/agromt.news\/index.php?rest_route=%2Fwp%2Fv2%2Ftags&post=20719"}],"curies":[{"name":"wp","href":"https:\/\/api.w.org\/{rel}","templated":true}]}}