{"id":20716,"date":"2025-09-23T17:07:02","date_gmt":"2025-09-23T21:07:02","guid":{"rendered":"https:\/\/agromt.news\/?p=20716"},"modified":"2025-09-23T17:07:02","modified_gmt":"2025-09-23T21:07:02","slug":"moratoria-da-soja-reforma-administrativa-e-tributacao-sao-temas-da-reuniao-da-fpa","status":"publish","type":"post","link":"https:\/\/agromt.news\/?p=20716","title":{"rendered":"Morat\u00f3ria da Soja, reforma administrativa e tributa\u00e7\u00e3o s\u00e3o temas da reuni\u00e3o da FPA"},"content":{"rendered":"<p> <br \/>\n<br \/><img decoding=\"async\" src=\"https:\/\/agromt.news\/wp-content\/uploads\/2024\/11\/Recordes-a-vista-Confira-qual-a-projecao-da-soja-para.jpg\" \/><\/p>\n<div>\n<p>A <a href=\"https:\/\/www.canalrural.com.br\/agricultura\/projeto-soja-brasil\/orgaos-do-brics-acompanham-decisao-do-cade-sobre-moratoria-da-soja\/\">Morat\u00f3ria da Soja<\/a> foi um dos temas da reuni\u00e3o da <a href=\"https:\/\/fpagropecuaria.org.br\/\">Frente Parlamentar da Agropecu\u00e1ria <\/a>(FPA) nesta ter\u00e7a-feira (23), em Bras\u00edlia. Criado em 2006 para impedir a compra de gr\u00e3os oriundos de \u00e1reas desmatadas na Amaz\u00f4nia ap\u00f3s 2008, o acordo deveria durar apenas dois anos, mas se estendeu at\u00e9 hoje. <\/p>\n<p><iframe title=\"Morat\u00f3ria da Soja, reforma administrativa e tributa\u00e7\u00e3o s\u00e3o temas da reuni\u00e3o da FPA\" width=\"800\" height=\"450\" src=\"https:\/\/www.youtube.com\/embed\/WD3zwqGaPx0?feature=oembed\" frameborder=\"0\" allow=\"accelerometer; autoplay; clipboard-write; encrypted-media; gyroscope; picture-in-picture; web-share\" referrerpolicy=\"strict-origin-when-cross-origin\" allowfullscreen><\/iframe><noscript><iframe title=\"Morat\u00f3ria da Soja, reforma administrativa e tributa\u00e7\u00e3o s\u00e3o temas da reuni\u00e3o da FPA\" width=\"800\" height=\"450\" src=\"https:\/\/www.youtube.com\/embed\/WD3zwqGaPx0?feature=oembed\" frameborder=\"0\" allow=\"accelerometer; autoplay; clipboard-write; encrypted-media; gyroscope; picture-in-picture; web-share\" referrerpolicy=\"strict-origin-when-cross-origin\" allowfullscreen><\/iframe><\/noscript><\/p>\n<p>Em agosto, o Cade derrubou a medida, mas poucos dias depois a Justi\u00e7a Federal de Bras\u00edlia concedeu liminar restabelecendo o acordo. O caso agora ser\u00e1 analisado pelo tribunal do Cade.<\/p>\n<h3 class=\"wp-block-heading\" id=\"h-outros-assuntos-abordados\">Outros assuntos abordados <\/h3>\n<p>Al\u00e9m do impasse sobre a soja, a Frente Parlamentar da Agropecu\u00e1ria se posicionou contrariamente \u00e0 medida provis\u00f3ria que altera al\u00edquotas de Imposto de Renda. A FPA j\u00e1 apresentou 290 emendas \u00e0 proposta, que afeta instrumentos importantes como as Letras de Cr\u00e9dito do Agroneg\u00f3cio (LCA) e os Fundos de Investimento na Cadeia Produtiva das Agroind\u00fastrias (Fiagros).<\/p>\n<p>O vice-presidente da FPA, deputado Arnaldo Jardim (Cidadania-SP), criticou a proposta, afirmando que o governo insiste em aumentar impostos em vez de reduzir gastos. Ele defendeu prioridade para uma reforma administrativa, que est\u00e1 na pauta e prev\u00ea avalia\u00e7\u00e3o de pol\u00edticas p\u00fablicas e revis\u00e3o anual das despesas. A relatoria da MP est\u00e1 sob responsabilidade do deputado Pedro Paulo (PSD-RJ).<\/p>\n<\/p><\/div>\n<p><br \/>\n<br \/><a href=\"https:\/\/www.canalrural.com.br\/agricultura\/agronegocio\/moratoria-da-soja-reforma-administrativa-e-tributacao-sao-temas-da-reuniao-da-fpa\/\">Source link <\/a><\/p>\n","protected":false},"excerpt":{"rendered":"<p>A Morat\u00f3ria da Soja foi um dos temas da reuni\u00e3o da Frente Parlamentar da Agropecu\u00e1ria (FPA) nesta ter\u00e7a-feira (23), em<\/p>\n","protected":false},"author":1,"featured_media":5244,"comment_status":"open","ping_status":"open","sticky":false,"template":"","format":"standard","meta":{"_monsterinsights_skip_tracking":false,"_monsterinsights_sitenote_active":false,"_monsterinsights_sitenote_note":"","_monsterinsights_sitenote_category":0,"_uf_show_specific_survey":0,"_uf_disable_surveys":false,"footnotes":""},"categories":[1],"tags":[],"class_list":["post-20716","post","type-post","status-publish","format-standard","has-post-thumbnail","hentry","category-news"],"_links":{"self":[{"href":"https:\/\/agromt.news\/index.php?rest_route=\/wp\/v2\/posts\/20716"}],"collection":[{"href":"https:\/\/agromt.news\/index.php?rest_route=\/wp\/v2\/posts"}],"about":[{"href":"https:\/\/agromt.news\/index.php?rest_route=\/wp\/v2\/types\/post"}],"author":[{"embeddable":true,"href":"https:\/\/agromt.news\/index.php?rest_route=\/wp\/v2\/users\/1"}],"replies":[{"embeddable":true,"href":"https:\/\/agromt.news\/index.php?rest_route=%2Fwp%2Fv2%2Fcomments&post=20716"}],"version-history":[{"count":0,"href":"https:\/\/agromt.news\/index.php?rest_route=\/wp\/v2\/posts\/20716\/revisions"}],"wp:featuredmedia":[{"embeddable":true,"href":"https:\/\/agromt.news\/index.php?rest_route=\/wp\/v2\/media\/5244"}],"wp:attachment":[{"href":"https:\/\/agromt.news\/index.php?rest_route=%2Fwp%2Fv2%2Fmedia&parent=20716"}],"wp:term":[{"taxonomy":"category","embeddable":true,"href":"https:\/\/agromt.news\/index.php?rest_route=%2Fwp%2Fv2%2Fcategories&post=20716"},{"taxonomy":"post_tag","embeddable":true,"href":"https:\/\/agromt.news\/index.php?rest_route=%2Fwp%2Fv2%2Ftags&post=20716"}],"curies":[{"name":"wp","href":"https:\/\/api.w.org\/{rel}","templated":true}]}}