{"id":20712,"date":"2025-09-23T16:35:03","date_gmt":"2025-09-23T20:35:03","guid":{"rendered":"https:\/\/agromt.news\/?p=20712"},"modified":"2025-09-23T16:35:03","modified_gmt":"2025-09-23T20:35:03","slug":"cana-de-acucar-recebe-primeira-planta-de-biochar-em-minas-proxima-parada-e-goias","status":"publish","type":"post","link":"https:\/\/agromt.news\/?p=20712","title":{"rendered":"Cana-de-a\u00e7\u00facar recebe primeira planta de biochar em Minas; pr\u00f3xima parada \u00e9 Goi\u00e1s"},"content":{"rendered":"<p> <br \/>\n<br \/><img decoding=\"async\" src=\"https:\/\/agromt.news\/wp-content\/uploads\/2025\/09\/Cana-de-acucar-recebe-primeira-planta-de-biochar-em-Minas-proxima-parada.jpeg\" \/><\/p>\n<div>\n<p>A NetZero, empresa especializada na produ\u00e7\u00e3o de biochar, anunciou em <a href=\"https:\/\/www.canalrural.com.br\/tag\/minas-gerais\/\">Minas Gerais<\/a> a constru\u00e7\u00e3o de sua primeira planta voltada \u00e0 cana-de-a\u00e7\u00facar, marcando um passo importante para o crescimento do setor e para a sustentabilidade agr\u00edcola.<\/p>\n<p>O biochar \u00e9 um tipo de carv\u00e3o produzido por pir\u00f3lise (aquecimento da biomassa sem oxig\u00eanio) que melhora a qualidade do solo, ret\u00e9m \u00e1gua e nutrientes, e libera esses elementos \u00e0s plantas durante per\u00edodos de seca. <\/p>\n<p>Segundo o CEO da NetZero, Pedro Figueiredo, o produto pode ser aplicado em diversas culturas, como hortali\u00e7as, caf\u00e9 e flores, e tem como objetivo recuperar e tornar o solo mais produtivo.<\/p>\n<p>De acordo com ele, a planta ser\u00e1 instalada em uma fazenda pr\u00f3xima a companhias de a\u00e7\u00facar e \u00e1lcool, aproveitando tanto o baga\u00e7o quanto a palha de cana que normalmente seriam descartados, reduzindo emiss\u00f5es de CO2 e metano. <\/p>\n<p>\u201cO objetivo \u00e9 desenvolver uma produ\u00e7\u00e3o de biochar a partir da palha deixada pelos produtores, beneficiando o uso dos dois principais rejeitos da cana-de-a\u00e7\u00facar\u201d, explicou Figueiredo.<\/p>\n<p>Segundo Figueiredo, a inaugura\u00e7\u00e3o est\u00e1 prevista para fevereiro de 2026, e a empresa j\u00e1 planeja expandir a tecnologia para outras regi\u00f5es do pa\u00eds. <\/p>\n<p>O CEO tamb\u00e9m revelou uma nova parceria com a empresa Ativos para a constru\u00e7\u00e3o de uma planta em Goi\u00e1s, refor\u00e7ando a expans\u00e3o acelerada do biochar na cadeia da cana.<\/p>\n<p>Com essa iniciativa, a NetZero contribui para a economia circular, aproveitando integralmente os res\u00edduos da cana e promovendo maior sustentabilidade na produ\u00e7\u00e3o agr\u00edcola.<\/p>\n<\/p><\/div>\n<p><br \/>\n<br \/><a href=\"https:\/\/www.canalrural.com.br\/network\/cana-de-acucar-recebe-primeira-planta-de-biochar-em-minas-proxima-parada-e-goias\/\">Source link <\/a><\/p>\n","protected":false},"excerpt":{"rendered":"<p>A NetZero, empresa especializada na produ\u00e7\u00e3o de biochar, anunciou em Minas Gerais a constru\u00e7\u00e3o de sua primeira planta voltada \u00e0<\/p>\n","protected":false},"author":1,"featured_media":20713,"comment_status":"open","ping_status":"open","sticky":false,"template":"","format":"standard","meta":{"_monsterinsights_skip_tracking":false,"_monsterinsights_sitenote_active":false,"_monsterinsights_sitenote_note":"","_monsterinsights_sitenote_category":0,"_uf_show_specific_survey":0,"_uf_disable_surveys":false,"footnotes":""},"categories":[1],"tags":[],"class_list":["post-20712","post","type-post","status-publish","format-standard","has-post-thumbnail","hentry","category-news"],"_links":{"self":[{"href":"https:\/\/agromt.news\/index.php?rest_route=\/wp\/v2\/posts\/20712"}],"collection":[{"href":"https:\/\/agromt.news\/index.php?rest_route=\/wp\/v2\/posts"}],"about":[{"href":"https:\/\/agromt.news\/index.php?rest_route=\/wp\/v2\/types\/post"}],"author":[{"embeddable":true,"href":"https:\/\/agromt.news\/index.php?rest_route=\/wp\/v2\/users\/1"}],"replies":[{"embeddable":true,"href":"https:\/\/agromt.news\/index.php?rest_route=%2Fwp%2Fv2%2Fcomments&post=20712"}],"version-history":[{"count":0,"href":"https:\/\/agromt.news\/index.php?rest_route=\/wp\/v2\/posts\/20712\/revisions"}],"wp:featuredmedia":[{"embeddable":true,"href":"https:\/\/agromt.news\/index.php?rest_route=\/wp\/v2\/media\/20713"}],"wp:attachment":[{"href":"https:\/\/agromt.news\/index.php?rest_route=%2Fwp%2Fv2%2Fmedia&parent=20712"}],"wp:term":[{"taxonomy":"category","embeddable":true,"href":"https:\/\/agromt.news\/index.php?rest_route=%2Fwp%2Fv2%2Fcategories&post=20712"},{"taxonomy":"post_tag","embeddable":true,"href":"https:\/\/agromt.news\/index.php?rest_route=%2Fwp%2Fv2%2Ftags&post=20712"}],"curies":[{"name":"wp","href":"https:\/\/api.w.org\/{rel}","templated":true}]}}