{"id":20710,"date":"2025-09-23T16:20:37","date_gmt":"2025-09-23T20:20:37","guid":{"rendered":"https:\/\/agromt.news\/?p=20710"},"modified":"2025-09-23T16:20:37","modified_gmt":"2025-09-23T20:20:37","slug":"ibama-aplica-multa-de-r-320-mil-por-transporte-ilegal-de-madeira","status":"publish","type":"post","link":"https:\/\/agromt.news\/?p=20710","title":{"rendered":"Ibama aplica multa de R$ 320 mil por transporte ilegal de madeira"},"content":{"rendered":"<p> <br \/>\n<br \/><img decoding=\"async\" src=\"https:\/\/agromt.news\/wp-content\/uploads\/2025\/09\/Ibama-aplica-multa-de-R-320-mil-por-transporte-ilegal.jpeg\" \/><\/p>\n<div>\n<p>Em opera\u00e7\u00e3o conjunta conclu\u00edda no \u00faltimo s\u00e1bado (20) pelo <strong><a href=\"https:\/\/www.canalrural.com.br\/tag\/ibama\/\">Ibama<\/a><\/strong> e pela <strong><a href=\"https:\/\/www.canalrural.com.br\/tag\/prf\/\">PRF<\/a><\/strong>, em <strong><a href=\"https:\/\/www.canalrural.com.br\/tag\/pernambuco\/\">Pernambuco<\/a><\/strong>, foram aplicados mais de <strong>R$ 320 mil<\/strong> em autos de infra\u00e7\u00e3o por irregularidades no transporte de madeira.<\/p>\n<p>A a\u00e7\u00e3o fiscalizat\u00f3ria iniciada no dia 8 deste m\u00eas foi deflagrada nos munic\u00edpios de <strong>Arco Verde<\/strong>, <strong>Petrolina<\/strong> e <strong>Salgueiro<\/strong>, no sert\u00e3o do estado, e teve como objetivo coibir o transporte irregular de produtos florestais e garantir o cumprimento da legisla\u00e7\u00e3o ambiental vigente.<\/p>\n<p>Dezenove autos de infra\u00e7\u00e3o foram lavrados por transporte irregular de <strong>928,79 m\u00b3 <\/strong>de madeira serrada, que n\u00e3o tinha Guias Florestais consideradas v\u00e1lidas, conforme an\u00e1lise feita. A quantidade equivale a aproximadamente <strong>19 caminh\u00f5es<\/strong> carregados do produto.<\/p>\n<p>Os agentes ambientais aplicaram, tamb\u00e9m, quatro autos de infra\u00e7\u00e3o por transporte irregular de <strong>144,09 m\u00b3<\/strong> de estacas de <strong>madeira sabi\u00e1<\/strong> e de <strong>jurema<\/strong> com Documentos de Origem Florestal (DOFs) considerados inv\u00e1lidos. <\/p>\n<p>Os agentes apuraram que as cargas tinham como origem os biomas <strong><a href=\"https:\/\/www.canalrural.com.br\/tag\/amazonia\/\">Amaz\u00f4nia<\/a><\/strong> e <strong><a href=\"https:\/\/www.canalrural.com.br\/tag\/caatinga\/\">Caatinga<\/a><\/strong>. <\/p>\n<p>Al\u00e9m\u00a0dos munic\u00edpios de <strong>Salgueiro<\/strong>, de <strong>Parnamirim<\/strong>, de <strong>Serra Talhada<\/strong> e de <strong>Verdejante<\/strong>, as seguintes organiza\u00e7\u00f5es de Pernambuco receberam doa\u00e7\u00f5es dos produtos florestais apreendidos:<\/p>\n<ul class=\"wp-block-list\">\n<li>Instituto de Pesquisas Agron\u00f4micas (IPA);<\/li>\n<li>Ex\u00e9rcito Brasileiro;<\/li>\n<li>Corpo de Bombeiros;   <\/li>\n<li>Unidades do Instituto Federal (IF); <\/li>\n<li>Diocese de Salgueiro. <\/li>\n<\/ul>\n<p>A destina\u00e7\u00e3o da madeira apreendida segue o previsto na legisla\u00e7\u00e3o, promovendo a reutiliza\u00e7\u00e3o respons\u00e1vel dos recursos e beneficiando diversas comunidades locais.<\/p>\n<p>*<em>Sob supervis\u00e3o de Victor Faverin<\/em><\/p>\n<\/p><\/div>\n<p><br \/>\n<br \/><a href=\"https:\/\/www.canalrural.com.br\/seguranca\/ibama-aplica-multa-de-r-320-mil-por-transporte-ilegal-de-madeira\/\">Source link <\/a><\/p>\n","protected":false},"excerpt":{"rendered":"<p>Em opera\u00e7\u00e3o conjunta conclu\u00edda no \u00faltimo s\u00e1bado (20) pelo Ibama e pela PRF, em Pernambuco, foram aplicados mais de R$<\/p>\n","protected":false},"author":1,"featured_media":20711,"comment_status":"open","ping_status":"open","sticky":false,"template":"","format":"standard","meta":{"_monsterinsights_skip_tracking":false,"_monsterinsights_sitenote_active":false,"_monsterinsights_sitenote_note":"","_monsterinsights_sitenote_category":0,"_uf_show_specific_survey":0,"_uf_disable_surveys":false,"footnotes":""},"categories":[1],"tags":[],"class_list":["post-20710","post","type-post","status-publish","format-standard","has-post-thumbnail","hentry","category-news"],"_links":{"self":[{"href":"https:\/\/agromt.news\/index.php?rest_route=\/wp\/v2\/posts\/20710"}],"collection":[{"href":"https:\/\/agromt.news\/index.php?rest_route=\/wp\/v2\/posts"}],"about":[{"href":"https:\/\/agromt.news\/index.php?rest_route=\/wp\/v2\/types\/post"}],"author":[{"embeddable":true,"href":"https:\/\/agromt.news\/index.php?rest_route=\/wp\/v2\/users\/1"}],"replies":[{"embeddable":true,"href":"https:\/\/agromt.news\/index.php?rest_route=%2Fwp%2Fv2%2Fcomments&post=20710"}],"version-history":[{"count":0,"href":"https:\/\/agromt.news\/index.php?rest_route=\/wp\/v2\/posts\/20710\/revisions"}],"wp:featuredmedia":[{"embeddable":true,"href":"https:\/\/agromt.news\/index.php?rest_route=\/wp\/v2\/media\/20711"}],"wp:attachment":[{"href":"https:\/\/agromt.news\/index.php?rest_route=%2Fwp%2Fv2%2Fmedia&parent=20710"}],"wp:term":[{"taxonomy":"category","embeddable":true,"href":"https:\/\/agromt.news\/index.php?rest_route=%2Fwp%2Fv2%2Fcategories&post=20710"},{"taxonomy":"post_tag","embeddable":true,"href":"https:\/\/agromt.news\/index.php?rest_route=%2Fwp%2Fv2%2Ftags&post=20710"}],"curies":[{"name":"wp","href":"https:\/\/api.w.org\/{rel}","templated":true}]}}