{"id":20706,"date":"2025-09-23T15:35:07","date_gmt":"2025-09-23T19:35:07","guid":{"rendered":"https:\/\/agromt.news\/?p=20706"},"modified":"2025-09-23T15:35:07","modified_gmt":"2025-09-23T19:35:07","slug":"prf-flagra-carga-de-celulares-e-eletronicos-escondida-em-caminhao-de-frutas-e-legumes","status":"publish","type":"post","link":"https:\/\/agromt.news\/?p=20706","title":{"rendered":"PRF flagra carga de celulares e eletr\u00f4nicos escondida em caminh\u00e3o de frutas e legumes"},"content":{"rendered":"<p> <br \/>\n<br \/><img decoding=\"async\" src=\"https:\/\/agromt.news\/wp-content\/uploads\/2025\/09\/PRF-flagra-carga-de-celulares-e-eletronicos-escondida-em-caminhao.jpeg\" \/><\/p>\n<div>\n<p>A Pol\u00edcia Rodovi\u00e1ria Federal (<a href=\"https:\/\/www.canalrural.com.br\/tag\/prf\/\">PRF<\/a>) apreendeu, na noite desta segunda-feira (22), uma carga irregular de equipamentos eletr\u00f4nicos no munic\u00edpio de Gurupi, no Tocantins.<\/p>\n<p>Durante fiscaliza\u00e7\u00e3o no km 666 da BR-153, a PRF abordou um caminh\u00e3o VW\/30.320 que transportava frutas e legumes. Na inspe\u00e7\u00e3o do compartimento de carga, os policiais identificaram caixas de papel\u00e3o que n\u00e3o correspondiam \u00e0s mercadorias declaradas. <\/p>\n<p>Ao abrir as embalagens, os policiais se depararam com um carregamento de equipamentos eletr\u00f4nicos escondidos entre as caixas de frutas e legumes. <\/p>\n<p>No total, foram contabilizados 153 celulares, 8 tablets, 199 capas de celular, um leitor de c\u00f3digo de barras e uma impressora t\u00e9rmica. Nenhuma documenta\u00e7\u00e3o fiscal acompanhava a mercadoria, o que caracteriza transporte irregular e levanta suspeitas sobre a origem dos produtos. <\/p>\n<p>Diante dos fatos , a ocorr\u00eancia foi inicialmente enquadrada como descaminho. Toda a carga apreendida foi encaminhada \u00e0 Receita Federal em Palmas, Tocantins, onde passar\u00e1 pelos procedimentos cab\u00edveis. <\/p>\n<\/p><\/div>\n<p><br \/>\n<br \/><a href=\"https:\/\/www.canalrural.com.br\/seguranca\/prf-flagra-carga-de-celulares-e-eletronicos-escondida-em-caminhao-de-frutas-e-legumes\/\">Source link <\/a><\/p>\n","protected":false},"excerpt":{"rendered":"<p>A Pol\u00edcia Rodovi\u00e1ria Federal (PRF) apreendeu, na noite desta segunda-feira (22), uma carga irregular de equipamentos eletr\u00f4nicos no munic\u00edpio de<\/p>\n","protected":false},"author":1,"featured_media":20707,"comment_status":"open","ping_status":"open","sticky":false,"template":"","format":"standard","meta":{"_monsterinsights_skip_tracking":false,"_monsterinsights_sitenote_active":false,"_monsterinsights_sitenote_note":"","_monsterinsights_sitenote_category":0,"_uf_show_specific_survey":0,"_uf_disable_surveys":false,"footnotes":""},"categories":[1],"tags":[],"class_list":["post-20706","post","type-post","status-publish","format-standard","has-post-thumbnail","hentry","category-news"],"_links":{"self":[{"href":"https:\/\/agromt.news\/index.php?rest_route=\/wp\/v2\/posts\/20706"}],"collection":[{"href":"https:\/\/agromt.news\/index.php?rest_route=\/wp\/v2\/posts"}],"about":[{"href":"https:\/\/agromt.news\/index.php?rest_route=\/wp\/v2\/types\/post"}],"author":[{"embeddable":true,"href":"https:\/\/agromt.news\/index.php?rest_route=\/wp\/v2\/users\/1"}],"replies":[{"embeddable":true,"href":"https:\/\/agromt.news\/index.php?rest_route=%2Fwp%2Fv2%2Fcomments&post=20706"}],"version-history":[{"count":0,"href":"https:\/\/agromt.news\/index.php?rest_route=\/wp\/v2\/posts\/20706\/revisions"}],"wp:featuredmedia":[{"embeddable":true,"href":"https:\/\/agromt.news\/index.php?rest_route=\/wp\/v2\/media\/20707"}],"wp:attachment":[{"href":"https:\/\/agromt.news\/index.php?rest_route=%2Fwp%2Fv2%2Fmedia&parent=20706"}],"wp:term":[{"taxonomy":"category","embeddable":true,"href":"https:\/\/agromt.news\/index.php?rest_route=%2Fwp%2Fv2%2Fcategories&post=20706"},{"taxonomy":"post_tag","embeddable":true,"href":"https:\/\/agromt.news\/index.php?rest_route=%2Fwp%2Fv2%2Ftags&post=20706"}],"curies":[{"name":"wp","href":"https:\/\/api.w.org\/{rel}","templated":true}]}}