{"id":20705,"date":"2025-09-23T15:21:35","date_gmt":"2025-09-23T19:21:35","guid":{"rendered":"https:\/\/agromt.news\/?p=20705"},"modified":"2025-09-23T15:21:35","modified_gmt":"2025-09-23T19:21:35","slug":"sancao-da-nova-faixa-de-isencao-do-ir-deve-ocorrer-em-outubro","status":"publish","type":"post","link":"https:\/\/agromt.news\/?p=20705","title":{"rendered":"san\u00e7\u00e3o da nova faixa de isen\u00e7\u00e3o do IR deve ocorrer em outubro"},"content":{"rendered":"<p> <br \/>\n<br \/><img decoding=\"async\" src=\"https:\/\/agromt.news\/wp-content\/uploads\/2025\/02\/Haddad-buscara-respaldo-do-TCU-para-retomada-das-linhas-de.jpg\" \/><\/p>\n<div>\n<p>O ministro da Fazenda, Fernando Haddad, disse que espera que a nova faixa de isen\u00e7\u00e3o do <a href=\"https:\/\/www.canalrural.com.br\/tag\/imposto-de-renda\/\">Imposto de Renda<\/a> (IR) para quem ganha at\u00e9 R$ 5 mil por m\u00eas seja sancionada at\u00e9 outubro pelo presidente Luiz In\u00e1cio Lula da Silva. A medida beneficiar\u00e1 cerca de 20 milh\u00f5es de contribuintes e faz parte das a\u00e7\u00f5es do governo para reduzir a desigualdade social.<\/p>\n<p>Em entrevista ao portal ICL Not\u00edcias na manh\u00e3 desta ter\u00e7a-feira (23), Haddad destacou que a atualiza\u00e7\u00e3o da faixa de isen\u00e7\u00e3o j\u00e1 ocorreu tr\u00eas vezes durante este mandato, elevando o limite de R$ 1,9 mil para R$ 5 mil. Ele ressaltou que essa \u00e9 a maior mudan\u00e7a da hist\u00f3ria recente do pa\u00eds.<\/p>\n<h3 class=\"wp-block-heading\" id=\"h-reforma-do-ir-e-combate-a-desigualdade\">Reforma do IR e combate \u00e0 desigualdade<\/h3>\n<p>Na entrevista, Haddad afirmou que a reforma do IR representa a primeira tentativa concreta do Brasil no enfrentamento \u00e0 desigualdade. \u201cAl\u00e9m disso, a renda teve aumento de 18% acima da infla\u00e7\u00e3o em tr\u00eas anos, o maior desde o Plano Real\u201d, disse.<\/p>\n<p>O ministro comparou a iniciativa ao combate \u00e0 mis\u00e9ria promovido pelo governo e tamb\u00e9m enfatizou que a desigualdade ainda \u00e9 alta. Segundo ele, o Brasil est\u00e1 entre os dez piores pa\u00edses em distribui\u00e7\u00e3o de renda.<\/p>\n<p>De acordo com Haddad, o governo ainda lida com mais de R$ 600 bilh\u00f5es em ren\u00fancias fiscais. \u201cConseguimos reverter R$ 100 bilh\u00f5es e o objetivo \u00e9 reduzir impostos sobre consumo, cobrando mais de quem tem maior renda\u201d, explicou.<\/p>\n<h3 class=\"wp-block-heading\" id=\"h-papel-do-congresso-na-efetividade-da-medida\">Papel do Congresso na efetividade da medida<\/h3>\n<p>O ministro destacou que o <a href=\"https:\/\/www.canalrural.com.br\/tag\/congresso-nacional\/\">Congresso Nacional<\/a> ter\u00e1 papel central na efetiva\u00e7\u00e3o da medida. \u201c\u00c9 uma oportunidade de colocar o Brasil na rota da justi\u00e7a social e do combate \u00e0 desigualdade. N\u00e3o podemos continuar entre os piores pa\u00edses em distribui\u00e7\u00e3o de renda\u201d, afirmou. <\/p>\n<p>Al\u00e9m disso, Haddad refor\u00e7ou que o sucesso da reforma depende da implementa\u00e7\u00e3o das mudan\u00e7as previstas, que devem aliviar a carga tribut\u00e1ria sobre grande parte da popula\u00e7\u00e3o e fortalecer a pol\u00edtica de renda.<\/p>\n<\/p><\/div>\n<p><br \/>\n<br \/><a href=\"https:\/\/www.canalrural.com.br\/economia\/haddad-espera-sancao-da-faixa-de-isencao-do-ir-ate-r-5-mil-em-outubro\/\">Source link <\/a><\/p>\n","protected":false},"excerpt":{"rendered":"<p>O ministro da Fazenda, Fernando Haddad, disse que espera que a nova faixa de isen\u00e7\u00e3o do Imposto de Renda (IR)<\/p>\n","protected":false},"author":1,"featured_media":9942,"comment_status":"open","ping_status":"open","sticky":false,"template":"","format":"standard","meta":{"_monsterinsights_skip_tracking":false,"_monsterinsights_sitenote_active":false,"_monsterinsights_sitenote_note":"","_monsterinsights_sitenote_category":0,"_uf_show_specific_survey":0,"_uf_disable_surveys":false,"footnotes":""},"categories":[1],"tags":[],"class_list":["post-20705","post","type-post","status-publish","format-standard","has-post-thumbnail","hentry","category-news"],"_links":{"self":[{"href":"https:\/\/agromt.news\/index.php?rest_route=\/wp\/v2\/posts\/20705"}],"collection":[{"href":"https:\/\/agromt.news\/index.php?rest_route=\/wp\/v2\/posts"}],"about":[{"href":"https:\/\/agromt.news\/index.php?rest_route=\/wp\/v2\/types\/post"}],"author":[{"embeddable":true,"href":"https:\/\/agromt.news\/index.php?rest_route=\/wp\/v2\/users\/1"}],"replies":[{"embeddable":true,"href":"https:\/\/agromt.news\/index.php?rest_route=%2Fwp%2Fv2%2Fcomments&post=20705"}],"version-history":[{"count":0,"href":"https:\/\/agromt.news\/index.php?rest_route=\/wp\/v2\/posts\/20705\/revisions"}],"wp:featuredmedia":[{"embeddable":true,"href":"https:\/\/agromt.news\/index.php?rest_route=\/wp\/v2\/media\/9942"}],"wp:attachment":[{"href":"https:\/\/agromt.news\/index.php?rest_route=%2Fwp%2Fv2%2Fmedia&parent=20705"}],"wp:term":[{"taxonomy":"category","embeddable":true,"href":"https:\/\/agromt.news\/index.php?rest_route=%2Fwp%2Fv2%2Fcategories&post=20705"},{"taxonomy":"post_tag","embeddable":true,"href":"https:\/\/agromt.news\/index.php?rest_route=%2Fwp%2Fv2%2Ftags&post=20705"}],"curies":[{"name":"wp","href":"https:\/\/api.w.org\/{rel}","templated":true}]}}