{"id":20703,"date":"2025-09-23T15:05:58","date_gmt":"2025-09-23T19:05:58","guid":{"rendered":"https:\/\/agromt.news\/?p=20703"},"modified":"2025-09-23T15:05:58","modified_gmt":"2025-09-23T19:05:58","slug":"chuva-em-sao-paulo-deixa-feridos-e-interrompe-operacao-de-montadora-de-carros","status":"publish","type":"post","link":"https:\/\/agromt.news\/?p=20703","title":{"rendered":"Chuva em S\u00e3o Paulo deixa feridos e interrompe opera\u00e7\u00e3o de montadora de carros"},"content":{"rendered":"<p> <br \/>\n<br \/><img decoding=\"async\" src=\"https:\/\/agromt.news\/wp-content\/uploads\/2025\/09\/Chuva-em-Sao-Paulo-deixa-feridos-e-interrompe-operacao-de.webp.webp\" \/><\/p>\n<div>\n<p>As fortes chuvas e vendavais dessa segunda-feira (22) deixaram um saldo de destrui\u00e7\u00e3o e preju\u00edzos no estado de S\u00e3o Paulo. A Defesa Civil divulgou balan\u00e7o com 33 ocorr\u00eancias, com um saldo de 24 pessoas feridas, oito desabrigadas e 33 desalojadas em diferentes regi\u00f5es.<\/p>\n<p>As principais ocorr\u00eancias abrangem alagamentos, queda de \u00e1rvores, desabamentos e destelhamentos. Entre as mais graves figura o destelhamento de uma f\u00e1brica da montadora Toyota, em Porto Feliz, que deixou dez pessoas feridas e oito desabrigadas.<\/p>\n<p><em>Veja em primeira m\u00e3o tudo sobre agricultura, pecu\u00e1ria, economia e previs\u00e3o do tempo:<\/em><a href=\"https:\/\/news.google.com\/publications\/CAAqBwgKMPKZlQswq_mqAw?hl=pt-BR&amp;gl=BR&amp;ceid=BR%3Apt-419\" target=\"_blank\" rel=\"noreferrer noopener\"><em>\u00a0siga o Canal Rural no Google News!<\/em><\/a><\/p>\n<p>Em nota, a montadora de ve\u00edculos informou que as opera\u00e7\u00f5es est\u00e3o suspensas. \u201cA empresa est\u00e1 acompanhando cuidadosamente a situa\u00e7\u00e3o, oferecendo todo o suporte necess\u00e1rio aos colaboradores e parceiros que atuavam no local. N\u00e3o h\u00e1 relatos de fatalidades\u201d, disse.<\/p>\n<p>\u201cUm relat\u00f3rio de danos est\u00e1 sendo preparado para entender a extens\u00e3o dos impactos. A produ\u00e7\u00e3o da unidade foi interrompida. N\u00e3o h\u00e1 previs\u00e3o de retomada das opera\u00e7\u00f5es nesse momento\u201d, completa o comunicado da Toyota.<\/p>\n<p>Tamb\u00e9m foram registradas ocorr\u00eancias graves em Rancharia, Ourinhos, Santa F\u00e9 do Sul, Presidente Prudente e Presidente Venceslau, com vendavais, destelhamentos e queda de \u00e1rvores. Em Dracena, uma \u00e1rvore caiu sobre um ve\u00edculo deixando duas v\u00edtimas. Em Osasco, o telhado de tr\u00eas resid\u00eancias desabou deixando tr\u00eas fam\u00edlias desalojados.<\/p>\n<h2 class=\"wp-block-heading\" id=\"h-prejuizos\">Preju\u00edzos<\/h2>\n<p>Entre outros munic\u00edpios com graves preju\u00edzos que a Defesa Civil destacou est\u00e3o Nova Odessa, Guarulhos, Bariri, Ja\u00fa, Peru\u00edbe, Mar\u00edlia, Jo\u00e3o Ramalho, Sorocaba, Santos, Praia Grande, S\u00e3o Jos\u00e9 dos Campos e Franco da Rocha, a maioria com queda de \u00e1rvores, desabamentos e destelhamentos.<\/p>\n<p>A prefeitura de S\u00e3o Paulo informou que coordena hoje (23) a\u00e7\u00f5es de zeladoria em toda a cidade. Equipes est\u00e3o nas ruas removendo 41 \u00e1rvores. Outras 19 esperam o desligamento da rede el\u00e9trica.<\/p>\n<p>O Gabinete de Crise das Chuvas (GCC) informou que uma<a href=\"https:\/\/www.canalrural.com.br\/tempo\/deslocamento-de-frente-fria-provoca-chuva-forte-e-ventania-veja-a-previsao-do-tempo-de-hoje\/\"> massa de ar frio de origem polar vai derrubar as temperaturas<\/a>, mas n\u00e3o h\u00e1 expectativa de precipita\u00e7\u00f5es de chuva significativa, apenas garoa.<\/p>\n<p>Com a redu\u00e7\u00e3o do risco imediato e a estabiliza\u00e7\u00e3o do cen\u00e1rio, a Defesa Civil encerrou o Gabinete de Crise das Chuvas, mas segue em monitoramento e prestando apoio aos munic\u00edpios afetados pelo mau tempo.<\/p>\n<\/p><\/div>\n<p><br \/>\n<br \/><a href=\"https:\/\/www.canalrural.com.br\/nacional\/chuva-em-sao-paulo-deixa-feridos-e-interrompe-operacao-de-montadora-de-carros\/\">Source link <\/a><\/p>\n","protected":false},"excerpt":{"rendered":"<p>As fortes chuvas e vendavais dessa segunda-feira (22) deixaram um saldo de destrui\u00e7\u00e3o e preju\u00edzos no estado de S\u00e3o Paulo.<\/p>\n","protected":false},"author":1,"featured_media":20704,"comment_status":"open","ping_status":"open","sticky":false,"template":"","format":"standard","meta":{"_monsterinsights_skip_tracking":false,"_monsterinsights_sitenote_active":false,"_monsterinsights_sitenote_note":"","_monsterinsights_sitenote_category":0,"_uf_show_specific_survey":0,"_uf_disable_surveys":false,"footnotes":""},"categories":[1],"tags":[],"class_list":["post-20703","post","type-post","status-publish","format-standard","has-post-thumbnail","hentry","category-news"],"_links":{"self":[{"href":"https:\/\/agromt.news\/index.php?rest_route=\/wp\/v2\/posts\/20703"}],"collection":[{"href":"https:\/\/agromt.news\/index.php?rest_route=\/wp\/v2\/posts"}],"about":[{"href":"https:\/\/agromt.news\/index.php?rest_route=\/wp\/v2\/types\/post"}],"author":[{"embeddable":true,"href":"https:\/\/agromt.news\/index.php?rest_route=\/wp\/v2\/users\/1"}],"replies":[{"embeddable":true,"href":"https:\/\/agromt.news\/index.php?rest_route=%2Fwp%2Fv2%2Fcomments&post=20703"}],"version-history":[{"count":0,"href":"https:\/\/agromt.news\/index.php?rest_route=\/wp\/v2\/posts\/20703\/revisions"}],"wp:featuredmedia":[{"embeddable":true,"href":"https:\/\/agromt.news\/index.php?rest_route=\/wp\/v2\/media\/20704"}],"wp:attachment":[{"href":"https:\/\/agromt.news\/index.php?rest_route=%2Fwp%2Fv2%2Fmedia&parent=20703"}],"wp:term":[{"taxonomy":"category","embeddable":true,"href":"https:\/\/agromt.news\/index.php?rest_route=%2Fwp%2Fv2%2Fcategories&post=20703"},{"taxonomy":"post_tag","embeddable":true,"href":"https:\/\/agromt.news\/index.php?rest_route=%2Fwp%2Fv2%2Ftags&post=20703"}],"curies":[{"name":"wp","href":"https:\/\/api.w.org\/{rel}","templated":true}]}}