{"id":20700,"date":"2025-09-23T14:20:15","date_gmt":"2025-09-23T18:20:15","guid":{"rendered":"https:\/\/agromt.news\/?p=20700"},"modified":"2025-09-23T14:20:15","modified_gmt":"2025-09-23T18:20:15","slug":"parana-semeadura-de-soja-alcanca-13-de-area-aponta-deral","status":"publish","type":"post","link":"https:\/\/agromt.news\/?p=20700","title":{"rendered":"Paran\u00e1: semeadura de soja alcan\u00e7a 13% de \u00e1rea, aponta Deral"},"content":{"rendered":"<p> <br \/>\n<br \/><img decoding=\"async\" src=\"https:\/\/agromt.news\/wp-content\/uploads\/2025\/07\/Consultoria-projeta-crescimento-na-producao-de-soja-do-Brasil-em.jpg\" \/><\/p>\n<div>\n<p>O <a href=\"https:\/\/www.canalrural.com.br\/?s=semeadura+de+soja\">plantio <\/a>da primeira safra de soja 2025\/26 no <a href=\"https:\/\/www.canalrural.com.br\/?s=soja+no+Paran%C3%A1\">Paran\u00e1 <\/a>atingiu 13% da \u00e1rea estimada at\u00e9 esta segunda-feira (22), de acordo com o <a href=\"https:\/\/www.agricultura.pr.gov.br\/Pagina\/Departamento-de-Economia-Rural-Deral\">Departamento de Economia Rural <\/a>(Deral), da Secretaria de Estado da Agricultura e do Abastecimento. A \u00e1rea total destinada \u00e0 oleaginosa foi calculada em 5,798 milh\u00f5es de hectares, ligeiramente acima dos 5,763 milh\u00f5es registrados na temporada 2024\/25.<\/p>\n<ul class=\"wp-block-list\">\n<li><strong><em>Fique por dentro das novidades e not\u00edcias recentes sobre a soja! Participe da nossa comunidade atrav\u00e9s do\u00a0<a href=\"https:\/\/chat.whatsapp.com\/BmMRwA0TZ2DHGyhzoaVEWu\">link<\/a>! \ud83c\udf31<\/em><\/strong><\/li>\n<\/ul>\n<h3 class=\"wp-block-heading\" id=\"h-lavouras-de-soja-no-estado\">Lavouras de soja no estado <\/h3>\n<p>As <a href=\"https:\/\/www.canalrural.com.br\/agricultura\/projeto-soja-brasil\/\">lavouras <\/a>apresentam boas condi\u00e7\u00f5es, com 99% classificadas como boas e 1% como m\u00e9dias. Em rela\u00e7\u00e3o ao desenvolvimento, 91% das \u00e1reas est\u00e3o em germina\u00e7\u00e3o e 9% em crescimento vegetativo. Na semana anterior, de 15 de setembro, o avan\u00e7o do plantio era de 3%, com todas as \u00e1reas em condi\u00e7\u00e3o boa.<\/p>\n<h3 class=\"wp-block-heading\" id=\"h-producao\">Produ\u00e7\u00e3o <\/h3>\n<p>A produ\u00e7\u00e3o da primeira safra de soja 2025\/26 \u00e9 estimada em 22,048 milh\u00f5es de toneladas, crescimento de 4% em rela\u00e7\u00e3o \u00e0s 21,153 milh\u00f5es de toneladas da temporada passada. A produtividade projetada \u00e9 de 3.803 quilos por hectare, acima dos 3.670 quilos por hectare registrados em 2024\/25.<\/p>\n<\/p><\/div>\n<p><br \/>\n<br \/><a href=\"https:\/\/www.canalrural.com.br\/agricultura\/projeto-soja-brasil\/parana-semeadura-de-soja-alcanca-13-de-area-aponta-deral\/\">Source link <\/a><\/p>\n","protected":false},"excerpt":{"rendered":"<p>O plantio da primeira safra de soja 2025\/26 no Paran\u00e1 atingiu 13% da \u00e1rea estimada at\u00e9 esta segunda-feira (22), de<\/p>\n","protected":false},"author":1,"featured_media":17791,"comment_status":"open","ping_status":"open","sticky":false,"template":"","format":"standard","meta":{"_monsterinsights_skip_tracking":false,"_monsterinsights_sitenote_active":false,"_monsterinsights_sitenote_note":"","_monsterinsights_sitenote_category":0,"_uf_show_specific_survey":0,"_uf_disable_surveys":false,"footnotes":""},"categories":[1],"tags":[],"class_list":["post-20700","post","type-post","status-publish","format-standard","has-post-thumbnail","hentry","category-news"],"_links":{"self":[{"href":"https:\/\/agromt.news\/index.php?rest_route=\/wp\/v2\/posts\/20700"}],"collection":[{"href":"https:\/\/agromt.news\/index.php?rest_route=\/wp\/v2\/posts"}],"about":[{"href":"https:\/\/agromt.news\/index.php?rest_route=\/wp\/v2\/types\/post"}],"author":[{"embeddable":true,"href":"https:\/\/agromt.news\/index.php?rest_route=\/wp\/v2\/users\/1"}],"replies":[{"embeddable":true,"href":"https:\/\/agromt.news\/index.php?rest_route=%2Fwp%2Fv2%2Fcomments&post=20700"}],"version-history":[{"count":0,"href":"https:\/\/agromt.news\/index.php?rest_route=\/wp\/v2\/posts\/20700\/revisions"}],"wp:featuredmedia":[{"embeddable":true,"href":"https:\/\/agromt.news\/index.php?rest_route=\/wp\/v2\/media\/17791"}],"wp:attachment":[{"href":"https:\/\/agromt.news\/index.php?rest_route=%2Fwp%2Fv2%2Fmedia&parent=20700"}],"wp:term":[{"taxonomy":"category","embeddable":true,"href":"https:\/\/agromt.news\/index.php?rest_route=%2Fwp%2Fv2%2Fcategories&post=20700"},{"taxonomy":"post_tag","embeddable":true,"href":"https:\/\/agromt.news\/index.php?rest_route=%2Fwp%2Fv2%2Ftags&post=20700"}],"curies":[{"name":"wp","href":"https:\/\/api.w.org\/{rel}","templated":true}]}}