{"id":2070,"date":"2024-09-22T19:16:17","date_gmt":"2024-09-22T23:16:17","guid":{"rendered":"https:\/\/agromt.news\/?p=2070"},"modified":"2024-09-22T19:16:17","modified_gmt":"2024-09-22T23:16:17","slug":"queimadas-a-ameaca-constante-aos-produtores-de-cana-de-acucar","status":"publish","type":"post","link":"https:\/\/agromt.news\/?p=2070","title":{"rendered":"Queimadas: a amea\u00e7a constante aos produtores de cana-de-a\u00e7\u00facar"},"content":{"rendered":"<p> <br \/>\n<\/p>\n<p>Inc\u00eandios na regi\u00e3o de Ribeir\u00e3o Preto-SP causam grandes preju\u00edzos e preocupa\u00e7\u00e3o entre agricultores<\/p>\n<div>\n<p style=\"text-align:justify;\">Onde h\u00e1 fuma\u00e7a, h\u00e1 fogo. E onde h\u00e1 queimada, h\u00e1 preju\u00edzo para o produtor de cana-de-a\u00e7\u00facar. Essa dura realidade foi vivida por diversos produtores na regi\u00e3o de Sert\u00e3ozinho, SP, nesta quinta-feira (22), quando um inc\u00eandio de grandes propor\u00e7\u00f5es devastou parte das propriedades, trazendo n\u00e3o apenas fuma\u00e7a, mas perdas significativas que ainda est\u00e3o sendo calculadas.<\/p>\n<p style=\"text-align:justify;\">Na ocasi\u00e3o, um inc\u00eandio se alastrou rapidamente por uma \u00e1rea de canavial pr\u00f3xima \u00e0 Rodovia Armando de Sales Oliveira (SP-322). As chamas obrigaram a evacua\u00e7\u00e3o imediata das sedes e casas localizadas nas propriedades atingidas. Funcion\u00e1rios do Bio Parque Santa Elisa, localizado nas proximidades, tamb\u00e9m tiveram que suspender suas atividades e evacuar o local como medida de seguran\u00e7a.<\/p>\n<p style=\"text-align:justify;\">\u201cTentamos combater o fogo, mas com a seca e o vento forte, pouco p\u00f4de ser feito. A \u00fanica coisa que conseguimos foi salvar a sede, onde estavam meus pais, funcion\u00e1rios, crian\u00e7as, e gra\u00e7as a Deus ningu\u00e9m se feriu\u201d, declarou produtor Marco Guidi, que inalou muita fuma\u00e7a durante a tentativa de combater o inc\u00eandio e precisou ficar hospitalizado por tr\u00eas horas.<\/p>\n<p style=\"text-align:justify;\">\u201cTenho uma propriedade que foi queimada e n\u00e3o sei se a cana vai brotar novamente, pois a camada de h\u00famus na terra, que se forma a partir da palhada ao longo dos anos, foi completamente destru\u00edda pelo fogo. Isso cozinha a soqueira de cana, e n\u00e3o sei se terei cana no pr\u00f3ximo ano. O preju\u00edzo ainda \u00e9 incerto, mas a \u00e1rea de muda, onde investi R$ 40 mil em adubo l\u00edquido, foi perdida. N\u00e3o perdi s\u00f3 o adubo, mas tamb\u00e9m as mudas, e agora n\u00e3o sei o que vou plantar no ano que vem. \u00c9 uma propriedade que considero inoperante. Esse \u00e9 o resultado do fogo que come\u00e7ou a 3 quil\u00f4metros de dist\u00e2ncia e foi se espalhando\u201d, relatou.<\/p>\n<p style=\"text-align:justify;\">Marcos Paulo Meloni, propriet\u00e1rio dos s\u00edtios S\u00e3o Pedro e S\u00e3o Luiz, ainda n\u00e3o tem dimens\u00e3o do seu preju\u00edzo. \u201cA nossa cana estava em palha e, por conta da seca, estava dif\u00edcil de brotar. Agora, com o fogo, \u00e9 imposs\u00edvel. Aqui, s\u00f3 com reforma, e nem imagino quanto vai custar. Este ano, o custo m\u00e9dio por alqueire foi de R$ 24 mil, e no ano que vem, n\u00e3o sei como ser\u00e1\u201d, lamenta o produtor.<\/p>\n<p style=\"text-align:justify;\">J\u00e1 o produtor Jos\u00e9 Rog\u00e9rio Sanches Soto teve um pouco mais de sorte. Apesar do desespero, ele e sua equipe conseguiram apagar o fogo na \u00e1rea de reserva, que estava pr\u00f3xima \u00e0s casas.<\/p>\n<p style=\"text-align:justify;\">O produtor Gabriel Merlo Galdeano, que n\u00e3o teve sua propriedade atingida, foi um dos primeiros a perceber o inc\u00eandio. &#8220;Estava trabalhando na lavoura quando vi o fogo e j\u00e1 avisei o grupo da Associa\u00e7\u00e3o dos Plantadores de Cana do Oeste do Estado de S\u00e3o Paulo (Canaoeste) PAM (Plano de Aux\u00edlio M\u00fatuo). Logo depois, outro foco surgiu, e o fogo se espalhou rapidamente, atingindo a mata, a cana e a palhada. \u00c9 muito triste\u201d, relatou, suspeitando que o inc\u00eandio tenha sido criminoso.<\/p>\n<p style=\"text-align:justify;\">O Plano de Aux\u00edlio M\u00fatuo (PAM), mencionado por Galdeano, \u00e9 um programa que estabelece medidas e a\u00e7\u00f5es coordenadas para minimizar os riscos e combater inc\u00eandios. Segundo Almir Torcato, gestor executivo da Canaoeste, a associa\u00e7\u00e3o disponibiliza para seus membros um sistema de monitoramento das \u00e1reas via sat\u00e9lite.<\/p>\n<p style=\"text-align:justify;\">\u201cQuem combate ao inc\u00eandio \u00e9 o plano integrado entre os produtores, utilizando informa\u00e7\u00f5es de sat\u00e9lite. Al\u00e9m das propriedades dos associados, monitoramos tamb\u00e9m algumas \u00e1reas p\u00fablicas\u201d, explica Torcato.<\/p>\n<p style=\"text-align:justify;\">Ele enfatiza que o produtor n\u00e3o tem interesse algum em incendiar a cana, uma pr\u00e1tica que foi abandonada desde as d\u00e9cadas de 2017, quando era utilizada na colheita. Hoje, o processo \u00e9 totalmente mecanizado. \u201cAtualmente o setor como um todo n\u00e3o mede esfor\u00e7\u00f5es para o combate aos focos de inc\u00eandio, pois al\u00e9m de prejudicar o meio ambiente, causa um enorme preju\u00edzo financeiro\u201d, acrescenta.<\/p>\n<p style=\"text-align:justify;\">Ele tamb\u00e9m chama a aten\u00e7\u00e3o para o clima seco nesta \u00e9poca do ano, que favorece a prolifera\u00e7\u00e3o de inc\u00eandios. Torcato destaca a import\u00e2ncia da conscientiza\u00e7\u00e3o sobre os cuidados necess\u00e1rios nas \u00e1reas pr\u00f3ximas \u00e0 cidade, como evitar o descarte de cigarros, a realiza\u00e7\u00e3o de churrascos e outras atividades que possam gerar fa\u00edscas e resultar em inc\u00eandios desastrosos, como o que ocorreu na quinta-feira.<\/p>\n<p style=\"text-align:justify;\">Nesta sexta-feira (23), a associa\u00e7\u00e3o divulgou uma nota de rep\u00fadio e esclarecimentos acerca dos inc\u00eandios criminosos que v\u00eam atingindo im\u00f3veis rurais da regi\u00e3o. No documento, refor\u00e7a a informa\u00e7\u00e3o que os inc\u00eandios n\u00e3o s\u00e3o provocados pelos produtores de cana-de-a\u00e7\u00facar e tampouco pelas usinas e isso se d\u00e1 por v\u00e1rias raz\u00f5es, grande parte delas evidenciada no protocolo &#8220;Etanol Mais Verde&#8221;, firmado em 2017 entre produtores, usinas e o Governo do Estado de S\u00e3o Paulo, onde deixaram claro e afirmaram o compromisso do setor com a preserva\u00e7\u00e3o do meio ambiente e com a extin\u00e7\u00e3o da queimada como m\u00e9todo de colheita da cana.<\/p>\n<p>\u201cUm canavial atingido por inc\u00eandio pode se deteriorar significativamente dentro de poucos dias ocorrendo perdas da qualidade dos a\u00e7\u00facares, aumento da presen\u00e7a de impurezas e a decomposi\u00e7\u00e3o dos tecidos vegetais da mat\u00e9ria<\/p>\n<p style=\"text-align:justify;\">prima, tornando a cana inadequada para o processamento industrial. O inc\u00eandio na palhada \u00e9 tamb\u00e9m altamente prejudicial, acarretando principalmente perda de mat\u00e9ria org\u00e2nica dos solos, perda da biodiversidade dos solos e compacta\u00e7\u00e3o\u201d, informa a associa\u00e7\u00e3o.<\/p>\n<p style=\"text-align:justify;\">Al\u00e9m disso, aponta que os inc\u00eandios trazem preju\u00edzos econ\u00f4micos diretos aos produtores rurais, trazendo diversas implica\u00e7\u00f5es legais, com aplica\u00e7\u00e3o de multas de valores elevados, partindo de R$ 1.000,00 por hectare de cana queimada, indo at\u00e9 R$ 7.000,00, por hectare de vegeta\u00e7\u00e3o nativa queimada, isso quando n\u00e3o h\u00e1 incid\u00eancia de agravantes, o que pode levar a duplica\u00e7\u00e3o ou triplica\u00e7\u00e3o desses valores, tudo sem preju\u00edzo da obriga\u00e7\u00e3o de repara\u00e7\u00e3o dos danos ambientais e responsabiliza\u00e7\u00e3o criminal.<\/p>\n<p style=\"text-align:justify;\">\u201cSabendo de todos esses preju\u00edzos fica a pergunta: quem em s\u00e3 consci\u00eancia colocaria fogo em sua pr\u00f3pria casa? Sabendo de todos os riscos e preju\u00edzos que podem ocorrer, voc\u00ea atearia fogo em seu pr\u00f3prio canavial?\u201d, pergunta Torcato.<\/p>\n<p style=\"text-align:justify;\">A associa\u00e7\u00e3o destaca ainda que estamos enfrentando uma verdadeira cat\u00e1strofe clim\u00e1tica conhecida como &#8220;triplo 30&#8221;, que \u00e9 composta pela conjun\u00e7\u00e3o de tr\u00eas fatores clim\u00e1ticos:<\/p>\n<p style=\"text-align:justify;\">&#8211; umidade relativa do ar abaixo de 30%;<br \/>&#8211; temperaturas acima de 30\u00b0C e<br \/>&#8211; ventos acima de 30 km\/hora. Al\u00e9m desses eventos que favorecem a ocorr\u00eancia de inc\u00eandios e sua propaga\u00e7\u00e3o, de modo a tornar quase imposs\u00edvel o efetivo controle pelas brigadas de inc\u00eandio das unidades industriais e dos produtores, importante destacar que nossa regi\u00e3o est\u00e1 h\u00e1 aproximadamente 100 (cem) dias sem um volume de chuva significativo.<\/p>\n<p style=\"text-align:justify;\">\u201cPedimos desesperadamente o apoio da popula\u00e7\u00e3o e das autoridades para apura\u00e7\u00e3o dos respons\u00e1veis por tais atos criminosos e apoio do corpo de bombeiros para combate aos inc\u00eandios. Rogamos ainda \u00e0 Pol\u00edcia Militar Ambiental que siga os estritos termos das legisla\u00e7\u00f5es vigentes, responsabilizando apenas quando houver efetiva comprova\u00e7\u00e3o do nexo de causalidade, sob pena de punirem injustamente o produtor que j\u00e1 vem sofrendo in\u00fameros preju\u00edzos\u201d, conclui a associa\u00e7\u00e3o.<\/p>\n<\/div>\n<p><script async defer src=\"https:\/\/connect.facebook.net\/en_US\/sdk.js\" type=\"0a6c92dbff34985bf852de29-text\/javascript\"><\/script><script type=\"0a6c92dbff34985bf852de29-text\/javascript\">\n  !function(f,b,e,v,n,t,s)\n  {if(f.fbq)return;n=f.fbq=function(){n.callMethod?\n    n.callMethod.apply(n,arguments):n.queue.push(arguments)};\n    if(!f._fbq)f._fbq=n;n.push=n;n.loaded=!0;n.version='2.0';\n    n.queue=[];t=b.createElement(e);t.async=!0;\n    t.src=v;s=b.getElementsByTagName(e)[0];\n    s.parentNode.insertBefore(t,s)}(window, document,'script',\n    'https:\/\/connect.facebook.net\/en_US\/fbevents.js');\n  fbq('init', '153495679422335');\n  fbq('track', 'PageView');\n<\/script><br \/>\n<br \/><br \/>\n<br \/><a href=\"https:\/\/www.noticiasagricolas.com.br\/noticias\/sucroenergetico\/383522-queimadas-a-ameaca-constante-aos-produtores-de-cana-de-acucar.html\">Source link <\/a><\/p>\n","protected":false},"excerpt":{"rendered":"<p>Inc\u00eandios na regi\u00e3o de Ribeir\u00e3o Preto-SP causam grandes preju\u00edzos e preocupa\u00e7\u00e3o entre agricultores Onde h\u00e1 fuma\u00e7a, h\u00e1 fogo. E onde<\/p>\n","protected":false},"author":1,"featured_media":2071,"comment_status":"open","ping_status":"open","sticky":false,"template":"","format":"standard","meta":{"_monsterinsights_skip_tracking":false,"_monsterinsights_sitenote_active":false,"_monsterinsights_sitenote_note":"","_monsterinsights_sitenote_category":0,"_uf_show_specific_survey":0,"_uf_disable_surveys":false,"footnotes":""},"categories":[8,1,14,16],"tags":[],"class_list":["post-2070","post","type-post","status-publish","format-standard","has-post-thumbnail","hentry","category-agro","category-news","category-politica-agro","category-safra"],"_links":{"self":[{"href":"https:\/\/agromt.news\/index.php?rest_route=\/wp\/v2\/posts\/2070"}],"collection":[{"href":"https:\/\/agromt.news\/index.php?rest_route=\/wp\/v2\/posts"}],"about":[{"href":"https:\/\/agromt.news\/index.php?rest_route=\/wp\/v2\/types\/post"}],"author":[{"embeddable":true,"href":"https:\/\/agromt.news\/index.php?rest_route=\/wp\/v2\/users\/1"}],"replies":[{"embeddable":true,"href":"https:\/\/agromt.news\/index.php?rest_route=%2Fwp%2Fv2%2Fcomments&post=2070"}],"version-history":[{"count":0,"href":"https:\/\/agromt.news\/index.php?rest_route=\/wp\/v2\/posts\/2070\/revisions"}],"wp:featuredmedia":[{"embeddable":true,"href":"https:\/\/agromt.news\/index.php?rest_route=\/wp\/v2\/media\/2071"}],"wp:attachment":[{"href":"https:\/\/agromt.news\/index.php?rest_route=%2Fwp%2Fv2%2Fmedia&parent=2070"}],"wp:term":[{"taxonomy":"category","embeddable":true,"href":"https:\/\/agromt.news\/index.php?rest_route=%2Fwp%2Fv2%2Fcategories&post=2070"},{"taxonomy":"post_tag","embeddable":true,"href":"https:\/\/agromt.news\/index.php?rest_route=%2Fwp%2Fv2%2Ftags&post=2070"}],"curies":[{"name":"wp","href":"https:\/\/api.w.org\/{rel}","templated":true}]}}