{"id":20690,"date":"2025-09-23T12:52:23","date_gmt":"2025-09-23T16:52:23","guid":{"rendered":"https:\/\/agromt.news\/?p=20690"},"modified":"2025-09-23T12:52:23","modified_gmt":"2025-09-23T16:52:23","slug":"soberania-democracia-e-clima-no-centro-do-discurso","status":"publish","type":"post","link":"https:\/\/agromt.news\/?p=20690","title":{"rendered":"soberania, democracia e clima no centro do discurso"},"content":{"rendered":"<p> <br \/>\n<\/p>\n<div>\n<p>Na abertura da Assembleia Geral da <strong><a href=\"http:\/\/www.canalrural.com.br\/tag\/onu\/\">ONU<\/a><\/strong>, em Nova York, nesta ter\u00e7a-feira (23), o presidente Luiz In\u00e1cio Lula da Silva utilizou o espa\u00e7o mais simb\u00f3lico da diplomacia mundial para expor sua vis\u00e3o sobre os principais desafios globais. O tom de seu discurso refor\u00e7ou a imagem de um Brasil que busca protagonismo internacional:\u00a0<strong>defensor da soberania, mediador em conflitos e refer\u00eancia clim\u00e1tica<\/strong>. <\/p>\n<p>Para o p\u00fablico interno, a fala funcionou como uma reafirma\u00e7\u00e3o de que institui\u00e7\u00f5es e democracia seguem s\u00f3lidas. Para o setor produtivo, em especial o agroneg\u00f3cio, a mensagem \u00e9 clara: o mundo exigir\u00e1 cada vez mais compromisso ambiental, mas tamb\u00e9m reconhecer\u00e1 o Brasil como ator indispens\u00e1vel na seguran\u00e7a alimentar global.<\/p>\n<h2 class=\"wp-block-heading\" id=\"h-defesa-da-soberania-e-das-instituicoes\">Defesa da soberania e das institui\u00e7\u00f5es<\/h2>\n<p>Lula classificou como \u201cinaceit\u00e1veis\u201d os ataques externos ao Judici\u00e1rio e \u00e0s institui\u00e7\u00f5es democr\u00e1ticas brasileiras. Segundo ele, pr\u00e1ticas como san\u00e7\u00f5es econ\u00f4micas, tarifas unilaterais e restri\u00e7\u00f5es diplom\u00e1ticas ferem a autonomia dos pa\u00edses e aprofundam assimetrias globais. <\/p>\n<p>A mensagem foi entendida como recado direto a na\u00e7\u00f5es que, em nome de interesses comerciais ou geopol\u00edticos, tentam pressionar governos soberanos.<\/p>\n<h2 class=\"wp-block-heading\" id=\"h-democracia-como-linha-vermelha\">Democracia como linha vermelha<\/h2>\n<p>O presidente tamb\u00e9m refor\u00e7ou que\u00a0<strong>democracia e Estado de direito s\u00e3o pilares inegoci\u00e1veis<\/strong>. Citou o funcionamento das institui\u00e7\u00f5es no Brasil como exemplo de que a justi\u00e7a deve atuar com independ\u00eancia e alertou para o avan\u00e7o de for\u00e7as antidemocr\u00e1ticas que buscam fragilizar esses sistemas em diferentes partes do mundo.<\/p>\n<h2 class=\"wp-block-heading\" id=\"h-conflitos-internacionais-e-o-apelo-ao-dialogo\">Conflitos internacionais e o apelo ao di\u00e1logo<\/h2>\n<p>Outro ponto central foi a defesa da diplomacia. Lula mencionou conflitos como a guerra da Ucr\u00e2nia e a crise na Faixa de Gaza, criticando o uso indiscriminado da for\u00e7a e distor\u00e7\u00f5es no conceito de \u201cdireito \u00e0 defesa\u201d. Para ele, apenas negocia\u00e7\u00f5es multilaterais podem garantir solu\u00e7\u00f5es duradouras. O Brasil, disse, est\u00e1 disposto a atuar como mediador em conjunto com outros pa\u00edses.<\/p>\n<h2 class=\"wp-block-heading\" id=\"h-crise-climatica-e-desigualdade\">Crise clim\u00e1tica e desigualdade<\/h2>\n<p>Lula vinculou a luta contra o aquecimento global ao combate \u00e0 desigualdade. Argumentou que n\u00e3o \u00e9 poss\u00edvel avan\u00e7ar na agenda clim\u00e1tica sem atacar as profundas diferen\u00e7as sociais, especialmente em pa\u00edses em desenvolvimento. <\/p>\n<p>Destacou ainda o papel do Brasil como protagonista na preserva\u00e7\u00e3o ambiental e no combate ao desmatamento, apresentando a Amaz\u00f4nia como ativo estrat\u00e9gico para o planeta.<\/p>\n<h2 class=\"wp-block-heading\" id=\"h-o-recado-para-o-agronegocio\">O recado para o agroneg\u00f3cio<\/h2>\n<p>Embora n\u00e3o citado diretamente, o discurso tem forte impacto para o setor agropecu\u00e1rio. O presidente sinalizou que\u00a0<strong>a agenda internacional cobrar\u00e1 cada vez mais pr\u00e1ticas sustent\u00e1veis<\/strong>, o que pode afetar acordos comerciais, tarifas e certifica\u00e7\u00f5es. Ao mesmo tempo, ao defender soberania e di\u00e1logo multilateral, Lula busca abrir espa\u00e7o para que o Brasil negocie melhores condi\u00e7\u00f5es de acesso a mercados, especialmente na Europa e na \u00c1sia.<\/p>\n<div class=\"wp-block-media-text is-stacked-on-mobile\">\n<figure class=\"wp-block-media-text__media\"><img fetchpriority=\"high\" decoding=\"async\" width=\"683\" height=\"1024\" alt=\"Miguel Daoud\" class=\"wp-image-4095706 size-full\"  data-lazy- src=\"https:\/\/agromt.news\/wp-content\/uploads\/2025\/04\/Como-guerras-e-crises-moldaram-o-preco-das-commodities-nos.jpg\"\/><img decoding=\"async\" width=\"683\" height=\"1024\" src=\"https:\/\/agromt.news\/wp-content\/uploads\/2025\/04\/Como-guerras-e-crises-moldaram-o-preco-das-commodities-nos.jpg\" alt=\"Miguel Daoud\" class=\"wp-image-4095706 size-full\"  \/><\/figure>\n<div class=\"wp-block-media-text__content\">\n<p class=\"has-text-align-center\">*<em><strong>Miguel Daoud<\/strong>\u00a0\u00e9 comentarista de Economia e Pol\u00edtica\u00a0do Canal Rural<\/em><\/p>\n<\/div>\n<\/div>\n<hr class=\"wp-block-separator has-alpha-channel-opacity\"\/>\n<p><em>O\u00a0<strong>Canal Rural<\/strong>\u00a0n\u00e3o se responsabiliza pelas opini\u00f5es e conceitos emitidos nos textos desta sess\u00e3o, sendo os conte\u00fados de inteira responsabilidade de seus autores. A empresa se reserva o direito de fazer ajustes no texto para adequa\u00e7\u00e3o \u00e0s normas de publica\u00e7\u00e3o.<\/em><\/p>\n<\/p><\/div>\n<p><br \/>\n<br \/><a href=\"https:\/\/www.canalrural.com.br\/opiniao-noticias\/lula-na-onu-soberania-democracia-e-clima-no-centro-do-discurso\/\">Source link <\/a><\/p>\n","protected":false},"excerpt":{"rendered":"<p>Na abertura da Assembleia Geral da ONU, em Nova York, nesta ter\u00e7a-feira (23), o presidente Luiz In\u00e1cio Lula da Silva<\/p>\n","protected":false},"author":1,"featured_media":20691,"comment_status":"open","ping_status":"open","sticky":false,"template":"","format":"standard","meta":{"_monsterinsights_skip_tracking":false,"_monsterinsights_sitenote_active":false,"_monsterinsights_sitenote_note":"","_monsterinsights_sitenote_category":0,"_uf_show_specific_survey":0,"_uf_disable_surveys":false,"footnotes":""},"categories":[1],"tags":[],"class_list":["post-20690","post","type-post","status-publish","format-standard","has-post-thumbnail","hentry","category-news"],"_links":{"self":[{"href":"https:\/\/agromt.news\/index.php?rest_route=\/wp\/v2\/posts\/20690"}],"collection":[{"href":"https:\/\/agromt.news\/index.php?rest_route=\/wp\/v2\/posts"}],"about":[{"href":"https:\/\/agromt.news\/index.php?rest_route=\/wp\/v2\/types\/post"}],"author":[{"embeddable":true,"href":"https:\/\/agromt.news\/index.php?rest_route=\/wp\/v2\/users\/1"}],"replies":[{"embeddable":true,"href":"https:\/\/agromt.news\/index.php?rest_route=%2Fwp%2Fv2%2Fcomments&post=20690"}],"version-history":[{"count":0,"href":"https:\/\/agromt.news\/index.php?rest_route=\/wp\/v2\/posts\/20690\/revisions"}],"wp:featuredmedia":[{"embeddable":true,"href":"https:\/\/agromt.news\/index.php?rest_route=\/wp\/v2\/media\/20691"}],"wp:attachment":[{"href":"https:\/\/agromt.news\/index.php?rest_route=%2Fwp%2Fv2%2Fmedia&parent=20690"}],"wp:term":[{"taxonomy":"category","embeddable":true,"href":"https:\/\/agromt.news\/index.php?rest_route=%2Fwp%2Fv2%2Fcategories&post=20690"},{"taxonomy":"post_tag","embeddable":true,"href":"https:\/\/agromt.news\/index.php?rest_route=%2Fwp%2Fv2%2Ftags&post=20690"}],"curies":[{"name":"wp","href":"https:\/\/api.w.org\/{rel}","templated":true}]}}