{"id":20685,"date":"2025-09-23T11:56:14","date_gmt":"2025-09-23T15:56:14","guid":{"rendered":"https:\/\/agromt.news\/?p=20685"},"modified":"2025-09-23T11:56:14","modified_gmt":"2025-09-23T15:56:14","slug":"trump-disse-que-combinou-de-conversar-com-lula-na-proxima-semana","status":"publish","type":"post","link":"https:\/\/agromt.news\/?p=20685","title":{"rendered":"Trump disse que combinou de conversar com Lula na pr\u00f3xima semana"},"content":{"rendered":"<p> <br \/>\n<br \/><img decoding=\"async\" src=\"https:\/\/agromt.news\/wp-content\/uploads\/2025\/09\/Trump-disse-que-combinou-de-conversar-com-Lula-na-proxima.jpg\" \/><\/p>\n<div>\n<p>Durante discurso na Assembleia-Geral da ONU nesta ter\u00e7a-feira (23), o presidente dos Estados Unidos, Donald Trump, afirmou que ele e o presidente Luiz In\u00e1cio Lula da Silva combinaram de se encontrar na pr\u00f3xima semana. Trump relatou ter abra\u00e7ado Lula nos corredores da sede das Na\u00e7\u00f5es Unidas e disse ter achado o brasileiro \u201cum cara muito legal\u201d.<\/p>\n<p>O gesto de cordialidade veio logo <a href=\"https:\/\/www.canalrural.com.br\/nacional\/na-onu-lula-critica-sancoes-e-manda-recados-para-trump\/\">ap\u00f3s o discurso de Lula<\/a>, que criticou as san\u00e7\u00f5es impostas pelos EUA ao Brasil, acusando Washington de promover inger\u00eancia em assuntos internos. O contraste simboliza o momento delicado das rela\u00e7\u00f5es bilaterais, marcadas por uma escalada de atritos nos \u00faltimos tr\u00eas meses.<\/p>\n<h2 class=\"wp-block-heading\" id=\"h-sancoes-e-vistos-revogados\">San\u00e7\u00f5es e vistos revogados<\/h2>\n<p>Desde julho, os Estados Unidos t\u00eam ampliado restri\u00e7\u00f5es contra autoridades brasileiras ligadas ao julgamento do ex-presidente Jair Bolsonaro. A medida incluiu a revoga\u00e7\u00e3o de vistos e a imposi\u00e7\u00e3o de san\u00e7\u00f5es sob a Lei Magnitsky contra o ministro do STF Alexandre de Moraes, acusado por Washington de abuso de poder, pris\u00f5es arbitr\u00e1rias e processos politizados. Mais recentemente, a esposa do magistrado, Viviane Barci, e o Instituto Lex, ligado \u00e0 fam\u00edlia, tamb\u00e9m foram alvos.<\/p>\n<p>O Itamaraty reagiu \u00e0s medidas, classificando-as como \u201ctentativa de inger\u00eancia indevida\u201d. Lula, por sua vez, tem criticado publicamente os EUA, afirmando que as san\u00e7\u00f5es violam a soberania brasileira.<\/p>\n<h2 class=\"wp-block-heading\" id=\"h-tarifas-e-retaliacoes-comerciais\">Tarifas e retalia\u00e7\u00f5es comerciais<\/h2>\n<p>Al\u00e9m das san\u00e7\u00f5es, Trump adotou uma postura mais dura no com\u00e9rcio. Os EUA aplicaram tarifas de at\u00e9 50% sobre exporta\u00e7\u00f5es brasileiras, atingindo diversos setores. O Brasil reagiu acionando a Organiza\u00e7\u00e3o Mundial do Com\u00e9rcio (OMC) e sinalizou que poder\u00e1 adotar medidas de reciprocidade autorizadas pela legisla\u00e7\u00e3o nacional.<\/p>\n<h2 class=\"wp-block-heading\" id=\"h-impactos-no-mercado\">Impactos no mercado<\/h2>\n<p>As tarifas t\u00eam gerado preocupa\u00e7\u00e3o entre exportadores brasileiros, que veem risco de perda de competitividade nos EUA, um dos principais destinos de produtos nacionais. H\u00e1 ainda receio de efeitos inflacion\u00e1rios internos, caso os custos sejam repassados \u00e0 cadeia produtiva.<\/p>\n<p>Apesar das tens\u00f5es, Trump adotou tom conciliador em Nova York, ressaltando a boa rela\u00e7\u00e3o pessoal com Lula e prometendo um di\u00e1logo direto na pr\u00f3xima semana. O encontro, no entanto, deve ocorrer em meio a um ambiente de forte desconfian\u00e7a e disputas comerciais.<\/p>\n<\/p><\/div>\n<p><br \/>\n<br \/><a href=\"https:\/\/www.canalrural.com.br\/internacional\/trump-disse-que-combinou-de-conversar-com-lula-na-proxima-semana\/\">Source link <\/a><\/p>\n","protected":false},"excerpt":{"rendered":"<p>Durante discurso na Assembleia-Geral da ONU nesta ter\u00e7a-feira (23), o presidente dos Estados Unidos, Donald Trump, afirmou que ele e<\/p>\n","protected":false},"author":1,"featured_media":20686,"comment_status":"open","ping_status":"open","sticky":false,"template":"","format":"standard","meta":{"_monsterinsights_skip_tracking":false,"_monsterinsights_sitenote_active":false,"_monsterinsights_sitenote_note":"","_monsterinsights_sitenote_category":0,"_uf_show_specific_survey":0,"_uf_disable_surveys":false,"footnotes":""},"categories":[1],"tags":[],"class_list":["post-20685","post","type-post","status-publish","format-standard","has-post-thumbnail","hentry","category-news"],"_links":{"self":[{"href":"https:\/\/agromt.news\/index.php?rest_route=\/wp\/v2\/posts\/20685"}],"collection":[{"href":"https:\/\/agromt.news\/index.php?rest_route=\/wp\/v2\/posts"}],"about":[{"href":"https:\/\/agromt.news\/index.php?rest_route=\/wp\/v2\/types\/post"}],"author":[{"embeddable":true,"href":"https:\/\/agromt.news\/index.php?rest_route=\/wp\/v2\/users\/1"}],"replies":[{"embeddable":true,"href":"https:\/\/agromt.news\/index.php?rest_route=%2Fwp%2Fv2%2Fcomments&post=20685"}],"version-history":[{"count":0,"href":"https:\/\/agromt.news\/index.php?rest_route=\/wp\/v2\/posts\/20685\/revisions"}],"wp:featuredmedia":[{"embeddable":true,"href":"https:\/\/agromt.news\/index.php?rest_route=\/wp\/v2\/media\/20686"}],"wp:attachment":[{"href":"https:\/\/agromt.news\/index.php?rest_route=%2Fwp%2Fv2%2Fmedia&parent=20685"}],"wp:term":[{"taxonomy":"category","embeddable":true,"href":"https:\/\/agromt.news\/index.php?rest_route=%2Fwp%2Fv2%2Fcategories&post=20685"},{"taxonomy":"post_tag","embeddable":true,"href":"https:\/\/agromt.news\/index.php?rest_route=%2Fwp%2Fv2%2Ftags&post=20685"}],"curies":[{"name":"wp","href":"https:\/\/api.w.org\/{rel}","templated":true}]}}