{"id":20680,"date":"2025-09-23T10:24:49","date_gmt":"2025-09-23T14:24:49","guid":{"rendered":"https:\/\/agromt.news\/?p=20680"},"modified":"2025-09-23T10:24:49","modified_gmt":"2025-09-23T14:24:49","slug":"cotacao-do-boi-china-recua-r-200-por-arroba","status":"publish","type":"post","link":"https:\/\/agromt.news\/?p=20680","title":{"rendered":"Cota\u00e7\u00e3o do \u201cboi China\u201d recua R$ 2,00 por arroba"},"content":{"rendered":"<p> <br \/>\n<\/p>\n<div>\n<p style=\"text-align:justify\">De acordo com a an\u00e1lise da segunda-feira (22) do informativo \u201cTem Boi na Linha\u201d, publicado pela Scot Consultoria, o \u00e1gio do \u201cboi China\u201d recuou nas pra\u00e7as paulistas. \u201cApesar de boa parte da ponta compradora ter estado fora das compras, o cen\u00e1rio foi de mercado frouxo\u201d, afirma o boletim. Com mercado bem ofertado, escalas de abate confort\u00e1veis e escoamento de carne fraco, os frigor\u00edficos que j\u00e1 haviam retomado os neg\u00f3cios iniciaram a semana oferecendo menos pela arroba do \u201cboi China\u201d. Para as demais categorias, as cota\u00e7\u00f5es permaneceram est\u00e1veis.&#13;\n<\/p>\n<p style=\"text-align:justify\">Segundo o informativo, a cota\u00e7\u00e3o do \u201cboi China\u201d caiu R$ 2,00 por arroba, e as escalas de abate ficaram, em m\u00e9dia, para 12 dias.<\/p>\n<p style=\"text-align:justify\">No Rio de Janeiro, com pouca capacidade de suporte das pastagens dificultando a reten\u00e7\u00e3o da boiada pelos produtores, a oferta estava elevada \u2013 especialmente de f\u00eameas \u2013, e as vendas de carne seguiram fracas. \u201cA cota\u00e7\u00e3o das f\u00eameas caiu R$ 2,00\/@, enquanto a do boi gordo n\u00e3o mudou\u201d, diz o relat\u00f3rio.<\/p>\n<p style=\"text-align:justify\">No mercado atacadista de carne com osso, com o avan\u00e7o do final do m\u00eas, o ritmo que j\u00e1 vinha lento seguiu fraco. Ap\u00f3s algumas semanas de estabilidade nas cota\u00e7\u00f5es de parte das carca\u00e7as casadas, o menor escoamento pressionou os pre\u00e7os de todas as categorias.&#13;\n<\/p>\n<p style=\"text-align:justify\">A cota\u00e7\u00e3o da carca\u00e7a casada do boi cap\u00e3o caiu 1,2%, ou R$ 0,25 por quilo. As demais carca\u00e7as casadas recuaram 1,3%, ou R$ 0,25 por quilo. A maior queda foi na ponta de agulha: no boi cap\u00e3o, recuo de 1,8%, ou R$ 0,30\/kg, e no boi inteiro, retra\u00e7\u00e3o de 2,1%, ou R$ 0,35\/kg.<\/p>\n<p style=\"text-align:justify\">No mercado de carnes alternativas, a cota\u00e7\u00e3o do frango m\u00e9dio subiu 2,7%, ou R$ 0,20 por quilo. Em contrapartida, no mercado atacadista do su\u00edno especial houve queda de 2,3%, ou R$ 0,30 por quilo.<\/p>\n<\/p><\/div>\n<p><script data-cfasync=\"false\">\n    !function (f, b, e, v, n, t, s) {\n        if (f.fbq) return; n = f.fbq = function () {\n            n.callMethod ?\n                n.callMethod.apply(n, arguments) : n.queue.push(arguments)\n        };\n        if (!f._fbq) f._fbq = n; n.push = n; n.loaded = !0; n.version = '2.0';\n        n.queue = []; t = b.createElement(e); t.async = !0;\n        t.src = v; s = b.getElementsByTagName(e)[0];\n        s.parentNode.insertBefore(t, s)\n    }(window, document, 'script',\n        'https:\/\/connect.facebook.net\/en_US\/fbevents.js');\n    fbq('init', '522546078623747');\n    fbq('track', 'PageView');\n<\/script><br \/>\n<br \/><br \/>\n<br \/><a href=\"https:\/\/www.agrolink.com.br\/noticias\/cotacao-do--boi-china--recua-r--2-00-por-arroba_506210.html\">Source link <\/a><\/p>\n","protected":false},"excerpt":{"rendered":"<p>De acordo com a an\u00e1lise da segunda-feira (22) do informativo \u201cTem Boi na Linha\u201d, publicado pela Scot Consultoria, o \u00e1gio<\/p>\n","protected":false},"author":1,"featured_media":2291,"comment_status":"open","ping_status":"open","sticky":false,"template":"","format":"standard","meta":{"_monsterinsights_skip_tracking":false,"_monsterinsights_sitenote_active":false,"_monsterinsights_sitenote_note":"","_monsterinsights_sitenote_category":0,"_uf_show_specific_survey":0,"_uf_disable_surveys":false,"footnotes":""},"categories":[8,1,14],"tags":[],"class_list":["post-20680","post","type-post","status-publish","format-standard","has-post-thumbnail","hentry","category-agro","category-news","category-politica-agro"],"_links":{"self":[{"href":"https:\/\/agromt.news\/index.php?rest_route=\/wp\/v2\/posts\/20680"}],"collection":[{"href":"https:\/\/agromt.news\/index.php?rest_route=\/wp\/v2\/posts"}],"about":[{"href":"https:\/\/agromt.news\/index.php?rest_route=\/wp\/v2\/types\/post"}],"author":[{"embeddable":true,"href":"https:\/\/agromt.news\/index.php?rest_route=\/wp\/v2\/users\/1"}],"replies":[{"embeddable":true,"href":"https:\/\/agromt.news\/index.php?rest_route=%2Fwp%2Fv2%2Fcomments&post=20680"}],"version-history":[{"count":0,"href":"https:\/\/agromt.news\/index.php?rest_route=\/wp\/v2\/posts\/20680\/revisions"}],"wp:featuredmedia":[{"embeddable":true,"href":"https:\/\/agromt.news\/index.php?rest_route=\/wp\/v2\/media\/2291"}],"wp:attachment":[{"href":"https:\/\/agromt.news\/index.php?rest_route=%2Fwp%2Fv2%2Fmedia&parent=20680"}],"wp:term":[{"taxonomy":"category","embeddable":true,"href":"https:\/\/agromt.news\/index.php?rest_route=%2Fwp%2Fv2%2Fcategories&post=20680"},{"taxonomy":"post_tag","embeddable":true,"href":"https:\/\/agromt.news\/index.php?rest_route=%2Fwp%2Fv2%2Ftags&post=20680"}],"curies":[{"name":"wp","href":"https:\/\/api.w.org\/{rel}","templated":true}]}}