{"id":20676,"date":"2025-09-23T09:01:43","date_gmt":"2025-09-23T13:01:43","guid":{"rendered":"https:\/\/agromt.news\/?p=20676"},"modified":"2025-09-23T09:01:43","modified_gmt":"2025-09-23T13:01:43","slug":"estado-identifica-foco-de-praga-que-prejudica-plantio-de-banana","status":"publish","type":"post","link":"https:\/\/agromt.news\/?p=20676","title":{"rendered":"Estado identifica foco de praga que prejudica plantio de banana"},"content":{"rendered":"<p> <br \/>\n<br \/><img decoding=\"async\" src=\"https:\/\/agromt.news\/wp-content\/uploads\/2025\/09\/Estado-identifica-foco-de-praga-que-prejudica-plantio-de-banana.webp.webp\" \/><\/p>\n<div>\n<p>O governo do Acre confirmou a presen\u00e7a da <a href=\"https:\/\/www.canalrural.com.br\/agricultura\/embrapa-desenvolve-variedades-de-banana-resistentes-a-doenca-mais-grave-do-mundo\/\">praga<\/a> quarenten\u00e1ria conhecida como moko da bananeira (Ralstonia solanacearum ra\u00e7a 2) em uma propriedade rural no munic\u00edpio de Rodrigues Alves, no interior do estado. A detec\u00e7\u00e3o foi feita ap\u00f3s notifica\u00e7\u00e3o do Servi\u00e7o Nacional de Aprendizagem Rural (Senar\/AC) e confirmada por exame laboratorial no Laborat\u00f3rio Federal de Defesa Agropecu\u00e1ria (LFDA\/GO), do Minist\u00e9rio da Agricultura e Pecu\u00e1ria (Mapa).<\/p>\n<p>O moko \u00e9 uma doen\u00e7a bacteriana que atinge principalmente a cultura da banana, provocando murcha, amarelecimento e morte das plantas infectadas, o que pode gerar grandes preju\u00edzos \u00e0 produ\u00e7\u00e3o agr\u00edcola.<\/p>\n<p>Segundo o Instituto de Defesa Agropecu\u00e1ria e Florestal do Acre (Idaf\/AC), j\u00e1 est\u00e3o em andamento medidas para erradicar o foco, incluindo o levantamento da \u00e1rea afetada, fiscaliza\u00e7\u00e3o fitossanit\u00e1ria, orienta\u00e7\u00f5es t\u00e9cnicas a produtores e a\u00e7\u00f5es de biosseguran\u00e7a previstas na Instru\u00e7\u00e3o Normativa SDA\/Mapa n\u00ba 17, de 2009.<\/p>\n<p>Produtores da regi\u00e3o s\u00e3o orientados a redobrar a aten\u00e7\u00e3o para sintomas como folhas amareladas e murchas, escurecimento do pseudocaule, rizoma e enga\u00e7o, al\u00e9m da podrid\u00e3o seca dos frutos. Em caso de suspeita, a recomenda\u00e7\u00e3o \u00e9 acionar imediatamente o Idaf. O \u00f3rg\u00e3o tamb\u00e9m alerta para a import\u00e2ncia do uso de mudas certificadas e livres de pragas.<\/p>\n<p>O instituto destacou que a colabora\u00e7\u00e3o da comunidade rural \u00e9 essencial para conter a dissemina\u00e7\u00e3o da bact\u00e9ria e refor\u00e7ou seu compromisso em apoiar os agricultores com suporte t\u00e9cnico e informa\u00e7\u00f5es.<\/p>\n<\/p><\/div>\n<p><br \/>\n<br \/><a href=\"https:\/\/www.canalrural.com.br\/agricultura\/estado-identifica-foco-de-praga-que-prejudica-plantio-de-banana\/\">Source link <\/a><\/p>\n","protected":false},"excerpt":{"rendered":"<p>O governo do Acre confirmou a presen\u00e7a da praga quarenten\u00e1ria conhecida como moko da bananeira (Ralstonia solanacearum ra\u00e7a 2) em<\/p>\n","protected":false},"author":1,"featured_media":20677,"comment_status":"open","ping_status":"open","sticky":false,"template":"","format":"standard","meta":{"_monsterinsights_skip_tracking":false,"_monsterinsights_sitenote_active":false,"_monsterinsights_sitenote_note":"","_monsterinsights_sitenote_category":0,"_uf_show_specific_survey":0,"_uf_disable_surveys":false,"footnotes":""},"categories":[1],"tags":[],"class_list":["post-20676","post","type-post","status-publish","format-standard","has-post-thumbnail","hentry","category-news"],"_links":{"self":[{"href":"https:\/\/agromt.news\/index.php?rest_route=\/wp\/v2\/posts\/20676"}],"collection":[{"href":"https:\/\/agromt.news\/index.php?rest_route=\/wp\/v2\/posts"}],"about":[{"href":"https:\/\/agromt.news\/index.php?rest_route=\/wp\/v2\/types\/post"}],"author":[{"embeddable":true,"href":"https:\/\/agromt.news\/index.php?rest_route=\/wp\/v2\/users\/1"}],"replies":[{"embeddable":true,"href":"https:\/\/agromt.news\/index.php?rest_route=%2Fwp%2Fv2%2Fcomments&post=20676"}],"version-history":[{"count":0,"href":"https:\/\/agromt.news\/index.php?rest_route=\/wp\/v2\/posts\/20676\/revisions"}],"wp:featuredmedia":[{"embeddable":true,"href":"https:\/\/agromt.news\/index.php?rest_route=\/wp\/v2\/media\/20677"}],"wp:attachment":[{"href":"https:\/\/agromt.news\/index.php?rest_route=%2Fwp%2Fv2%2Fmedia&parent=20676"}],"wp:term":[{"taxonomy":"category","embeddable":true,"href":"https:\/\/agromt.news\/index.php?rest_route=%2Fwp%2Fv2%2Fcategories&post=20676"},{"taxonomy":"post_tag","embeddable":true,"href":"https:\/\/agromt.news\/index.php?rest_route=%2Fwp%2Fv2%2Ftags&post=20676"}],"curies":[{"name":"wp","href":"https:\/\/api.w.org\/{rel}","templated":true}]}}