{"id":20671,"date":"2025-09-23T08:02:04","date_gmt":"2025-09-23T12:02:04","guid":{"rendered":"https:\/\/agromt.news\/?p=20671"},"modified":"2025-09-23T08:02:04","modified_gmt":"2025-09-23T12:02:04","slug":"deslocamento-de-frente-fria-provoca-chuva-forte-e-ventania-veja-a-previsao-do-tempo-de-hoje","status":"publish","type":"post","link":"https:\/\/agromt.news\/?p=20671","title":{"rendered":"Deslocamento de frente fria provoca chuva forte e ventania; veja a previs\u00e3o do tempo de hoje"},"content":{"rendered":"<p> <br \/>\n<br \/><img decoding=\"async\" src=\"https:\/\/agromt.news\/wp-content\/uploads\/2024\/09\/alerta-chuva-forte.jpg\" \/><\/p>\n<div>\n<p>Na medida em que a frente fria se desloca sobre a costa do sudeste brasileiro, uma nova massa de ar polar associada \u00e0 uma \u00e1rea de alta press\u00e3o avan\u00e7a e mant\u00e9m o tempo firme e as temperaturas baixas no Sul nesta ter\u00e7a-feira (23). Ainda nas primeiras horas da manh\u00e3, pontos das serras ga\u00facha e catarinense, al\u00e9m de parte da regi\u00e3o central catarinense e do sul paranaense, podem contar com forma\u00e7\u00e3o de geada.<\/p>\n<div data-icp-cta=\"1\" id=\"icp-cta-unique\">Voc\u00ea quer entender como usar o clima a seu favor?<b> <\/b><a href=\"https:\/\/climacampo.canalrural.com.br\/climacampo_-01\">Preparamos um e-book exclusivo<\/a> para ajudar produtores rurais a se antecipar \u00e0s mudan\u00e7as do tempo e planejar melhor suas a\u00e7\u00f5es. Com base em previs\u00f5es meteorol\u00f3gicas confi\u00e1veis, ele oferece orienta\u00e7\u00f5es pr\u00e1ticas para proteger sua lavoura e otimizar seus resultados.<\/div>\n<p>Ao longo do dia, o sol aparece entre poucas nuvens no c\u00e9u, mas a circula\u00e7\u00e3o de ar frio contribui para que as temperaturas permane\u00e7am mais baixas e a sensa\u00e7\u00e3o siga mais amena. Na parte da tarde, a maior parte do Paran\u00e1 e algumas \u00e1reas do norte catarinense devem contar com alerta de baixa umidade do ar, com \u00edndices variando entre 21% e 30% \u2013 mesmo sem a presen\u00e7a de calor.<\/p>\n<p>No Sudeste, o deslocamento da frente fria ainda promove a forma\u00e7\u00e3o de grandes \u00e1reas de instabilidade sobre praticamente todos os estados da regi\u00e3o. Ainda durante a madrugada e o in\u00edcio da manh\u00e3, o cen\u00e1rio \u00e9 de aten\u00e7\u00e3o para chuva e ventos mais fortes entre o litoral de S\u00e3o Paulo e do Rio de Janeiro \u2013 com rajadas de vento variando entre 51 e 70 km\/h. Durante o dia, o tempo segue bastante inst\u00e1vel e o c\u00e9u carregado entre o Rio de Janeiro, Minas Gerais e o Esp\u00edrito Santo, com condi\u00e7\u00f5es para fortes pancadas de chuva no per\u00edodo da tarde, seguidas por raios e rajadas de vento.<\/p>\n<p>Em S\u00e3o Paulo, a condi\u00e7\u00e3o de chuva perde for\u00e7a, na medida em que a circula\u00e7\u00e3o de ventos associados \u00e0 massa de ar polar come\u00e7a a influenciar sobre a regi\u00e3o. Na faixa leste paulista, dia de c\u00e9u mais encoberto e com condi\u00e7\u00f5es para chuva fraca espor\u00e1dica no decorrer das horas.<\/p>\n<p>Enquanto no Centro-Oeste, a presen\u00e7a do fluxo de umidade mant\u00e9m as instabilidades sobre Mato Grosso, Goi\u00e1s e o Distrito Federal, com risco de fortes pancadas de chuva ao longo do dia. N\u00e3o est\u00e3o descartados eventuais temporais isolados na parte da tarde. Mesmo com o tempo bastante inst\u00e1vel, as temperaturas seguem elevadas entre os tr\u00eas estados, com tempo bastante abafado marcando presen\u00e7a.<\/p>\n<p>No Mato Grosso do Sul, o tempo volta a firmar, na medida em que o ar seco ganha for\u00e7a durante o dia. Boa parte do estado segue com alerta de baixa umidade do ar no per\u00edodo da tarde, com \u00edndices variando entre 21% e 30%. Devido \u00e0 influ\u00eancia da massa de ar polar, as temperaturas seguem mais amenas no decorrer das horas.<\/p>\n<p>J\u00e1 no Nordeste, a circula\u00e7\u00e3o de ventos mar\u00edtimos segue favorecendo a forma\u00e7\u00e3o de instabilidades sobre a costa leste, mas as pancadas seguem adotando car\u00e1ter irregular. Entre Macei\u00f3 e Recife, a chuva pode variar entre fraca e moderada intensidade. Por outro lado, o interior nordestino segue predominantemente seco e quente, com temperaturas elevadas e alerta para baixa umidade do ar no per\u00edodo da tarde. Al\u00e9m do calor e tempo seco, os ventos continuam soprando com intensidade moderada em boa parte da regi\u00e3o, e as rajadas variam entre 40 e 50 km\/h \u2013 mesmo sem a ocorr\u00eancia de chuva.<\/p>\n<p>E no Norte, calor e umidade presentes na atmosfera continuam estimulando a forma\u00e7\u00e3o de grandes \u00e1reas de instabilidade sobre boa parte dos estados. Aten\u00e7\u00e3o maior entre o oeste do Amazonas e o Acre, onde h\u00e1 risco de temporais isolados durante o dia. Pode chover forte em outras \u00e1reas do estado amazonense, al\u00e9m de pontos da metade sul do Par\u00e1 e no Tocantins. O estado de Roraima tamb\u00e9m pode contar com pancadas de chuva mais expressivas no decorrer das horas. J\u00e1 o Amap\u00e1 segue com predom\u00ednio de tempo firme e calor.<\/p>\n<\/p><\/div>\n<p><br \/>\n<br \/><a href=\"https:\/\/www.canalrural.com.br\/tempo\/deslocamento-de-frente-fria-provoca-chuva-forte-e-ventania-veja-a-previsao-do-tempo-de-hoje\/\">Source link <\/a><\/p>\n","protected":false},"excerpt":{"rendered":"<p>Na medida em que a frente fria se desloca sobre a costa do sudeste brasileiro, uma nova massa de ar<\/p>\n","protected":false},"author":1,"featured_media":1650,"comment_status":"open","ping_status":"open","sticky":false,"template":"","format":"standard","meta":{"_monsterinsights_skip_tracking":false,"_monsterinsights_sitenote_active":false,"_monsterinsights_sitenote_note":"","_monsterinsights_sitenote_category":0,"_uf_show_specific_survey":0,"_uf_disable_surveys":false,"footnotes":""},"categories":[1],"tags":[],"class_list":["post-20671","post","type-post","status-publish","format-standard","has-post-thumbnail","hentry","category-news"],"_links":{"self":[{"href":"https:\/\/agromt.news\/index.php?rest_route=\/wp\/v2\/posts\/20671"}],"collection":[{"href":"https:\/\/agromt.news\/index.php?rest_route=\/wp\/v2\/posts"}],"about":[{"href":"https:\/\/agromt.news\/index.php?rest_route=\/wp\/v2\/types\/post"}],"author":[{"embeddable":true,"href":"https:\/\/agromt.news\/index.php?rest_route=\/wp\/v2\/users\/1"}],"replies":[{"embeddable":true,"href":"https:\/\/agromt.news\/index.php?rest_route=%2Fwp%2Fv2%2Fcomments&post=20671"}],"version-history":[{"count":0,"href":"https:\/\/agromt.news\/index.php?rest_route=\/wp\/v2\/posts\/20671\/revisions"}],"wp:featuredmedia":[{"embeddable":true,"href":"https:\/\/agromt.news\/index.php?rest_route=\/wp\/v2\/media\/1650"}],"wp:attachment":[{"href":"https:\/\/agromt.news\/index.php?rest_route=%2Fwp%2Fv2%2Fmedia&parent=20671"}],"wp:term":[{"taxonomy":"category","embeddable":true,"href":"https:\/\/agromt.news\/index.php?rest_route=%2Fwp%2Fv2%2Fcategories&post=20671"},{"taxonomy":"post_tag","embeddable":true,"href":"https:\/\/agromt.news\/index.php?rest_route=%2Fwp%2Fv2%2Ftags&post=20671"}],"curies":[{"name":"wp","href":"https:\/\/api.w.org\/{rel}","templated":true}]}}