{"id":20669,"date":"2025-09-23T07:03:59","date_gmt":"2025-09-23T11:03:59","guid":{"rendered":"https:\/\/agromt.news\/?p=20669"},"modified":"2025-09-23T07:03:59","modified_gmt":"2025-09-23T11:03:59","slug":"colheita-de-inverno-destaca-vinhos-finos-e-enoturismo-em-pedra-azul","status":"publish","type":"post","link":"https:\/\/agromt.news\/?p=20669","title":{"rendered":"Colheita de inverno destaca vinhos finos e enoturismo em Pedra Azul"},"content":{"rendered":"<p> <br \/>\n<\/p>\n<div>\n<p>Quase dez anos atr\u00e1s, com a funda\u00e7\u00e3o do Quinta dos Marac\u00e1s Restaurante, nasceu uma proposta que uniu gastronomia e paisagem nas montanhas capixabas. A ideia, trazida por Cida Gomes, era simples e direta: \u201ctrazer a experi\u00eancia da gastronomia aqui das montanhas, que \u00e9 a filosofia da casa, do campo \u00e0 mesa, para as pessoas que j\u00e1 estavam conhecendo os encantos de Pedra Azul.\u201d<\/p>\n<ul class=\"wp-block-list\">\n<li><em>Participe do Porteira Aberta Empreender: envie perguntas, sugest\u00f5es e conte sua hist\u00f3ria de empreendedorismo pelo <\/em><a href=\"https:\/\/api.whatsapp.com\/send?phone=5511932796720&amp;PorteiraAbertaEmpreender=SuaMensagem\"><strong>WhatsApp<\/strong><\/a><\/li>\n<\/ul>\n<p>Logo depois dessa iniciativa, a paix\u00e3o pelo vinho surgiu naturalmente. Assim, Gustavo Gomes, sommelier e respons\u00e1vel pela produ\u00e7\u00e3o, descobriu na colheita de inverno uma oportunidade concreta para criar r\u00f3tulos de excel\u00eancia. Essa t\u00e9cnica, desenvolvida pela EPAMIG (Empresa de Pesquisa Agropecu\u00e1ria de Minas Gerais) e, posteriormente, difundida com apoio do Sebrae e do Incaper (Instituto Capixaba de Pesquisa, Assist\u00eancia T\u00e9cnica e Extens\u00e3o Rural), consiste em realizar uma dupla poda. Ou seja, retira-se os cachos no ver\u00e3o para, ent\u00e3o, conduzir a produ\u00e7\u00e3o ao inverno, per\u00edodo que \u00e9 mais seco e frio.<\/p>\n<blockquote class=\"wp-block-quote is-layout-flow wp-block-quote-is-layout-flow\">\n<p>\u201c\u00c9 essa \u00e9poca da colheita, um clima praticamente europeu, em que a gente tem essa amplitude t\u00e9rmica que cria engrossamento de casca, quer dizer, mais taninos, mais acidez, o potencial de guarda para o vinho\u201d, explica Gustavo. <\/p>\n<\/blockquote>\n<p>Dessa forma, <a href=\"https:\/\/www.canalrural.com.br\/empreendedorismo\/vinho-artesanal-homenageia-legado-familiar-e-fortalece-turismo-regional\/\">variedades <\/a>como Syrah, Cabernet Sauvignon, Sauvignon Blanc, Malbec e Chenin Blanc est\u00e3o mostrando \u00f3timo desempenho.<\/p>\n<figure class=\"wp-block-image size-large\"><img fetchpriority=\"high\" decoding=\"async\" width=\"1024\" height=\"556\" alt=\"\" class=\"wp-image-4123380\"  data-lazy- src=\"https:\/\/agromt.news\/wp-content\/uploads\/2025\/09\/Colheita-de-inverno-destaca-vinhos-finos-e-enoturismo-em-Pedra.jpg\"\/><img decoding=\"async\" width=\"1024\" height=\"556\" src=\"https:\/\/agromt.news\/wp-content\/uploads\/2025\/09\/Colheita-de-inverno-destaca-vinhos-finos-e-enoturismo-em-Pedra.jpg\" alt=\"\" class=\"wp-image-4123380\"  \/><figcaption class=\"wp-element-caption\">Parreiral Pedra Azul\/ES<\/figcaption><\/figure>\n<p>Por enquanto, a produ\u00e7\u00e3o ainda \u00e9 boutique, o que torna a experi\u00eancia mais exclusiva: os vinhos podem ser degustados apenas no restaurante e no Wine Bar local. \u201cPor enquanto, \u00e9 o vinho que s\u00f3 tem na vin\u00edcola, ou s\u00f3 tem no vinhedo, s\u00f3 tem aqui no Quintas do Manac\u00e1. O giro que eu tenho de 1.500 garrafas, os pr\u00f3prios turistas j\u00e1 consomem.\u201d<\/p>\n<h2 class=\"wp-block-heading has-medium-font-size\" id=\"h-apoio-sebrae\">Apoio Sebrae<\/h2>\n<p>Al\u00e9m de apoiar a capacita\u00e7\u00e3o t\u00e9cnica, o <a href=\"https:\/\/sebrae.com.br\/sites\/PortalSebrae\/ufs\/es?codUf=8\">Sebrae<\/a> tamb\u00e9m contribui para a troca de experi\u00eancias entre produtores. Assim, para Gustavo, esse movimento fortalece o potencial tur\u00edstico da regi\u00e3o: \u201cAcreditar que \u00e9 poss\u00edvel fazer um vinho fino, de qualidade, \u00e9 uma coisa que ainda estava meio distante, e o Sebrae est\u00e1 chegando exatamente para criar esse link.\u201d<\/p>\n<\/p><\/div>\n<p><br \/>\n<br \/><a href=\"https:\/\/www.canalrural.com.br\/empreendedorismo\/colheita-de-inverno-destaca-vinhos-finos-e-enoturismo-em-pedra-azul\/\">Source link <\/a><\/p>\n","protected":false},"excerpt":{"rendered":"<p>Quase dez anos atr\u00e1s, com a funda\u00e7\u00e3o do Quinta dos Marac\u00e1s Restaurante, nasceu uma proposta que uniu gastronomia e paisagem<\/p>\n","protected":false},"author":1,"featured_media":20670,"comment_status":"open","ping_status":"open","sticky":false,"template":"","format":"standard","meta":{"_monsterinsights_skip_tracking":false,"_monsterinsights_sitenote_active":false,"_monsterinsights_sitenote_note":"","_monsterinsights_sitenote_category":0,"_uf_show_specific_survey":0,"_uf_disable_surveys":false,"footnotes":""},"categories":[1],"tags":[],"class_list":["post-20669","post","type-post","status-publish","format-standard","has-post-thumbnail","hentry","category-news"],"_links":{"self":[{"href":"https:\/\/agromt.news\/index.php?rest_route=\/wp\/v2\/posts\/20669"}],"collection":[{"href":"https:\/\/agromt.news\/index.php?rest_route=\/wp\/v2\/posts"}],"about":[{"href":"https:\/\/agromt.news\/index.php?rest_route=\/wp\/v2\/types\/post"}],"author":[{"embeddable":true,"href":"https:\/\/agromt.news\/index.php?rest_route=\/wp\/v2\/users\/1"}],"replies":[{"embeddable":true,"href":"https:\/\/agromt.news\/index.php?rest_route=%2Fwp%2Fv2%2Fcomments&post=20669"}],"version-history":[{"count":0,"href":"https:\/\/agromt.news\/index.php?rest_route=\/wp\/v2\/posts\/20669\/revisions"}],"wp:featuredmedia":[{"embeddable":true,"href":"https:\/\/agromt.news\/index.php?rest_route=\/wp\/v2\/media\/20670"}],"wp:attachment":[{"href":"https:\/\/agromt.news\/index.php?rest_route=%2Fwp%2Fv2%2Fmedia&parent=20669"}],"wp:term":[{"taxonomy":"category","embeddable":true,"href":"https:\/\/agromt.news\/index.php?rest_route=%2Fwp%2Fv2%2Fcategories&post=20669"},{"taxonomy":"post_tag","embeddable":true,"href":"https:\/\/agromt.news\/index.php?rest_route=%2Fwp%2Fv2%2Ftags&post=20669"}],"curies":[{"name":"wp","href":"https:\/\/api.w.org\/{rel}","templated":true}]}}