{"id":20668,"date":"2025-09-23T06:31:33","date_gmt":"2025-09-23T10:31:33","guid":{"rendered":"https:\/\/agromt.news\/?p=20668"},"modified":"2025-09-23T06:31:33","modified_gmt":"2025-09-23T10:31:33","slug":"captacao-de-leite-no-brasil-sobe-93-no-2o-trimestre","status":"publish","type":"post","link":"https:\/\/agromt.news\/?p=20668","title":{"rendered":"Capta\u00e7\u00e3o de leite no Brasil sobe 9,3% no 2\u00ba trimestre"},"content":{"rendered":"<p> <br \/>\n<\/p>\n<div>\n<p style=\"text-align:justify\">De acordo com informa\u00e7\u00f5es divulgadas na edi\u00e7\u00e3o de setembro do boletim mensal Agro em Dados, publicado pela Secretaria de Agricultura, Pecu\u00e1ria e Abastecimento de Goi\u00e1s, a capta\u00e7\u00e3o formal de <a href=\"https:\/\/www.agrolink.com.br\/cotacoes\/carnes\/bovinos\/?utm_source=agrolink-detalhe-noticia&amp;utm_medium=detalhe-noticia&amp;utm_campaign=links-internos\" target=\"_blank\" rel=\"noopener\">leite<\/a> no Brasil atingiu aproximadamente 6,5 bilh\u00f5es de litros no segundo trimestre de 2025, segundo estimativas preliminares do IBGE. O volume representa crescimento de 9,3% em rela\u00e7\u00e3o ao mesmo per\u00edodo de 2024. \u201cMesmo sendo tradicionalmente um trimestre de entressafra, houve aumento de 0,1% frente ao primeiro trimestre, resultado in\u00e9dito na s\u00e9rie hist\u00f3rica\u201d, aponta o boletim.&#13;\n<\/p>\n<p style=\"text-align:justify\">No 386\u00ba leil\u00e3o da plataforma Global Dairy Trade (GDT), o pre\u00e7o m\u00e9dio dos produtos l\u00e1cteos negociados foi de US$ 4.291 por tonelada, refletindo estabilidade no mercado em termos de pre\u00e7os e volumes. O leite em p\u00f3 integral, principal item comercializado e refer\u00eancia para pre\u00e7os no GDT, registrou leve alta de 0,3%, sendo o \u00fanico produto entre os negociados a apresentar varia\u00e7\u00e3o positiva.<\/p>\n<p style=\"text-align:justify\">Em Goi\u00e1s, a estimativa para o Valor Bruto da Produ\u00e7\u00e3o (VBP) do leite \u00e9 de alcan\u00e7ar R$ 5,89 bilh\u00f5es em 2025, crescimento de 6,7% frente ao ano anterior, quando somou R$ 5,52 bilh\u00f5es. \u201cApesar da evolu\u00e7\u00e3o em termos absolutos, a participa\u00e7\u00e3o relativa do leite no VBP agropecu\u00e1rio estadual caiu de 5,2% em 2024 para 4,9% em 2025\u201d, informa o documento. Segundo o boletim, essa redu\u00e7\u00e3o n\u00e3o se deve \u00e0 retra\u00e7\u00e3o da atividade, mas ao avan\u00e7o do VBP total do estado, que subiu de R$ 105,9 bilh\u00f5es em 2024 para R$ 120,1 bilh\u00f5es em 2025, expans\u00e3o de 13,4%. Dessa forma, a menor representatividade do leite decorre do crescimento mais acelerado de outros segmentos do agroneg\u00f3cio goiano.&#13;\n<\/p>\n<p style=\"text-align:justify\">No mercado externo, as exporta\u00e7\u00f5es de l\u00e1cteos produzidos em Goi\u00e1s em julho apresentaram retra\u00e7\u00e3o em rela\u00e7\u00e3o ao m\u00eas anterior devido \u00e0 aus\u00eancia de embarques para o Chile, segundo principal destino das vendas. \u201cNesse per\u00edodo, apenas os Estados Unidos importaram produtos l\u00e1cteos goianos, com volume de 62,0 toneladas\u201d, diz o boletim. Apesar da queda pontual, o desempenho acumulado de janeiro a julho de 2025 segue positivo, com avan\u00e7o de 27,2% em volume exportado quando comparado a 2024, totalizando 411,0 toneladas exportadas.<\/p>\n<\/p><\/div>\n<p><script data-cfasync=\"false\">\n    !function (f, b, e, v, n, t, s) {\n        if (f.fbq) return; n = f.fbq = function () {\n            n.callMethod ?\n                n.callMethod.apply(n, arguments) : n.queue.push(arguments)\n        };\n        if (!f._fbq) f._fbq = n; n.push = n; n.loaded = !0; n.version = '2.0';\n        n.queue = []; t = b.createElement(e); t.async = !0;\n        t.src = v; s = b.getElementsByTagName(e)[0];\n        s.parentNode.insertBefore(t, s)\n    }(window, document, 'script',\n        'https:\/\/connect.facebook.net\/en_US\/fbevents.js');\n    fbq('init', '522546078623747');\n    fbq('track', 'PageView');\n<\/script><br \/>\n<br \/><br \/>\n<br \/><a href=\"https:\/\/www.agrolink.com.br\/noticias\/captacao-de-leite-no-brasil-sobe-9-3--no-2--trimestre_506212.html\">Source link <\/a><\/p>\n","protected":false},"excerpt":{"rendered":"<p>De acordo com informa\u00e7\u00f5es divulgadas na edi\u00e7\u00e3o de setembro do boletim mensal Agro em Dados, publicado pela Secretaria de Agricultura,<\/p>\n","protected":false},"author":1,"featured_media":2371,"comment_status":"open","ping_status":"open","sticky":false,"template":"","format":"standard","meta":{"_monsterinsights_skip_tracking":false,"_monsterinsights_sitenote_active":false,"_monsterinsights_sitenote_note":"","_monsterinsights_sitenote_category":0,"_uf_show_specific_survey":0,"_uf_disable_surveys":false,"footnotes":""},"categories":[8,1,14],"tags":[],"class_list":["post-20668","post","type-post","status-publish","format-standard","has-post-thumbnail","hentry","category-agro","category-news","category-politica-agro"],"_links":{"self":[{"href":"https:\/\/agromt.news\/index.php?rest_route=\/wp\/v2\/posts\/20668"}],"collection":[{"href":"https:\/\/agromt.news\/index.php?rest_route=\/wp\/v2\/posts"}],"about":[{"href":"https:\/\/agromt.news\/index.php?rest_route=\/wp\/v2\/types\/post"}],"author":[{"embeddable":true,"href":"https:\/\/agromt.news\/index.php?rest_route=\/wp\/v2\/users\/1"}],"replies":[{"embeddable":true,"href":"https:\/\/agromt.news\/index.php?rest_route=%2Fwp%2Fv2%2Fcomments&post=20668"}],"version-history":[{"count":0,"href":"https:\/\/agromt.news\/index.php?rest_route=\/wp\/v2\/posts\/20668\/revisions"}],"wp:featuredmedia":[{"embeddable":true,"href":"https:\/\/agromt.news\/index.php?rest_route=\/wp\/v2\/media\/2371"}],"wp:attachment":[{"href":"https:\/\/agromt.news\/index.php?rest_route=%2Fwp%2Fv2%2Fmedia&parent=20668"}],"wp:term":[{"taxonomy":"category","embeddable":true,"href":"https:\/\/agromt.news\/index.php?rest_route=%2Fwp%2Fv2%2Fcategories&post=20668"},{"taxonomy":"post_tag","embeddable":true,"href":"https:\/\/agromt.news\/index.php?rest_route=%2Fwp%2Fv2%2Ftags&post=20668"}],"curies":[{"name":"wp","href":"https:\/\/api.w.org\/{rel}","templated":true}]}}